{"id":195833,"date":"2024-12-03T05:32:00","date_gmt":"2024-12-03T09:32:00","guid":{"rendered":"https:\/\/mspontocom.com.br\/site\/?p=195833"},"modified":"2024-12-03T05:32:00","modified_gmt":"2024-12-03T09:32:00","slug":"mpf-quer-investigar-gastos-do-governo-lula-com-publicidade","status":"publish","type":"post","link":"https:\/\/mspontocom.com.br\/site\/mpf-quer-investigar-gastos-do-governo-lula-com-publicidade\/","title":{"rendered":"MPF quer investigar gastos do governo Lula com publicidade"},"content":{"rendered":"<div id=\"hd80s9wa1h892edh8192\">\n<p style=\"text-align: justify;\"><img loading=\"lazy\" class=\"alignnone size-full wp-image-195846\" src=\"https:\/\/mspontocom.com.br\/site\/wp-content\/uploads\/2024\/12\/site-mpf-quer-investigar-gastos-do-governo-lula-com-publicidade-lulaglobo.webp\" alt=\"\" width=\"1200\" height=\"900\" srcset=\"https:\/\/mspontocom.com.br\/site\/wp-content\/uploads\/2024\/12\/site-mpf-quer-investigar-gastos-do-governo-lula-com-publicidade-lulaglobo.webp 1200w, https:\/\/mspontocom.com.br\/site\/wp-content\/uploads\/2024\/12\/site-mpf-quer-investigar-gastos-do-governo-lula-com-publicidade-lulaglobo-260x195.webp 260w, https:\/\/mspontocom.com.br\/site\/wp-content\/uploads\/2024\/12\/site-mpf-quer-investigar-gastos-do-governo-lula-com-publicidade-lulaglobo-1024x768.webp 1024w, https:\/\/mspontocom.com.br\/site\/wp-content\/uploads\/2024\/12\/site-mpf-quer-investigar-gastos-do-governo-lula-com-publicidade-lulaglobo-768x576.webp 768w\" sizes=\"(max-width: 1200px) 100vw, 1200px\" \/>Com o objetivo de investigar os gastos do governo Lula, o <strong>Minist\u00e9rio P\u00fablico Federal<\/strong> (MPF) pediu ao Tribunal de Contas da Uni\u00e3o (<strong><a href=\"https:\/\/portal.tcu.gov.br\/inicio\" target=\"_blank\" rel=\"noreferrer noopener\">TCU<\/a><\/strong>) que revise o valor de R$ 40 milh\u00f5es que o Executivo pretende gastar com uma campanha publicit\u00e1ria.<\/p>\n<p style=\"text-align: justify;\"><strong><span style=\"font-size: 18pt;\">CORTE DE GASTOS COM MAIS GASTOS&#8230;<\/span><\/strong><\/p>\n<p style=\"text-align: justify;\">Batizada de \u201cBrasil mais forte, governo eficiente, pa\u00eds justo\u201d, a campanha foi criada para divulgar o corte de gastos e a isen\u00e7\u00e3o do Imposto de Renda.<\/p>\n<h2 class=\"wp-block-heading\" style=\"text-align: justify;\">MPF solicita avalia\u00e7\u00e3o dos gastos com publicidade<\/h2>\n<p style=\"text-align: justify;\">Assinado pelo subprocurador-geral do MPF Lucas Furtado, o documento solicita que o TCU atue para \u201cavaliar o gasto de recursos p\u00fablicos com a campanha\u201d.<\/p>\n<p style=\"text-align: justify;\">Al\u00e9m disso, requer que o TCU vete a despesa, caso se \u201cconfirme desperd\u00edcios e custos desnecess\u00e1rios\u201d com publicidade.<\/p>\n<p style=\"text-align: justify;\">Ao TCU, Furtado afirma que tem ressalvas em rela\u00e7\u00e3o \u00e0 campanha produzida.<\/p>\n<p style=\"text-align: justify;\">Em sua avalia\u00e7\u00e3o, h\u00e1 um <strong>\u201cparadoxo em rela\u00e7\u00e3o ao tamanho do montante de recursos p\u00fablicos usados no programa de governo que, em tese, deveria buscar o corte de gastos\u201d.<\/strong><\/p>\n<p style=\"text-align: justify;\"><em><span style=\"font-size: 14pt;\">\u201cSe o objetivo primordial do governo \u00e9 cortar gastos, faz sentido aumentar gastos divulgando pacote de medidas que visam a reduzir gastos?&#8221;,<\/span><\/em> perguntou\u00a0 Furtado.<\/p>\n<p style=\"text-align: justify;\">\n<\/div>\n<p style=\"text-align: justify;\"><span style=\"color: #ff0000;\"><em><strong>Continue ao nosso lado. Veja mais not\u00edcias em<\/strong><\/em><\/span>: <a href=\"http:\/\/www.mspontocom.com.br\">www.mspontocom.com.br<\/a><\/p>\n<p style=\"text-align: justify;\">Instagram \u00a0e X:\u00a0 @mspontocom<\/p>\n","protected":false},"excerpt":{"rendered":"<p>Com o objetivo de investigar os gastos do governo Lula, o Minist\u00e9rio P\u00fablico Federal (MPF) pediu ao Tribunal de Contas da Uni\u00e3o (TCU) que revise o valor de R$ 40 milh\u00f5es que o Executivo pretende gastar com uma campanha publicit\u00e1ria. CORTE DE GASTOS COM MAIS GASTOS&#8230; Batizada de \u201cBrasil mais forte, governo eficiente, pa\u00eds justo\u201d, [&hellip;]<\/p>\n","protected":false},"author":2,"featured_media":195846,"comment_status":"open","ping_status":"open","sticky":false,"template":"","format":"standard","meta":{"_monsterinsights_skip_tracking":false,"_monsterinsights_sitenote_active":false,"_monsterinsights_sitenote_note":"","_monsterinsights_sitenote_category":0},"categories":[6,30260,15,2528,30259,12],"tags":[2807,78,24923,480,5222,296],"aioseo_notices":[],"_links":{"self":[{"href":"https:\/\/mspontocom.com.br\/site\/wp-json\/wp\/v2\/posts\/195833"}],"collection":[{"href":"https:\/\/mspontocom.com.br\/site\/wp-json\/wp\/v2\/posts"}],"about":[{"href":"https:\/\/mspontocom.com.br\/site\/wp-json\/wp\/v2\/types\/post"}],"author":[{"embeddable":true,"href":"https:\/\/mspontocom.com.br\/site\/wp-json\/wp\/v2\/users\/2"}],"replies":[{"embeddable":true,"href":"https:\/\/mspontocom.com.br\/site\/wp-json\/wp\/v2\/comments?post=195833"}],"version-history":[{"count":2,"href":"https:\/\/mspontocom.com.br\/site\/wp-json\/wp\/v2\/posts\/195833\/revisions"}],"predecessor-version":[{"id":195847,"href":"https:\/\/mspontocom.com.br\/site\/wp-json\/wp\/v2\/posts\/195833\/revisions\/195847"}],"wp:featuredmedia":[{"embeddable":true,"href":"https:\/\/mspontocom.com.br\/site\/wp-json\/wp\/v2\/media\/195846"}],"wp:attachment":[{"href":"https:\/\/mspontocom.com.br\/site\/wp-json\/wp\/v2\/media?parent=195833"}],"wp:term":[{"taxonomy":"category","embeddable":true,"href":"https:\/\/mspontocom.com.br\/site\/wp-json\/wp\/v2\/categories?post=195833"},{"taxonomy":"post_tag","embeddable":true,"href":"https:\/\/mspontocom.com.br\/site\/wp-json\/wp\/v2\/tags?post=195833"}],"curies":[{"name":"wp","href":"https:\/\/api.w.org\/{rel}","templated":true}]}}