{"id":195835,"date":"2024-12-03T05:22:38","date_gmt":"2024-12-03T09:22:38","guid":{"rendered":"https:\/\/mspontocom.com.br\/site\/?p=195835"},"modified":"2024-12-03T05:22:38","modified_gmt":"2024-12-03T09:22:38","slug":"empresario-que-diz-que-o-brasil-esta-ferrado-doou-r-1-milhao-ao-pt","status":"publish","type":"post","link":"https:\/\/mspontocom.com.br\/site\/empresario-que-diz-que-o-brasil-esta-ferrado-doou-r-1-milhao-ao-pt\/","title":{"rendered":"Empres\u00e1rio que diz que o Brasil est\u00e1 \u2018ferrado\u2019 doou R$ 1 milh\u00e3o ao PT"},"content":{"rendered":"<p style=\"text-align: justify;\"><img loading=\"lazy\" class=\"alignnone size-full wp-image-195844\" src=\"https:\/\/mspontocom.com.br\/site\/wp-content\/uploads\/2024\/12\/site-empresario-que-diz-que-o-brasil-esta-ferrado-doou-r-1-mi-ao-pt-fazo-l.jpg\" alt=\"\" width=\"720\" height=\"659\" srcset=\"https:\/\/mspontocom.com.br\/site\/wp-content\/uploads\/2024\/12\/site-empresario-que-diz-que-o-brasil-esta-ferrado-doou-r-1-mi-ao-pt-fazo-l.jpg 720w, https:\/\/mspontocom.com.br\/site\/wp-content\/uploads\/2024\/12\/site-empresario-que-diz-que-o-brasil-esta-ferrado-doou-r-1-mi-ao-pt-fazo-l-260x238.jpg 260w\" sizes=\"(max-width: 720px) 100vw, 720px\" \/>Na \u00faltima semana, o empres\u00e1rio <strong>Rubens Ometto<\/strong>, presidente do Grupo Cosan, viralizou ao externar o que pensa a respeito do momento do pa\u00eds.<\/p>\n<p style=\"text-align: justify;\">Ao participar de um evento, o executivo se dirigiu ao economista Gabriel Gal\u00edpolo, indicado por <strong>Lula<\/strong> para comandar o Banco Central a partir do ano que vem, e disse, sem fazer rodeios: <strong>\u201cEstamos ferrados\u201d<\/strong>.<\/p>\n<p style=\"text-align: justify;\">Ometto, no entanto, contribuiu financeiramente com candidatos do <strong>PT<\/strong> nas \u00faltimas elei\u00e7\u00f5es.<\/p>\n<p style=\"text-align: justify;\"><strong>Somente no pleito deste ano, ele destinou R$ 1,1 milh\u00e3o para petistas.<\/strong><\/p>\n<p style=\"text-align: justify;\">Conforme registros do Tribunal Superior Eleitoral compilados por\u00a0<strong>Oeste<\/strong>, o empres\u00e1rio contribuiu com candidaturas de 21 pol\u00edticos filiados ao PT.<\/p>\n<p style=\"text-align: justify;\"><span style=\"color: #ff0000;\"><em><strong>Continue ao nosso lado. Veja mais not\u00edcias em<\/strong><\/em><\/span>: <a href=\"http:\/\/www.mspontocom.com.br\">www.mspontocom.com.br<\/a><\/p>\n<p style=\"text-align: justify;\">Instagram \u00a0e X:\u00a0 @mspontocom<\/p>\n","protected":false},"excerpt":{"rendered":"<p>Na \u00faltima semana, o empres\u00e1rio Rubens Ometto, presidente do Grupo Cosan, viralizou ao externar o que pensa a respeito do momento do pa\u00eds. Ao participar de um evento, o executivo se dirigiu ao economista Gabriel Gal\u00edpolo, indicado por Lula para comandar o Banco Central a partir do ano que vem, e disse, sem fazer rodeios: [&hellip;]<\/p>\n","protected":false},"author":2,"featured_media":195844,"comment_status":"open","ping_status":"open","sticky":false,"template":"","format":"standard","meta":{"_monsterinsights_skip_tracking":false,"_monsterinsights_sitenote_active":false,"_monsterinsights_sitenote_note":"","_monsterinsights_sitenote_category":0},"categories":[6,30260,30259,12],"tags":[30254,42286,2922,42285,39727,533,28305],"aioseo_notices":[],"_links":{"self":[{"href":"https:\/\/mspontocom.com.br\/site\/wp-json\/wp\/v2\/posts\/195835"}],"collection":[{"href":"https:\/\/mspontocom.com.br\/site\/wp-json\/wp\/v2\/posts"}],"about":[{"href":"https:\/\/mspontocom.com.br\/site\/wp-json\/wp\/v2\/types\/post"}],"author":[{"embeddable":true,"href":"https:\/\/mspontocom.com.br\/site\/wp-json\/wp\/v2\/users\/2"}],"replies":[{"embeddable":true,"href":"https:\/\/mspontocom.com.br\/site\/wp-json\/wp\/v2\/comments?post=195835"}],"version-history":[{"count":2,"href":"https:\/\/mspontocom.com.br\/site\/wp-json\/wp\/v2\/posts\/195835\/revisions"}],"predecessor-version":[{"id":195845,"href":"https:\/\/mspontocom.com.br\/site\/wp-json\/wp\/v2\/posts\/195835\/revisions\/195845"}],"wp:featuredmedia":[{"embeddable":true,"href":"https:\/\/mspontocom.com.br\/site\/wp-json\/wp\/v2\/media\/195844"}],"wp:attachment":[{"href":"https:\/\/mspontocom.com.br\/site\/wp-json\/wp\/v2\/media?parent=195835"}],"wp:term":[{"taxonomy":"category","embeddable":true,"href":"https:\/\/mspontocom.com.br\/site\/wp-json\/wp\/v2\/categories?post=195835"},{"taxonomy":"post_tag","embeddable":true,"href":"https:\/\/mspontocom.com.br\/site\/wp-json\/wp\/v2\/tags?post=195835"}],"curies":[{"name":"wp","href":"https:\/\/api.w.org\/{rel}","templated":true}]}}