{"id":195837,"date":"2024-12-03T05:15:23","date_gmt":"2024-12-03T09:15:23","guid":{"rendered":"https:\/\/mspontocom.com.br\/site\/?p=195837"},"modified":"2024-12-03T06:26:36","modified_gmt":"2024-12-03T10:26:36","slug":"como-um-ditador-pf-diz-que-general-era-informante-de-moraes","status":"publish","type":"post","link":"https:\/\/mspontocom.com.br\/site\/como-um-ditador-pf-diz-que-general-era-informante-de-moraes\/","title":{"rendered":"Como um Ditador: PF diz que general era informante de Moraes"},"content":{"rendered":"<div id=\"hd80s9wa1h892edh8192\">\n<p style=\"text-align: justify;\"><img loading=\"lazy\" class=\"alignnone size-full wp-image-195842\" src=\"https:\/\/mspontocom.com.br\/site\/wp-content\/uploads\/2024\/12\/site-como-um-ditador-pf-diz-que-general-era-informante-de-moraes-alexandre-moraes-660x372-1.jpeg\" alt=\"\" width=\"660\" height=\"372\" srcset=\"https:\/\/mspontocom.com.br\/site\/wp-content\/uploads\/2024\/12\/site-como-um-ditador-pf-diz-que-general-era-informante-de-moraes-alexandre-moraes-660x372-1.jpeg 660w, https:\/\/mspontocom.com.br\/site\/wp-content\/uploads\/2024\/12\/site-como-um-ditador-pf-diz-que-general-era-informante-de-moraes-alexandre-moraes-660x372-1-260x147.jpeg 260w\" sizes=\"(max-width: 660px) 100vw, 660px\" \/>A Pol\u00edcia Federal (PF) afirma ter descoberto um di\u00e1logo entre militares que apoiavam o governo do ent\u00e3o presidente\u00a0<strong>Jair Bolsonaro (PL)<\/strong>.<\/p>\n<p style=\"text-align: justify;\">O conte\u00fado sugere que o ex-comandante militar do Sul, general Val\u00e9rio Stumpf Trindade, atuou como<strong> informante<\/strong> do ministro do STF <strong>Alexandre de Moraes<\/strong>.<\/p>\n<p style=\"text-align: justify;\">O governo Lula sondou Stumpf para assumir o comando do Ex\u00e9rcito.<\/p>\n<h2 class=\"wp-block-heading\" style=\"text-align: justify;\"><strong>General tinha apelido de \u2018leva e traz\u2019<\/strong><\/h2>\n<p style=\"text-align: justify;\">Em abril de 2023, pouco mais de tr\u00eas meses depois da posse de Lula, Stumpf se despediu do servi\u00e7o ativo.<\/p>\n<p style=\"text-align: justify;\">As informa\u00e7\u00f5es da PF sobre o\u00a0 informante, contudo, n\u00e3o s\u00e3o novidade.<\/p>\n<p style=\"text-align: justify;\">Parte do teor j\u00e1 circulava nas redes sociais no final de 2023.<\/p>\n<p style=\"text-align: justify;\">Conforme as mensagens que a PF capturou, Stumpf recebia o apelido de <strong>\u201cleva e traz\u201d<\/strong> de Moraes, que tamb\u00e9m recebeu um codinome: <strong>\u201cOvo\u201d.<\/strong><\/p>\n<p style=\"text-align: justify;\"><a href=\"https:\/\/revistaoeste.com\/politica\/pf-sugere-general-gaucho-como-informante-de-alexandre-de-moraes\/\">Via Revista Oeste<\/a><\/p>\n<p style=\"text-align: justify;\"><span style=\"color: #ff0000;\"><em><strong>Continue ao nosso lado. Veja mais not\u00edcias em<\/strong><\/em><\/span>: <a href=\"http:\/\/www.mspontocom.com.br\">www.mspontocom.com.br<\/a><\/p>\n<p style=\"text-align: justify;\">Instagram \u00a0e X:\u00a0 @mspontocom<\/p>\n<\/div>\n","protected":false},"excerpt":{"rendered":"<p>A Pol\u00edcia Federal (PF) afirma ter descoberto um di\u00e1logo entre militares que apoiavam o governo do ent\u00e3o presidente\u00a0Jair Bolsonaro (PL). O conte\u00fado sugere que o ex-comandante militar do Sul, general Val\u00e9rio Stumpf Trindade, atuou como informante do ministro do STF Alexandre de Moraes. O governo Lula sondou Stumpf para assumir o comando do Ex\u00e9rcito. General [&hellip;]<\/p>\n","protected":false},"author":2,"featured_media":195842,"comment_status":"open","ping_status":"open","sticky":false,"template":"","format":"standard","meta":{"_monsterinsights_skip_tracking":false,"_monsterinsights_sitenote_active":false,"_monsterinsights_sitenote_note":"","_monsterinsights_sitenote_category":0},"categories":[6,30260,30259,12],"tags":[37170,2862,42284,35247,4100],"aioseo_notices":[],"_links":{"self":[{"href":"https:\/\/mspontocom.com.br\/site\/wp-json\/wp\/v2\/posts\/195837"}],"collection":[{"href":"https:\/\/mspontocom.com.br\/site\/wp-json\/wp\/v2\/posts"}],"about":[{"href":"https:\/\/mspontocom.com.br\/site\/wp-json\/wp\/v2\/types\/post"}],"author":[{"embeddable":true,"href":"https:\/\/mspontocom.com.br\/site\/wp-json\/wp\/v2\/users\/2"}],"replies":[{"embeddable":true,"href":"https:\/\/mspontocom.com.br\/site\/wp-json\/wp\/v2\/comments?post=195837"}],"version-history":[{"count":2,"href":"https:\/\/mspontocom.com.br\/site\/wp-json\/wp\/v2\/posts\/195837\/revisions"}],"predecessor-version":[{"id":195843,"href":"https:\/\/mspontocom.com.br\/site\/wp-json\/wp\/v2\/posts\/195837\/revisions\/195843"}],"wp:featuredmedia":[{"embeddable":true,"href":"https:\/\/mspontocom.com.br\/site\/wp-json\/wp\/v2\/media\/195842"}],"wp:attachment":[{"href":"https:\/\/mspontocom.com.br\/site\/wp-json\/wp\/v2\/media?parent=195837"}],"wp:term":[{"taxonomy":"category","embeddable":true,"href":"https:\/\/mspontocom.com.br\/site\/wp-json\/wp\/v2\/categories?post=195837"},{"taxonomy":"post_tag","embeddable":true,"href":"https:\/\/mspontocom.com.br\/site\/wp-json\/wp\/v2\/tags?post=195837"}],"curies":[{"name":"wp","href":"https:\/\/api.w.org\/{rel}","templated":true}]}}