{"id":195863,"date":"2024-12-04T06:13:19","date_gmt":"2024-12-04T10:13:19","guid":{"rendered":"https:\/\/mspontocom.com.br\/site\/?p=195863"},"modified":"2024-12-04T06:13:19","modified_gmt":"2024-12-04T10:13:19","slug":"sob-lula-correios-tem-o-maior-prejuizo-da-historia-da-estatal","status":"publish","type":"post","link":"https:\/\/mspontocom.com.br\/site\/sob-lula-correios-tem-o-maior-prejuizo-da-historia-da-estatal\/","title":{"rendered":"Sob Lula, Correios t\u00eam o maior preju\u00edzo da hist\u00f3ria da estatal"},"content":{"rendered":"<p style=\"text-align: justify;\"><img loading=\"lazy\" class=\"alignnone size-full wp-image-195886\" src=\"https:\/\/mspontocom.com.br\/site\/wp-content\/uploads\/2024\/12\/site-sob-lula-correios-tem-o-maior-prejuizo-da-historia-da-estatal-correios.jpg\" alt=\"\" width=\"1024\" height=\"577\" srcset=\"https:\/\/mspontocom.com.br\/site\/wp-content\/uploads\/2024\/12\/site-sob-lula-correios-tem-o-maior-prejuizo-da-historia-da-estatal-correios.jpg 1024w, https:\/\/mspontocom.com.br\/site\/wp-content\/uploads\/2024\/12\/site-sob-lula-correios-tem-o-maior-prejuizo-da-historia-da-estatal-correios-260x147.jpg 260w, https:\/\/mspontocom.com.br\/site\/wp-content\/uploads\/2024\/12\/site-sob-lula-correios-tem-o-maior-prejuizo-da-historia-da-estatal-correios-768x433.jpg 768w\" sizes=\"(max-width: 1024px) 100vw, 1024px\" \/>A atual gest\u00e3o dos Correios no governo do presidente Lula teve, de janeiro a setembro, o <strong>maior preju\u00edzo da hist\u00f3ria da estatal no per\u00edodo.<\/strong><\/p>\n<p style=\"text-align: justify;\">Foram R$ 2 bilh\u00f5es.<\/p>\n<p style=\"text-align: justify;\">Se continuar nesse ritmo, deve superar o deficit de 2015, de R$ 2,1 bilh\u00f5es, registrados quando Dilma Rousseff (PT) era a titular do Pal\u00e1cio do Planalto.<\/p>\n<p style=\"text-align: justify;\">O presidente dos Correios \u00e9 o advogado Fabiano Silva dos Santos, 47 anos, indicado ao cargo pelo Prerrogativas, <strong>grupo de advogados simp\u00e1ticos ao presidente Lula<\/strong> que atuou e segue atuando fortemente contra as acusa\u00e7\u00f5es de processos da <strong>Lava Jato.<\/strong><\/p>\n<p style=\"text-align: justify;\">Por causa da deteriora\u00e7\u00e3o das contas, os Correios decretaram em outubro um teto de gastos para o ano, de R$ 21,96 bilh\u00f5es. A defini\u00e7\u00e3o foi informada aos gestores em 11 de outubro.<\/p>\n<p style=\"text-align: justify;\">O documento foi colocado sob sigilo.<\/p>\n<p style=\"text-align: justify;\"><span style=\"font-size: 14pt;\"><strong>Correios culpam Bolsonaro<\/strong><\/span><\/p>\n<p style=\"text-align: justify;\">Apesar de os Correios atribu\u00edrem o preju\u00edzo atual \u00e0 gest\u00e3o da estatal durante o governo Bolsonaro, a empresa teve lucro em 3 dos 4 anos no governo anterior.<\/p>\n<p>&nbsp;<\/p>\n<p>Fonte: Guilherme Waltenberg, Poder 360<\/p>\n<p><span style=\"color: #ff0000;\"><em><strong>Continue ao nosso lado. Veja mais not\u00edcias em<\/strong><\/em><\/span>: <a href=\"http:\/\/www.mspontocom.com.br\">www.mspontocom.com.br<\/a><\/p>\n<p>Instagram \u00a0e X:\u00a0 @mspontocom<\/p>\n","protected":false},"excerpt":{"rendered":"<p>A atual gest\u00e3o dos Correios no governo do presidente Lula teve, de janeiro a setembro, o maior preju\u00edzo da hist\u00f3ria da estatal no per\u00edodo. Foram R$ 2 bilh\u00f5es. Se continuar nesse ritmo, deve superar o deficit de 2015, de R$ 2,1 bilh\u00f5es, registrados quando Dilma Rousseff (PT) era a titular do Pal\u00e1cio do Planalto. O [&hellip;]<\/p>\n","protected":false},"author":2,"featured_media":195886,"comment_status":"open","ping_status":"open","sticky":false,"template":"","format":"standard","meta":{"_monsterinsights_skip_tracking":false,"_monsterinsights_sitenote_active":false,"_monsterinsights_sitenote_note":"","_monsterinsights_sitenote_category":0},"categories":[6,30260,15,30259,12],"tags":[213,32858,22063,480,42290],"aioseo_notices":[],"_links":{"self":[{"href":"https:\/\/mspontocom.com.br\/site\/wp-json\/wp\/v2\/posts\/195863"}],"collection":[{"href":"https:\/\/mspontocom.com.br\/site\/wp-json\/wp\/v2\/posts"}],"about":[{"href":"https:\/\/mspontocom.com.br\/site\/wp-json\/wp\/v2\/types\/post"}],"author":[{"embeddable":true,"href":"https:\/\/mspontocom.com.br\/site\/wp-json\/wp\/v2\/users\/2"}],"replies":[{"embeddable":true,"href":"https:\/\/mspontocom.com.br\/site\/wp-json\/wp\/v2\/comments?post=195863"}],"version-history":[{"count":2,"href":"https:\/\/mspontocom.com.br\/site\/wp-json\/wp\/v2\/posts\/195863\/revisions"}],"predecessor-version":[{"id":195887,"href":"https:\/\/mspontocom.com.br\/site\/wp-json\/wp\/v2\/posts\/195863\/revisions\/195887"}],"wp:featuredmedia":[{"embeddable":true,"href":"https:\/\/mspontocom.com.br\/site\/wp-json\/wp\/v2\/media\/195886"}],"wp:attachment":[{"href":"https:\/\/mspontocom.com.br\/site\/wp-json\/wp\/v2\/media?parent=195863"}],"wp:term":[{"taxonomy":"category","embeddable":true,"href":"https:\/\/mspontocom.com.br\/site\/wp-json\/wp\/v2\/categories?post=195863"},{"taxonomy":"post_tag","embeddable":true,"href":"https:\/\/mspontocom.com.br\/site\/wp-json\/wp\/v2\/tags?post=195863"}],"curies":[{"name":"wp","href":"https:\/\/api.w.org\/{rel}","templated":true}]}}