{"id":195871,"date":"2024-12-04T06:00:33","date_gmt":"2024-12-04T10:00:33","guid":{"rendered":"https:\/\/mspontocom.com.br\/site\/?p=195871"},"modified":"2024-12-04T06:00:33","modified_gmt":"2024-12-04T10:00:33","slug":"lula-propoe-ao-stf-regras-mais-duras-para-controle-das-redes-sociais","status":"publish","type":"post","link":"https:\/\/mspontocom.com.br\/site\/lula-propoe-ao-stf-regras-mais-duras-para-controle-das-redes-sociais\/","title":{"rendered":"Lula prop\u00f5e ao STF regras mais duras para controle das redes sociais"},"content":{"rendered":"<div id=\"paywall-google\" class=\"article-body paywall-google col-8\">\n<div class=\"wrapper\">\n<p style=\"text-align: justify;\" tabindex=\"0\"><img loading=\"lazy\" class=\"alignnone size-full wp-image-195884\" src=\"https:\/\/mspontocom.com.br\/site\/wp-content\/uploads\/2024\/12\/site-lula-propoe-ao-stf-regras-mais-duras-para-controle-as-redes-sociais-censura1.jpg\" alt=\"\" width=\"1300\" height=\"867\" srcset=\"https:\/\/mspontocom.com.br\/site\/wp-content\/uploads\/2024\/12\/site-lula-propoe-ao-stf-regras-mais-duras-para-controle-as-redes-sociais-censura1.jpg 1300w, https:\/\/mspontocom.com.br\/site\/wp-content\/uploads\/2024\/12\/site-lula-propoe-ao-stf-regras-mais-duras-para-controle-as-redes-sociais-censura1-260x173.jpg 260w, https:\/\/mspontocom.com.br\/site\/wp-content\/uploads\/2024\/12\/site-lula-propoe-ao-stf-regras-mais-duras-para-controle-as-redes-sociais-censura1-1024x683.jpg 1024w, https:\/\/mspontocom.com.br\/site\/wp-content\/uploads\/2024\/12\/site-lula-propoe-ao-stf-regras-mais-duras-para-controle-as-redes-sociais-censura1-768x512.jpg 768w\" sizes=\"(max-width: 1300px) 100vw, 1300px\" \/>O governo <strong>Lula<\/strong> encaminhou ao STF <a href=\"https:\/\/www.gazetadopovo.com.br\/vida-e-cidadania\/governo-pressiona-stf-a-mudar-marco-civil-da-internet-e-big-techs-temem-retrocessos-na-liberdade-de-expressao\/?ref=link-interno-materia\">uma proposta mais abrangente e r\u00edgida de modera\u00e7\u00e3o de conte\u00fado nas redes sociais<\/a>, dentro do processo em julgamento na Corte sobre o Marco Civil da Internet.<\/p>\n<p style=\"text-align: justify;\" tabindex=\"0\">As sugest\u00f5es do \u00f3rg\u00e3o para o tribunal se assemelham a itens do Projeto de Lei que ficou conhecido como<strong> PL da Censura &#8211;<\/strong> que buscava ampliar a regulamenta\u00e7\u00e3o das plataformas digitais.<\/p>\n<p style=\"text-align: justify;\" tabindex=\"0\">O governo pediu para participar do processo, por meio da Advocacia-Geral da Uni\u00e3o (AGU), na condi\u00e7\u00e3o de <strong>(\u201camigo da Corte\u201d)<\/strong>, nome que se d\u00e1 a entidades ou institui\u00e7\u00f5es afetadas ou interessadas no tema.<\/p>\n<p style=\"text-align: justify;\" tabindex=\"0\">Na \u00faltima quinta-feira (28), em sustenta\u00e7\u00e3o oral, o advogado-geral da Uni\u00e3o, Jorge Messias, defendeu no plen\u00e1rio a inconstitucionalidade do artigo 19 do Marco Civil da Internet.<\/p>\n<h2 style=\"text-align: justify;\" tabindex=\"0\">A nova proposta do governo para o STF regulamentar as redes sociais<\/h2>\n<p style=\"text-align: justify;\" tabindex=\"0\">No \u00faltimo dia 26, v\u00e9spera do in\u00edcio do julgamento, a AGU enviou um memorial ao STF, sintetizando sua vis\u00e3o sobre a quest\u00e3o e apresentando uma <strong>nova proposta de modera\u00e7\u00e3o de conte\u00fado pelas redes sociais, mais ampla e minuciosa.<\/strong><\/p>\n<p style=\"text-align: justify;\" tabindex=\"0\">O governo quer que o STF obrigue as redes a divulgar relat\u00f3rios de transpar\u00eancia peri\u00f3dicos sobre a modera\u00e7\u00e3o de conte\u00fado, \u201ccom informa\u00e7\u00f5es quantitativas e agregadas por opera\u00e7\u00e3o, em formato aberto\u201d.<\/p>\n<p style=\"text-align: justify;\" tabindex=\"0\">fonte: Gazeta do Povo<\/p>\n<div class=\"c-embed-html\">\n<div data-infog-scope=\"codigo\" data-infog-id=\"5560\" data-sheet_id=\"1pkg9v0Wn6ZmN_8VrceFy2ngqtzKVFnAJCEDpzSCHLfc\" data-slug_quiz=\"\" data-slug_question=\"\" data-infog-status=\"built\">\n<div class=\"infografico\">\n<div class=\"quizV2Container loading\">\n<div class=\"content\">\n<div class=\"description-container\" style=\"text-align: justify;\">\n<p><span style=\"color: #ff0000;\"><em><strong>Continue ao nosso lado. Veja mais not\u00edcias em<\/strong><\/em><\/span>: <a href=\"http:\/\/www.mspontocom.com.br\">www.mspontocom.com.br<\/a><\/p>\n<p>Instagram \u00a0e X:\u00a0 @mspontocom<\/p>\n<\/div>\n<div class=\"loading-container\">\n<div class=\"loading-content\" style=\"text-align: justify;\"><\/div>\n<\/div>\n<\/div>\n<\/div>\n<\/div>\n<\/div>\n<\/div>\n<\/div>\n<\/div>\n<div class=\"wrapper\">\n<div class=\"wgt-article-box box-home-headlines wgt-headline\" data-event-notes=\"principais-manchetes\" data-tracker-view=\"true\" data-mrf-recirculation=\"Post - Principais Manchetes\">\n<div class=\"box-title\" title=\"Principais Manchetes\"><\/div>\n<\/div>\n<\/div>\n","protected":false},"excerpt":{"rendered":"<p>O governo Lula encaminhou ao STF uma proposta mais abrangente e r\u00edgida de modera\u00e7\u00e3o de conte\u00fado nas redes sociais, dentro do processo em julgamento na Corte sobre o Marco Civil da Internet. As sugest\u00f5es do \u00f3rg\u00e3o para o tribunal se assemelham a itens do Projeto de Lei que ficou conhecido como PL da Censura &#8211; [&hellip;]<\/p>\n","protected":false},"author":2,"featured_media":195884,"comment_status":"open","ping_status":"open","sticky":false,"template":"","format":"standard","meta":{"_monsterinsights_skip_tracking":false,"_monsterinsights_sitenote_active":false,"_monsterinsights_sitenote_note":"","_monsterinsights_sitenote_category":0},"categories":[6,30260,30259,12],"tags":[25824,78,480,2443,4162,3014],"aioseo_notices":[],"_links":{"self":[{"href":"https:\/\/mspontocom.com.br\/site\/wp-json\/wp\/v2\/posts\/195871"}],"collection":[{"href":"https:\/\/mspontocom.com.br\/site\/wp-json\/wp\/v2\/posts"}],"about":[{"href":"https:\/\/mspontocom.com.br\/site\/wp-json\/wp\/v2\/types\/post"}],"author":[{"embeddable":true,"href":"https:\/\/mspontocom.com.br\/site\/wp-json\/wp\/v2\/users\/2"}],"replies":[{"embeddable":true,"href":"https:\/\/mspontocom.com.br\/site\/wp-json\/wp\/v2\/comments?post=195871"}],"version-history":[{"count":2,"href":"https:\/\/mspontocom.com.br\/site\/wp-json\/wp\/v2\/posts\/195871\/revisions"}],"predecessor-version":[{"id":195885,"href":"https:\/\/mspontocom.com.br\/site\/wp-json\/wp\/v2\/posts\/195871\/revisions\/195885"}],"wp:featuredmedia":[{"embeddable":true,"href":"https:\/\/mspontocom.com.br\/site\/wp-json\/wp\/v2\/media\/195884"}],"wp:attachment":[{"href":"https:\/\/mspontocom.com.br\/site\/wp-json\/wp\/v2\/media?parent=195871"}],"wp:term":[{"taxonomy":"category","embeddable":true,"href":"https:\/\/mspontocom.com.br\/site\/wp-json\/wp\/v2\/categories?post=195871"},{"taxonomy":"post_tag","embeddable":true,"href":"https:\/\/mspontocom.com.br\/site\/wp-json\/wp\/v2\/tags?post=195871"}],"curies":[{"name":"wp","href":"https:\/\/api.w.org\/{rel}","templated":true}]}}