{"id":195879,"date":"2024-12-04T04:00:13","date_gmt":"2024-12-04T08:00:13","guid":{"rendered":"https:\/\/mspontocom.com.br\/site\/?p=195879"},"modified":"2024-12-04T06:47:10","modified_gmt":"2024-12-04T10:47:10","slug":"ifms-abre-315-vagas-em-cursos-gratuitos-de-idiomas-a-distancia","status":"publish","type":"post","link":"https:\/\/mspontocom.com.br\/site\/ifms-abre-315-vagas-em-cursos-gratuitos-de-idiomas-a-distancia\/","title":{"rendered":"IFMS abre 315 vagas em cursos gratuitos de idiomas a dist\u00e2ncia"},"content":{"rendered":"<p dir=\"ltr\" style=\"text-align: justify;\"><img loading=\"lazy\" class=\"alignnone size-full wp-image-195892\" src=\"https:\/\/mspontocom.com.br\/site\/wp-content\/uploads\/2024\/12\/site-ifms-abre-315-vagas-em-cursos-de-idiomas-a-distancia-curso-ingles-espanhol-550x330-1.jpg\" alt=\"\" width=\"550\" height=\"330\" srcset=\"https:\/\/mspontocom.com.br\/site\/wp-content\/uploads\/2024\/12\/site-ifms-abre-315-vagas-em-cursos-de-idiomas-a-distancia-curso-ingles-espanhol-550x330-1.jpg 550w, https:\/\/mspontocom.com.br\/site\/wp-content\/uploads\/2024\/12\/site-ifms-abre-315-vagas-em-cursos-de-idiomas-a-distancia-curso-ingles-espanhol-550x330-1-260x156.jpg 260w\" sizes=\"(max-width: 550px) 100vw, 550px\" \/><\/p>\n<p dir=\"ltr\" style=\"text-align: justify;\">O Instituto Federal de Mato Grosso do Sul (IFMS) est\u00e1 com inscri\u00e7\u00f5es abertas para 315 vagas em <strong>cursos de idiomas a dist\u00e2ncia gratuitos<\/strong>, na modalidade Forma\u00e7\u00e3o Inicial e Continuada (FIC), com ingresso no primeiro semestre de 2025.<\/p>\n<p dir=\"ltr\" style=\"text-align: justify;\">H\u00e1 vagas para Espanhol I, Ingl\u00eas I, Ingl\u00eas II nos munic\u00edpios de Amambai, Ant\u00f4nio Jo\u00e3o,\u00a0 Costa Rica, Dourados, Nova Alvorada do Sul, Nova Andradina e Ribas do Rio Pardo.<\/p>\n<p dir=\"ltr\" style=\"text-align: justify;\">A sele\u00e7\u00e3o ser\u00e1 feita por sorteio. Para ingressar no curso de Ingl\u00eas II, \u00e9 preciso fazer uma prova de nivelamento on-line.<\/p>\n<p dir=\"ltr\" style=\"text-align: justify;\">O\u00a0<a title=\"Edital n\u00ba 073\/2024\" href=\"https:\/\/email.ifms.edu.br\/lists\/lt.php?tid=KxlUUARbAVZUUEsBUgJXTlBVBldOAQgKBxsBVAFWBgVVBAAFVFofUgBQVwIHAFBOBgZWU04NDAgEG1pWU1FPBFEDBlRRAQZTU1lXHwBWVQdcUQtQTlsBCFIbDFIAVk9TAgBTH1IAAgUBVlFXAlgBVQ\" target=\"_blank\" rel=\"noopener\" data-saferedirecturl=\"https:\/\/www.google.com\/url?q=https:\/\/email.ifms.edu.br\/lists\/lt.php?tid%3DKxlUUARbAVZUUEsBUgJXTlBVBldOAQgKBxsBVAFWBgVVBAAFVFofUgBQVwIHAFBOBgZWU04NDAgEG1pWU1FPBFEDBlRRAQZTU1lXHwBWVQdcUQtQTlsBCFIbDFIAVk9TAgBTH1IAAgUBVlFXAlgBVQ&amp;source=gmail&amp;ust=1733390048804000&amp;usg=AOvVaw0z7F7IMYPIzGW245JAKUHz\">Edital n\u00ba 073\/2024<\/a>, com as regras\u00a0do processo seletivo, est\u00e1 publicado na Central de Sele\u00e7\u00e3o do IFMS, onde \u00e9 poss\u00edvel consultar o quadro de vagas em cada polo, data dos encontros presenciais, hor\u00e1rios e endere\u00e7os.<\/p>\n<p dir=\"ltr\" style=\"text-align: justify;\"><strong>Inscri\u00e7\u00f5es<\/strong><\/p>\n<p dir=\"ltr\" style=\"text-align: justify;\">\u00a0S\u00e3o gratuitas e devem ser feitas na <a title=\"P\u00e1gina do Candidato\" href=\"https:\/\/email.ifms.edu.br\/lists\/lt.php?tid=KxkNBFQNVVQAAksAA1NcTlBcUQFOAA8OBBsMUlMDUFAAXAcEVg4fUgBQVwIHAFBOBgZWU04NDAgEG1pWU1FPBFEDBlRRAQZTU1lXHwBWVQdcUQtQTlsBCFIbDFIAVk9TAgBTH1IAAgUBVlFXAlgBVQ\" target=\"_blank\" rel=\"noopener\" data-saferedirecturl=\"https:\/\/www.google.com\/url?q=https:\/\/email.ifms.edu.br\/lists\/lt.php?tid%3DKxkNBFQNVVQAAksAA1NcTlBcUQFOAA8OBBsMUlMDUFAAXAcEVg4fUgBQVwIHAFBOBgZWU04NDAgEG1pWU1FPBFEDBlRRAQZTU1lXHwBWVQdcUQtQTlsBCFIbDFIAVk9TAgBTH1IAAgUBVlFXAlgBVQ&amp;source=gmail&amp;ust=1733390048804000&amp;usg=AOvVaw30BY2b9jVB5j9S3ApgkSA8\">P\u00e1gina do Candidato<\/a>\u00a0da Central de Sele\u00e7\u00e3o\u00a0<strong>at\u00e9 3 de janeiro<\/strong>.<\/p>\n<p dir=\"ltr\" style=\"text-align: justify;\">Na P\u00e1gina do Candidato, o interessado deve se cadastrar ou atualizar os dados, acessar a aba &#8216;Inscri\u00e7\u00f5es Abertas&#8217; e localizar o Edital n\u00ba 073\/2024.<\/p>\n<p dir=\"ltr\" style=\"text-align: justify;\">Ap\u00f3s clicar em &#8216;Efetuar Inscri\u00e7\u00e3o&#8217;, basta escolher o campus\/polo do curso, conferir as op\u00e7\u00f5es selecionadas e enviar a inscri\u00e7\u00e3o.<\/p>\n<p dir=\"ltr\" style=\"text-align: justify;\">O candidato receber\u00e1 a confirma\u00e7\u00e3o da inscri\u00e7\u00e3o no e-mail cadastrado.<\/p>\n<p dir=\"ltr\">\n<p dir=\"ltr\"><strong>Quadro de cursos e vagas<\/strong><\/p>\n<table border=\"1\">\n<tbody>\n<tr>\n<td><strong>Curso<\/strong><\/td>\n<td><strong>Munic\u00edpios<\/strong><\/td>\n<td><strong>Escolaridade<\/strong><\/td>\n<td><strong>Encontros Presenciais<\/strong><\/td>\n<td><strong>Turno<\/strong><\/td>\n<td><strong>Vagas<\/strong><\/td>\n<\/tr>\n<tr>\n<td>Ingl\u00eas B\u00e1sico I<\/td>\n<td>Ribas do Rio Pardo<\/td>\n<td>Estar cursando ou ter conclu\u00eddo o Ensino M\u00e9dio<\/td>\n<td>Segunda-feira<\/td>\n<td>Noturno<\/td>\n<td>10<\/td>\n<\/tr>\n<tr>\n<td>Ingl\u00eas\u00a0B\u00e1sico\u00a0\u00a0II<\/td>\n<td>Ribas do Rio Pardo<\/td>\n<td>Estar cursando ou ter conclu\u00eddo o Ensino M\u00e9dio, concluintes do Curso FIC Ingl\u00eas B\u00e1sico I ou que comprovem conhecimentos pr\u00e9vios da l\u00edngua Inglesa.<\/td>\n<td>Quinta-feira<\/td>\n<td>Noturno<\/td>\n<td>10<\/td>\n<\/tr>\n<tr>\n<td>Espanhol\u00a0B\u00e1sico\u00a0I<\/td>\n<td>Ribas do Rio Pardo<\/td>\n<td>Ensino Fundamental I &#8211; Completo<\/td>\n<td>Sexta-feira<\/td>\n<td>Noturno<\/td>\n<td>10<\/td>\n<\/tr>\n<tr>\n<td>Ingl\u00eas\u00a0B\u00e1sico\u00a0I<\/td>\n<td>Nova Alvorada do Sul<\/td>\n<td>Estar cursando ou ter conclu\u00eddo o Ensino M\u00e9dio<\/td>\n<td>Segunda-feira<\/td>\n<td>Noturno<\/td>\n<td>20<\/td>\n<\/tr>\n<tr>\n<td>Ingl\u00eas\u00a0B\u00e1sico\u00a0II<\/td>\n<td>Nova Alvorada do Sul<\/td>\n<td>Estar cursando ou ter conclu\u00eddo o Ensino M\u00e9dio, concluintes do Curso FIC Ingl\u00eas B\u00e1sico I ou que comprovem conhecimentos pr\u00e9vios da l\u00edngua Inglesa<\/td>\n<td>Quarta-feira<\/td>\n<td>Noturno<\/td>\n<td>15<\/td>\n<\/tr>\n<tr>\n<td>Espanhol\u00a0B\u00e1sico\u00a0l<\/td>\n<td>Nova Alvorada do Sul<\/td>\n<td>Ensino Fundamental I &#8211; Completo<\/td>\n<td>Segunda-feira<\/td>\n<td>Noturno<\/td>\n<td>20<\/td>\n<\/tr>\n<tr>\n<td>Ingl\u00eas\u00a0B\u00e1sico\u00a0I<\/td>\n<td>Dourados<\/td>\n<td>Estar cursando ou ter conclu\u00eddo o Ensino M\u00e9dio<\/td>\n<td>Quinta-feira<\/td>\n<td>Vespertino<\/td>\n<td>25<\/td>\n<\/tr>\n<tr>\n<td>Espanhol\u00a0B\u00e1sico\u00a0l<\/td>\n<td>Dourados<\/td>\n<td>Ensino Fundamental I &#8211; Completo<\/td>\n<td>Ter\u00e7a-feira<\/td>\n<td>Noturno<\/td>\n<td>25<\/td>\n<\/tr>\n<tr>\n<td>Ingl\u00eas\u00a0B\u00e1sico\u00a0I<\/td>\n<td>Nova Andradina<\/td>\n<td>Estar cursando ou ter conclu\u00eddo o Ensino M\u00e9dio<\/td>\n<td>Ter\u00e7a-feira<\/td>\n<td>Noturno<\/td>\n<td>30<\/td>\n<\/tr>\n<tr>\n<td>Ingl\u00eas\u00a0B\u00e1sico\u00a0I<\/td>\n<td>Amambai<\/td>\n<td>Estar cursando ou ter conclu\u00eddo o Ensino M\u00e9dio<\/td>\n<td>Segunda-feira<\/td>\n<td>Noturno<\/td>\n<td>25<\/td>\n<\/tr>\n<tr>\n<td>Ingl\u00eas\u00a0B\u00e1sico\u00a0II<\/td>\n<td>Amambai<\/td>\n<td>Estar cursando ou ter conclu\u00eddo o Ensino M\u00e9dio, concluintes do Curso FIC Ingl\u00eas B\u00e1sico I ou que comprovem conhecimentos pr\u00e9vios da l\u00edngua Inglesa<\/td>\n<td>Ter\u00e7a-feira<\/td>\n<td>Noturno<\/td>\n<td>25<\/td>\n<\/tr>\n<tr>\n<td>Ingl\u00eas\u00a0B\u00e1sico\u00a0I<\/td>\n<td>Ant\u00f4nio Jo\u00e3o<\/td>\n<td>Estar cursando ou ter conclu\u00eddo o Ensino M\u00e9dio<\/td>\n<td>Segunda-feira<\/td>\n<td>Noturno<\/td>\n<td>25<\/td>\n<\/tr>\n<tr>\n<td>Ingl\u00eas\u00a0B\u00e1sico\u00a0II<\/td>\n<td>Ant\u00f4nio Jo\u00e3o<\/td>\n<td>Estar cursando ou ter conclu\u00eddo o Ensino M\u00e9dio, concluintes do Curso FIC Ingl\u00eas B\u00e1sico I ou que comprovem conhecimentos pr\u00e9vios da l\u00edngua Inglesa<\/td>\n<td>Ter\u00e7a-feira<\/td>\n<td>Noturno<\/td>\n<td>25<\/td>\n<\/tr>\n<tr>\n<td>Ingl\u00eas\u00a0B\u00e1sico\u00a0I<\/td>\n<td>Costa Rica<\/td>\n<td>Estar cursando ou ter conclu\u00eddo o Ensino M\u00e9dio<\/td>\n<td>Ter\u00e7a-feira<\/td>\n<td>Noturno<\/td>\n<td>25<\/td>\n<\/tr>\n<tr>\n<td>Espanhol\u00a0B\u00e1sico\u00a0l<\/td>\n<td>Costa Rica<\/td>\n<td>Ensino Fundamental I &#8211; Completo<\/td>\n<td>Quinta-feira<\/td>\n<td>Noturno<\/td>\n<td>25<\/td>\n<\/tr>\n<\/tbody>\n<\/table>\n<p>&nbsp;<\/p>\n","protected":false},"excerpt":{"rendered":"<p>O Instituto Federal de Mato Grosso do Sul (IFMS) est\u00e1 com inscri\u00e7\u00f5es abertas para 315 vagas em cursos de idiomas a dist\u00e2ncia gratuitos, na modalidade Forma\u00e7\u00e3o Inicial e Continuada (FIC), com ingresso no primeiro semestre de 2025. H\u00e1 vagas para Espanhol I, Ingl\u00eas I, Ingl\u00eas II nos munic\u00edpios de Amambai, Ant\u00f4nio Jo\u00e3o,\u00a0 Costa Rica, Dourados, [&hellip;]<\/p>\n","protected":false},"author":2,"featured_media":195892,"comment_status":"open","ping_status":"open","sticky":false,"template":"","format":"standard","meta":{"_monsterinsights_skip_tracking":false,"_monsterinsights_sitenote_active":false,"_monsterinsights_sitenote_note":"","_monsterinsights_sitenote_category":0},"categories":[74],"tags":[23216,2394,13424,14422,972,347],"aioseo_notices":[],"_links":{"self":[{"href":"https:\/\/mspontocom.com.br\/site\/wp-json\/wp\/v2\/posts\/195879"}],"collection":[{"href":"https:\/\/mspontocom.com.br\/site\/wp-json\/wp\/v2\/posts"}],"about":[{"href":"https:\/\/mspontocom.com.br\/site\/wp-json\/wp\/v2\/types\/post"}],"author":[{"embeddable":true,"href":"https:\/\/mspontocom.com.br\/site\/wp-json\/wp\/v2\/users\/2"}],"replies":[{"embeddable":true,"href":"https:\/\/mspontocom.com.br\/site\/wp-json\/wp\/v2\/comments?post=195879"}],"version-history":[{"count":2,"href":"https:\/\/mspontocom.com.br\/site\/wp-json\/wp\/v2\/posts\/195879\/revisions"}],"predecessor-version":[{"id":195893,"href":"https:\/\/mspontocom.com.br\/site\/wp-json\/wp\/v2\/posts\/195879\/revisions\/195893"}],"wp:featuredmedia":[{"embeddable":true,"href":"https:\/\/mspontocom.com.br\/site\/wp-json\/wp\/v2\/media\/195892"}],"wp:attachment":[{"href":"https:\/\/mspontocom.com.br\/site\/wp-json\/wp\/v2\/media?parent=195879"}],"wp:term":[{"taxonomy":"category","embeddable":true,"href":"https:\/\/mspontocom.com.br\/site\/wp-json\/wp\/v2\/categories?post=195879"},{"taxonomy":"post_tag","embeddable":true,"href":"https:\/\/mspontocom.com.br\/site\/wp-json\/wp\/v2\/tags?post=195879"}],"curies":[{"name":"wp","href":"https:\/\/api.w.org\/{rel}","templated":true}]}}