{"id":195906,"date":"2024-12-05T06:06:09","date_gmt":"2024-12-05T10:06:09","guid":{"rendered":"https:\/\/mspontocom.com.br\/site\/?p=195906"},"modified":"2024-12-05T06:06:09","modified_gmt":"2024-12-05T10:06:09","slug":"lira-confirma-bolsonaro-para-2026-nao-vejo-outro-que-nao-seja-ele","status":"publish","type":"post","link":"https:\/\/mspontocom.com.br\/site\/lira-confirma-bolsonaro-para-2026-nao-vejo-outro-que-nao-seja-ele\/","title":{"rendered":"Lira confirma Bolsonaro para 2026: \u201cN\u00e3o vejo outro que n\u00e3o seja ele\u201d"},"content":{"rendered":"<p style=\"text-align: justify;\"><strong><img loading=\"lazy\" class=\"alignnone size-full wp-image-195914\" src=\"https:\/\/mspontocom.com.br\/site\/wp-content\/uploads\/2024\/12\/site-lira-confirma-bolsonaro-para-2026-nao-vejo-outro-que-nao-seja-ele-lira.webp\" alt=\"\" width=\"848\" height=\"477\" srcset=\"https:\/\/mspontocom.com.br\/site\/wp-content\/uploads\/2024\/12\/site-lira-confirma-bolsonaro-para-2026-nao-vejo-outro-que-nao-seja-ele-lira.webp 848w, https:\/\/mspontocom.com.br\/site\/wp-content\/uploads\/2024\/12\/site-lira-confirma-bolsonaro-para-2026-nao-vejo-outro-que-nao-seja-ele-lira-260x146.webp 260w, https:\/\/mspontocom.com.br\/site\/wp-content\/uploads\/2024\/12\/site-lira-confirma-bolsonaro-para-2026-nao-vejo-outro-que-nao-seja-ele-lira-768x432.webp 768w\" sizes=\"(max-width: 848px) 100vw, 848px\" \/>Arthur Lira,<\/strong>\u00a0 presidente da C\u00e2mara dos Deputados, afirmou que enxerga o ex-presidente <a class=\"st_tag internal_tag \" title=\"Veja mais postagens sobre Jair Bolsonaro\" href=\"https:\/\/www.folhadestra.com\/tag\/jair-bolsonaro\/\" rel=\"tag\">Jair Bolsonaro<\/a>\u00a0(PL) como o candidato \u00e0 Presid\u00eancia da Rep\u00fablica da direita em 2026, mesmo diante da inelegibilidade.<\/p>\n<p style=\"text-align: justify;\"><span style=\"font-size: 14pt;\"><em>\u201cN\u00f3s temos, \u00e0 direita, ao meu ver, Bolsonaro candidato. N\u00e3o vejo outro candidato que n\u00e3o seja ele mesmo. Se vai ter inelegibilidade ou n\u00e3o, isso a gente vai saber no per\u00edodo de elei\u00e7\u00e3o&#8221;<\/em><\/span>\u00a0disse Lira no evento \u201cF\u00f3rum JOTA \u2013 Brasil em 10 anos\u201d.<\/p>\n<h4 id=\"h-inelegibilidade\" class=\"wp-block-heading\" style=\"text-align: justify;\">Inelegibilidade<\/h4>\n<p style=\"text-align: justify;\">Bolsonaro n\u00e3o pode se candidatar at\u00e9 2030, no entanto, ele tem a possibilidade de ser candidato por um per\u00edodo de at\u00e9 tr\u00eas semanas em 2026, at\u00e9 que uma solicita\u00e7\u00e3o de impugna\u00e7\u00e3o seja feita pelo Minist\u00e9rio P\u00fablico ou um partido pol\u00edtico e seja finalizada em julgamento.<\/p>\n<p><span style=\"color: #ff0000;\"><em><strong>Continue ao nosso lado. Veja mais not\u00edcias em<\/strong><\/em><\/span>: <a href=\"http:\/\/www.mspontocom.com.br\">www.mspontocom.com.br<\/a><\/p>\n<p>Instagram \u00a0e X:\u00a0 @mspontocom<\/p>\n","protected":false},"excerpt":{"rendered":"<p>Arthur Lira,\u00a0 presidente da C\u00e2mara dos Deputados, afirmou que enxerga o ex-presidente Jair Bolsonaro\u00a0(PL) como o candidato \u00e0 Presid\u00eancia da Rep\u00fablica da direita em 2026, mesmo diante da inelegibilidade. \u201cN\u00f3s temos, \u00e0 direita, ao meu ver, Bolsonaro candidato. N\u00e3o vejo outro candidato que n\u00e3o seja ele mesmo. Se vai ter inelegibilidade ou n\u00e3o, isso a [&hellip;]<\/p>\n","protected":false},"author":2,"featured_media":195914,"comment_status":"open","ping_status":"open","sticky":false,"template":"","format":"standard","meta":{"_monsterinsights_skip_tracking":false,"_monsterinsights_sitenote_active":false,"_monsterinsights_sitenote_note":"","_monsterinsights_sitenote_category":0},"categories":[6,30260,30259,12],"tags":[42297,34531,21017,25118,36422],"aioseo_notices":[],"_links":{"self":[{"href":"https:\/\/mspontocom.com.br\/site\/wp-json\/wp\/v2\/posts\/195906"}],"collection":[{"href":"https:\/\/mspontocom.com.br\/site\/wp-json\/wp\/v2\/posts"}],"about":[{"href":"https:\/\/mspontocom.com.br\/site\/wp-json\/wp\/v2\/types\/post"}],"author":[{"embeddable":true,"href":"https:\/\/mspontocom.com.br\/site\/wp-json\/wp\/v2\/users\/2"}],"replies":[{"embeddable":true,"href":"https:\/\/mspontocom.com.br\/site\/wp-json\/wp\/v2\/comments?post=195906"}],"version-history":[{"count":2,"href":"https:\/\/mspontocom.com.br\/site\/wp-json\/wp\/v2\/posts\/195906\/revisions"}],"predecessor-version":[{"id":195915,"href":"https:\/\/mspontocom.com.br\/site\/wp-json\/wp\/v2\/posts\/195906\/revisions\/195915"}],"wp:featuredmedia":[{"embeddable":true,"href":"https:\/\/mspontocom.com.br\/site\/wp-json\/wp\/v2\/media\/195914"}],"wp:attachment":[{"href":"https:\/\/mspontocom.com.br\/site\/wp-json\/wp\/v2\/media?parent=195906"}],"wp:term":[{"taxonomy":"category","embeddable":true,"href":"https:\/\/mspontocom.com.br\/site\/wp-json\/wp\/v2\/categories?post=195906"},{"taxonomy":"post_tag","embeddable":true,"href":"https:\/\/mspontocom.com.br\/site\/wp-json\/wp\/v2\/tags?post=195906"}],"curies":[{"name":"wp","href":"https:\/\/api.w.org\/{rel}","templated":true}]}}