{"id":195936,"date":"2024-12-06T07:01:44","date_gmt":"2024-12-06T11:01:44","guid":{"rendered":"https:\/\/mspontocom.com.br\/site\/?p=195936"},"modified":"2024-12-06T07:01:44","modified_gmt":"2024-12-06T11:01:44","slug":"pt-atribui-o-fracasso-de-lula-a-pesquisa-e-as-redes-sociais-reagem","status":"publish","type":"post","link":"https:\/\/mspontocom.com.br\/site\/pt-atribui-o-fracasso-de-lula-a-pesquisa-e-as-redes-sociais-reagem\/","title":{"rendered":"PT atribui o fracasso de Lula \u00e0 pesquisa, e as redes sociais reagem"},"content":{"rendered":"<div id=\"attachment_195950\" style=\"width: 810px\" class=\"wp-caption alignnone\"><img aria-describedby=\"caption-attachment-195950\" loading=\"lazy\" class=\"size-full wp-image-195950\" src=\"https:\/\/mspontocom.com.br\/site\/wp-content\/uploads\/2024\/12\/site-pt-atribui-o-fracasso-de-lula-a-pesquisa-e-as-redes-sociais-reagem-pt.jpg\" alt=\"\" width=\"800\" height=\"498\" srcset=\"https:\/\/mspontocom.com.br\/site\/wp-content\/uploads\/2024\/12\/site-pt-atribui-o-fracasso-de-lula-a-pesquisa-e-as-redes-sociais-reagem-pt.jpg 800w, https:\/\/mspontocom.com.br\/site\/wp-content\/uploads\/2024\/12\/site-pt-atribui-o-fracasso-de-lula-a-pesquisa-e-as-redes-sociais-reagem-pt-260x162.jpg 260w, https:\/\/mspontocom.com.br\/site\/wp-content\/uploads\/2024\/12\/site-pt-atribui-o-fracasso-de-lula-a-pesquisa-e-as-redes-sociais-reagem-pt-768x478.jpg 768w\" sizes=\"(max-width: 800px) 100vw, 800px\" \/><p id=\"caption-attachment-195950\" class=\"wp-caption-text\">\u00a0Cr\u00e9dito: Ed Alves\/CB\/D.A Press. Brasil. Bras\u00edlia\u00a0<\/p><\/div>\n<p style=\"text-align: justify;\">A l\u00edder do PT, Gleisi Hoffmann, utilizou as redes sociais para criticar o instituto de pesquisa Quaest.<\/p>\n<p style=\"text-align: justify;\">A pol\u00edtica de esquerda mostrou-se insatisfeita com um estudo que indica a insatisfa\u00e7\u00e3o do mercado em rela\u00e7\u00e3o \u00e0 dire\u00e7\u00e3o da economia no pa\u00eds.<\/p>\n<p style=\"text-align: justify;\">A Quaest revelou os resultados de uma pesquisa sobre a vis\u00e3o dos agentes econ\u00f4micos em rela\u00e7\u00e3o ao governo <a class=\"st_tag internal_tag \" title=\"Veja mais postagens sobre Lula\" href=\"https:\/\/www.folhadestra.com\/tag\/lula\/\" rel=\"tag\">Lula<\/a>.<\/p>\n<p style=\"text-align: justify;\">Os dados indicaram que 90% dos profissionais envolvidos em fundos de investimentos n\u00e3o aprovam a pol\u00edtica implementada pelo governo do PT.<\/p>\n<p style=\"text-align: justify;\">A postura de Gleisi gerou uma resposta negativa.<\/p>\n<p style=\"text-align: justify;\">Numerosos usu\u00e1rios do<strong> Twitter\/X<\/strong> zombaram da petista ou intensificaram a cr\u00edtica ao governo, afirmando que o estudo apenas espelha o que est\u00e1 ocorrendo no Brasil.<\/p>\n<p style=\"text-align: justify;\">Em um dos posts, um internauta escreve: <span style=\"font-size: 14pt;\"><em>\u201cA realidade \u00e9 que o governo est\u00e1 em frangalhos, mas, em vez de encarar a responsabilidade, prefere apontar para esse inimigo imagin\u00e1rio chamado \u2018mercado\u2019<\/em><\/span>. <span style=\"font-size: 14pt;\"><em>A verdade \u00e9 que o fracasso \u00e9 de voc\u00eas, e n\u00e3o h\u00e1 fantasia ou bode expiat\u00f3rio que esconda isso\u201d.<\/em><\/span><\/p>\n<p style=\"text-align: justify;\">As informa\u00e7\u00f5es s\u00e3o da\u00a0<strong><em>Revista Oeste.<\/em><\/strong><\/p>\n","protected":false},"excerpt":{"rendered":"<p>A l\u00edder do PT, Gleisi Hoffmann, utilizou as redes sociais para criticar o instituto de pesquisa Quaest. A pol\u00edtica de esquerda mostrou-se insatisfeita com um estudo que indica a insatisfa\u00e7\u00e3o do mercado em rela\u00e7\u00e3o \u00e0 dire\u00e7\u00e3o da economia no pa\u00eds. A Quaest revelou os resultados de uma pesquisa sobre a vis\u00e3o dos agentes econ\u00f4micos em [&hellip;]<\/p>\n","protected":false},"author":2,"featured_media":195950,"comment_status":"open","ping_status":"open","sticky":false,"template":"","format":"standard","meta":{"_monsterinsights_skip_tracking":false,"_monsterinsights_sitenote_active":false,"_monsterinsights_sitenote_note":"","_monsterinsights_sitenote_category":0},"categories":[6,30260,30259,12],"tags":[40336,480,733,533,42306],"aioseo_notices":[],"_links":{"self":[{"href":"https:\/\/mspontocom.com.br\/site\/wp-json\/wp\/v2\/posts\/195936"}],"collection":[{"href":"https:\/\/mspontocom.com.br\/site\/wp-json\/wp\/v2\/posts"}],"about":[{"href":"https:\/\/mspontocom.com.br\/site\/wp-json\/wp\/v2\/types\/post"}],"author":[{"embeddable":true,"href":"https:\/\/mspontocom.com.br\/site\/wp-json\/wp\/v2\/users\/2"}],"replies":[{"embeddable":true,"href":"https:\/\/mspontocom.com.br\/site\/wp-json\/wp\/v2\/comments?post=195936"}],"version-history":[{"count":2,"href":"https:\/\/mspontocom.com.br\/site\/wp-json\/wp\/v2\/posts\/195936\/revisions"}],"predecessor-version":[{"id":195951,"href":"https:\/\/mspontocom.com.br\/site\/wp-json\/wp\/v2\/posts\/195936\/revisions\/195951"}],"wp:featuredmedia":[{"embeddable":true,"href":"https:\/\/mspontocom.com.br\/site\/wp-json\/wp\/v2\/media\/195950"}],"wp:attachment":[{"href":"https:\/\/mspontocom.com.br\/site\/wp-json\/wp\/v2\/media?parent=195936"}],"wp:term":[{"taxonomy":"category","embeddable":true,"href":"https:\/\/mspontocom.com.br\/site\/wp-json\/wp\/v2\/categories?post=195936"},{"taxonomy":"post_tag","embeddable":true,"href":"https:\/\/mspontocom.com.br\/site\/wp-json\/wp\/v2\/tags?post=195936"}],"curies":[{"name":"wp","href":"https:\/\/api.w.org\/{rel}","templated":true}]}}