{"id":195938,"date":"2024-12-06T06:43:34","date_gmt":"2024-12-06T10:43:34","guid":{"rendered":"https:\/\/mspontocom.com.br\/site\/?p=195938"},"modified":"2024-12-06T06:43:34","modified_gmt":"2024-12-06T10:43:34","slug":"bolsonaro-acusa-o-globo-de-disseminar-fake-news","status":"publish","type":"post","link":"https:\/\/mspontocom.com.br\/site\/bolsonaro-acusa-o-globo-de-disseminar-fake-news\/","title":{"rendered":"Bolsonaro acusa O Globo de disseminar fake news"},"content":{"rendered":"<p style=\"text-align: justify;\"><img loading=\"lazy\" class=\"alignnone size-full wp-image-195726\" src=\"https:\/\/mspontocom.com.br\/site\/wp-content\/uploads\/2024\/11\/site-globo-e-cnn-nao-mostram-bolsonaro-lidera-para-2026-bolsonaro-globo.jpeg\" alt=\"\" width=\"600\" height=\"400\" srcset=\"https:\/\/mspontocom.com.br\/site\/wp-content\/uploads\/2024\/11\/site-globo-e-cnn-nao-mostram-bolsonaro-lidera-para-2026-bolsonaro-globo.jpeg 600w, https:\/\/mspontocom.com.br\/site\/wp-content\/uploads\/2024\/11\/site-globo-e-cnn-nao-mostram-bolsonaro-lidera-para-2026-bolsonaro-globo-260x173.jpeg 260w\" sizes=\"(max-width: 600px) 100vw, 600px\" \/><\/p>\n<p style=\"text-align: justify;\">O ex-presidente <a class=\"st_tag internal_tag \" title=\"Veja mais postagens sobre Jair Bolsonaro\" href=\"https:\/\/www.folhadestra.com\/tag\/jair-bolsonaro\/\" rel=\"tag\">Jair Bolsonaro<\/a>\u00a0(PL) postou um v\u00eddeo em sua conta oficial do Twitter\/X.<\/p>\n<p style=\"text-align: justify;\">No v\u00eddeo, ele acusa o jornal <strong>O Globo<\/strong> de disseminar <strong>\u201cfake news\u201d<\/strong> por meio de uma mat\u00e9ria que aborda um contrato de reforma de R$ 900 mil em uma de suas resid\u00eancias.<\/p>\n<p style=\"text-align: justify;\">A declara\u00e7\u00e3o do valor do im\u00f3vel foi de R$ 98,5 mil nas elei\u00e7\u00f5es de 2022, conforme divulgado pela Pol\u00edcia Federal (PF), de acordo com a publica\u00e7\u00e3o.<\/p>\n<p style=\"text-align: justify;\">No v\u00eddeo, Bolsonaro declarou que o jornal estava sugerindo que ele estava envolvido em \u201clavagem de dinheiro\u201d.<\/p>\n<div id=\"folha-240137865\" class=\"folha-conteudo_4\">\n<div data-type=\"_mgwidget\" data-widget-id=\"1650129\" data-uid=\"0c6c2\">\n<div id=\"mgw1650129_0c6c2\">\n<div>\n<div class=\"mgbox\">\n<div class=\"mgheader\" style=\"text-align: justify;\">Ele esclareceu que a propriedade em Angra dos Reis \u00e9 de fato dele e foi edificada na d\u00e9cada de 1990.<\/div>\n<div style=\"text-align: justify;\"><\/div>\n<div class=\"mgheader\" style=\"text-align: justify;\">A renova\u00e7\u00e3o foi quitada atrav\u00e9s do Pix em 2023 e foi declarada em sua declara\u00e7\u00e3o de Imposto de Renda, de acordo com o documento apresentado no v\u00eddeo.<\/div>\n<div>\n<p style=\"text-align: justify;\"><span style=\"font-size: 14pt;\"><em>A imagem que\u00a0O Globo\u00a0quer passar \u00e9 que eu teria lavado R$ 900 mil, talvez vendendo algo que n\u00e3o me pertencia para poder investir em um patrim\u00f4nio meu\u201d, disse o ex-presidente. \u201cSe deram mal mais uma vez.\u201d<\/em><\/span><\/p>\n<p style=\"text-align: justify;\">Ao final do v\u00eddeo, Bolsonaro declara que a Pol\u00edcia Federal confiscou v\u00e1rios itens de sua mesa durante uma opera\u00e7\u00e3o, incluindo tr\u00eas p\u00e1ginas de um inqu\u00e9rito.<\/p>\n<p style=\"text-align: justify;\"><span style=\"font-size: 14pt;\"><em>\u201cVazem essas tr\u00eas p\u00e1ginas do inqu\u00e9rito. Ficaria muito feliz com esse vazamento\u201d<\/em><\/span>, disse.<\/p>\n<p style=\"text-align: justify;\">\n<\/div>\n<\/div>\n<\/div>\n<\/div>\n<\/div>\n<\/div>\n","protected":false},"excerpt":{"rendered":"<p>O ex-presidente Jair Bolsonaro\u00a0(PL) postou um v\u00eddeo em sua conta oficial do Twitter\/X. No v\u00eddeo, ele acusa o jornal O Globo de disseminar \u201cfake news\u201d por meio de uma mat\u00e9ria que aborda um contrato de reforma de R$ 900 mil em uma de suas resid\u00eancias. A declara\u00e7\u00e3o do valor do im\u00f3vel foi de R$ 98,5 [&hellip;]<\/p>\n","protected":false},"author":2,"featured_media":195726,"comment_status":"open","ping_status":"open","sticky":false,"template":"","format":"standard","meta":{"_monsterinsights_skip_tracking":false,"_monsterinsights_sitenote_active":false,"_monsterinsights_sitenote_note":"","_monsterinsights_sitenote_category":0},"categories":[6,30260,2528,30259,12],"tags":[25492,21017,42305,30654,501],"aioseo_notices":[],"_links":{"self":[{"href":"https:\/\/mspontocom.com.br\/site\/wp-json\/wp\/v2\/posts\/195938"}],"collection":[{"href":"https:\/\/mspontocom.com.br\/site\/wp-json\/wp\/v2\/posts"}],"about":[{"href":"https:\/\/mspontocom.com.br\/site\/wp-json\/wp\/v2\/types\/post"}],"author":[{"embeddable":true,"href":"https:\/\/mspontocom.com.br\/site\/wp-json\/wp\/v2\/users\/2"}],"replies":[{"embeddable":true,"href":"https:\/\/mspontocom.com.br\/site\/wp-json\/wp\/v2\/comments?post=195938"}],"version-history":[{"count":2,"href":"https:\/\/mspontocom.com.br\/site\/wp-json\/wp\/v2\/posts\/195938\/revisions"}],"predecessor-version":[{"id":195946,"href":"https:\/\/mspontocom.com.br\/site\/wp-json\/wp\/v2\/posts\/195938\/revisions\/195946"}],"wp:featuredmedia":[{"embeddable":true,"href":"https:\/\/mspontocom.com.br\/site\/wp-json\/wp\/v2\/media\/195726"}],"wp:attachment":[{"href":"https:\/\/mspontocom.com.br\/site\/wp-json\/wp\/v2\/media?parent=195938"}],"wp:term":[{"taxonomy":"category","embeddable":true,"href":"https:\/\/mspontocom.com.br\/site\/wp-json\/wp\/v2\/categories?post=195938"},{"taxonomy":"post_tag","embeddable":true,"href":"https:\/\/mspontocom.com.br\/site\/wp-json\/wp\/v2\/tags?post=195938"}],"curies":[{"name":"wp","href":"https:\/\/api.w.org\/{rel}","templated":true}]}}