{"id":196032,"date":"2024-12-09T05:10:27","date_gmt":"2024-12-09T09:10:27","guid":{"rendered":"https:\/\/mspontocom.com.br\/site\/?p=196032"},"modified":"2024-12-09T07:54:31","modified_gmt":"2024-12-09T11:54:31","slug":"globo-destaca-combate-a-vulnerabilidade-social-em-ms","status":"publish","type":"post","link":"https:\/\/mspontocom.com.br\/site\/globo-destaca-combate-a-vulnerabilidade-social-em-ms\/","title":{"rendered":"Globo destaca combate \u00e0 vulnerabilidade social em MS"},"content":{"rendered":"<p dir=\"ltr\" style=\"text-align: justify;\"><img loading=\"lazy\" class=\"alignnone size-full wp-image-196033\" src=\"https:\/\/mspontocom.com.br\/site\/wp-content\/uploads\/2024\/12\/site-globo-destaca-combate-a-vulnerabilidade-social-em-ms-vulnerabilidade.jpeg\" alt=\"\" width=\"730\" height=\"480\" srcset=\"https:\/\/mspontocom.com.br\/site\/wp-content\/uploads\/2024\/12\/site-globo-destaca-combate-a-vulnerabilidade-social-em-ms-vulnerabilidade.jpeg 730w, https:\/\/mspontocom.com.br\/site\/wp-content\/uploads\/2024\/12\/site-globo-destaca-combate-a-vulnerabilidade-social-em-ms-vulnerabilidade-260x171.jpeg 260w\" sizes=\"(max-width: 730px) 100vw, 730px\" \/>Diagn\u00f3stico que tra\u00e7ou uma an\u00e1lise detalhada da popula\u00e7\u00e3o sul-mato-grossense, identificando as \u00e1reas de vulnerabilidade e as necessidades espec\u00edficas de cada regi\u00e3o, \u00e9 um instrumento estrat\u00e9gico utilizado pelo Governo do Estado para a promo\u00e7\u00e3o da inclus\u00e3o social, redu\u00e7\u00e3o das desigualdades e melhoria da qualidade de vida.<\/p>\n<p dir=\"ltr\" style=\"text-align: justify;\"><strong>O assunto est\u00e1 em um artigo publicado na revista do Fonseas (F\u00f3rum de Secret\u00e1rios de Estado da Assist\u00eancia Social).<\/strong><\/p>\n<p dir=\"ltr\" style=\"text-align: justify;\">Foram utilizados dados coletados em campo, abrangendo os 79 munic\u00edpios de Mato Grosso do Sul com informa\u00e7\u00f5es do Cad\u00danico e do programa Mais Social.<\/p>\n<p dir=\"ltr\" style=\"text-align: justify;\">Em outro texto, publicado no final de novembro no <strong>jornal O Globo<\/strong>, o governador Eduardo Riedel lembra que Mato Grosso do Sul \u00e9 um dos estados que mais cresce no Pa\u00eds e, ao mesmo tempo, \u00e9 o \u201cmais pr\u00f3ximo da desafiadora e at\u00e9 ent\u00e3o distante fronteira da erradica\u00e7\u00e3o da pobreza extrema\u201d.<\/p>\n<p dir=\"ltr\" style=\"text-align: justify;\">Entre os principais programas sociais do Governo do Estado, por meio da Sead, est\u00e3o o Mais Social, Cuidar de Quem Cuida, MS Supera e o Energia Social: Conta de Luz Zero.<\/p>\n<p dir=\"ltr\" style=\"text-align: justify;\">Dois deles &#8211; o Conta de Luz Zero e o Mais Social &#8211; est\u00e3o recadastrando os benefici\u00e1rios para garantir que o benef\u00edcio chegue a quem mais precisa.<\/p>\n<p style=\"text-align: justify;\" align=\"justify\"><span style=\"font-family: Times New Roman, serif;\"><span style=\"font-size: medium;\"><span style=\"color: #ff0000;\"><strong>Continue ao nosso lado. Veja mais not\u00edcias em<\/strong><\/span>: <span style=\"color: #0000ff;\"><u><a href=\"http:\/\/www.mspontocom.com.br\/\">www.mspontocom.com.br<\/a><\/u><\/span><\/span><\/span><\/p>\n<p align=\"justify\"><span style=\"font-family: Times New Roman, serif;\"><span style=\"font-size: medium;\">Instagram e X:\u00a0 @mspontocom<\/span><\/span><\/p>\n<p dir=\"ltr\">fonte: Paulo Fernandes, Comunica\u00e7\u00e3o<\/p>\n<p dir=\"ltr\">Foto: Monique Alves<\/p>\n","protected":false},"excerpt":{"rendered":"<p>Diagn\u00f3stico que tra\u00e7ou uma an\u00e1lise detalhada da popula\u00e7\u00e3o sul-mato-grossense, identificando as \u00e1reas de vulnerabilidade e as necessidades espec\u00edficas de cada regi\u00e3o, \u00e9 um instrumento estrat\u00e9gico utilizado pelo Governo do Estado para a promo\u00e7\u00e3o da inclus\u00e3o social, redu\u00e7\u00e3o das desigualdades e melhoria da qualidade de vida. O assunto est\u00e1 em um artigo publicado na revista do [&hellip;]<\/p>\n","protected":false},"author":2,"featured_media":196033,"comment_status":"open","ping_status":"open","sticky":false,"template":"","format":"standard","meta":{"_monsterinsights_skip_tracking":false,"_monsterinsights_sitenote_active":false,"_monsterinsights_sitenote_note":"","_monsterinsights_sitenote_category":0},"categories":[74],"tags":[7277,25769,501,81,42325],"aioseo_notices":[],"_links":{"self":[{"href":"https:\/\/mspontocom.com.br\/site\/wp-json\/wp\/v2\/posts\/196032"}],"collection":[{"href":"https:\/\/mspontocom.com.br\/site\/wp-json\/wp\/v2\/posts"}],"about":[{"href":"https:\/\/mspontocom.com.br\/site\/wp-json\/wp\/v2\/types\/post"}],"author":[{"embeddable":true,"href":"https:\/\/mspontocom.com.br\/site\/wp-json\/wp\/v2\/users\/2"}],"replies":[{"embeddable":true,"href":"https:\/\/mspontocom.com.br\/site\/wp-json\/wp\/v2\/comments?post=196032"}],"version-history":[{"count":1,"href":"https:\/\/mspontocom.com.br\/site\/wp-json\/wp\/v2\/posts\/196032\/revisions"}],"predecessor-version":[{"id":196034,"href":"https:\/\/mspontocom.com.br\/site\/wp-json\/wp\/v2\/posts\/196032\/revisions\/196034"}],"wp:featuredmedia":[{"embeddable":true,"href":"https:\/\/mspontocom.com.br\/site\/wp-json\/wp\/v2\/media\/196033"}],"wp:attachment":[{"href":"https:\/\/mspontocom.com.br\/site\/wp-json\/wp\/v2\/media?parent=196032"}],"wp:term":[{"taxonomy":"category","embeddable":true,"href":"https:\/\/mspontocom.com.br\/site\/wp-json\/wp\/v2\/categories?post=196032"},{"taxonomy":"post_tag","embeddable":true,"href":"https:\/\/mspontocom.com.br\/site\/wp-json\/wp\/v2\/tags?post=196032"}],"curies":[{"name":"wp","href":"https:\/\/api.w.org\/{rel}","templated":true}]}}