{"id":196060,"date":"2024-12-10T05:12:46","date_gmt":"2024-12-10T09:12:46","guid":{"rendered":"https:\/\/mspontocom.com.br\/site\/?p=196060"},"modified":"2024-12-10T08:19:28","modified_gmt":"2024-12-10T12:19:28","slug":"governo-ms-e-sebrae-firmam-parceria-para-promocao-do-empreendedorismo","status":"publish","type":"post","link":"https:\/\/mspontocom.com.br\/site\/governo-ms-e-sebrae-firmam-parceria-para-promocao-do-empreendedorismo\/","title":{"rendered":"Governo MS e Sebrae firmam parceria para promo\u00e7\u00e3o do empreendedorismo"},"content":{"rendered":"<p style=\"text-align: justify;\"><img loading=\"lazy\" class=\"alignnone size-full wp-image-196069\" src=\"https:\/\/mspontocom.com.br\/site\/wp-content\/uploads\/2024\/12\/site-governo-do-estado-e-sebraems-firmam-parceria-para-promocao-do-empreendedorismo-govms.jpg\" alt=\"\" width=\"1600\" height=\"1066\" srcset=\"https:\/\/mspontocom.com.br\/site\/wp-content\/uploads\/2024\/12\/site-governo-do-estado-e-sebraems-firmam-parceria-para-promocao-do-empreendedorismo-govms.jpg 1600w, https:\/\/mspontocom.com.br\/site\/wp-content\/uploads\/2024\/12\/site-governo-do-estado-e-sebraems-firmam-parceria-para-promocao-do-empreendedorismo-govms-260x173.jpg 260w, https:\/\/mspontocom.com.br\/site\/wp-content\/uploads\/2024\/12\/site-governo-do-estado-e-sebraems-firmam-parceria-para-promocao-do-empreendedorismo-govms-1024x682.jpg 1024w, https:\/\/mspontocom.com.br\/site\/wp-content\/uploads\/2024\/12\/site-governo-do-estado-e-sebraems-firmam-parceria-para-promocao-do-empreendedorismo-govms-768x512.jpg 768w, https:\/\/mspontocom.com.br\/site\/wp-content\/uploads\/2024\/12\/site-governo-do-estado-e-sebraems-firmam-parceria-para-promocao-do-empreendedorismo-govms-1536x1023.jpg 1536w\" sizes=\"(max-width: 1600px) 100vw, 1600px\" \/>O Governo do Estado de Mato Grosso do Sul, por meio da Secretaria de Estado da Cidadania (SEC), e o Sebrae\/MS, formalizaram um acordo de coopera\u00e7\u00e3o t\u00e9cnica para a promo\u00e7\u00e3o do empreendedorismo como ferramenta de transforma\u00e7\u00e3o social, com a\u00e7\u00f5es para 2025.<\/p>\n<p style=\"text-align: justify;\">O termo de coopera\u00e7\u00e3o firmado visa unir esfor\u00e7os para desenvolver iniciativas que incentivem o empreendedorismo, gerem oportunidades de empregabilidade e promovam a inclus\u00e3o social em grupos historicamente sub-representados.<\/p>\n<p style=\"text-align: justify;\"><span style=\"font-size: 14pt;\"><em>\u201cN\u00f3s temos um grupo da sociedade que n\u00e3o est\u00e1 tendo acesso a esse crescimento. E t\u00e3o importante quanto crescer, \u00e9 estender a m\u00e3o a esse grupo. E \u00e9 o que estamos fazendo aqui hoje, com consci\u00eancia, com o di\u00e1logo, com compreens\u00e3o do que cada comunidade tem demandado\u201d,<\/em><\/span> destacou o governador de Mato Grosso do Sul, Eduardo Riedel.<\/p>\n<p style=\"text-align: justify;\">A parceria expande atividades realizadas em 2024, que alcan\u00e7aram resultados expressivos, como o primeiro Empretec Rural adaptado para um p\u00fablico ind\u00edgena do pa\u00eds, com a capacita\u00e7\u00e3o de 30 mulheres da etnia Ofai\u00e9.<\/p>\n<p><span style=\"font-size: 14pt;\"><b>Sobre o Empretec<\/b><\/span><\/p>\n<p style=\"text-align: justify;\">\nMetodologia de capacita\u00e7\u00e3o desenvolvida pela<strong> Organiza\u00e7\u00e3o das Na\u00e7\u00f5es Unidas (ONU)<\/strong>, o Empretec \u00e9 aplicado no Brasil exclusivamente pelo Sebrae.<\/p>\n<p style=\"text-align: justify;\">Trata-se de um semin\u00e1rio intensivo voltado para pessoas que desejam desenvolver ou aperfei\u00e7oar habilidades empreendedoras.<\/p>\n<p>Mais informa\u00e7\u00f5es aos empreendedores por meio da Central de Relacionamento do Sebrae, no n\u00famero 0800 570 0800.<\/p>\n<p style=\"text-align: justify;\" align=\"justify\"><span style=\"font-family: Times New Roman, serif;\"><span style=\"font-size: medium;\"><span style=\"color: #ff0000;\">Continue ao nosso lado. Veja mais not\u00edcias em<\/span>: <span style=\"color: #0000ff;\"><u><a href=\"http:\/\/www.mspontocom.com.br\/\">www.mspontocom.com.br<\/a><\/u><\/span><\/span><\/span><\/p>\n","protected":false},"excerpt":{"rendered":"<p>O Governo do Estado de Mato Grosso do Sul, por meio da Secretaria de Estado da Cidadania (SEC), e o Sebrae\/MS, formalizaram um acordo de coopera\u00e7\u00e3o t\u00e9cnica para a promo\u00e7\u00e3o do empreendedorismo como ferramenta de transforma\u00e7\u00e3o social, com a\u00e7\u00f5es para 2025. O termo de coopera\u00e7\u00e3o firmado visa unir esfor\u00e7os para desenvolver iniciativas que incentivem o [&hellip;]<\/p>\n","protected":false},"author":2,"featured_media":196069,"comment_status":"open","ping_status":"open","sticky":false,"template":"","format":"standard","meta":{"_monsterinsights_skip_tracking":false,"_monsterinsights_sitenote_active":false,"_monsterinsights_sitenote_note":"","_monsterinsights_sitenote_category":0},"categories":[74],"tags":[4124,78,81,1194,536],"aioseo_notices":[],"_links":{"self":[{"href":"https:\/\/mspontocom.com.br\/site\/wp-json\/wp\/v2\/posts\/196060"}],"collection":[{"href":"https:\/\/mspontocom.com.br\/site\/wp-json\/wp\/v2\/posts"}],"about":[{"href":"https:\/\/mspontocom.com.br\/site\/wp-json\/wp\/v2\/types\/post"}],"author":[{"embeddable":true,"href":"https:\/\/mspontocom.com.br\/site\/wp-json\/wp\/v2\/users\/2"}],"replies":[{"embeddable":true,"href":"https:\/\/mspontocom.com.br\/site\/wp-json\/wp\/v2\/comments?post=196060"}],"version-history":[{"count":2,"href":"https:\/\/mspontocom.com.br\/site\/wp-json\/wp\/v2\/posts\/196060\/revisions"}],"predecessor-version":[{"id":196070,"href":"https:\/\/mspontocom.com.br\/site\/wp-json\/wp\/v2\/posts\/196060\/revisions\/196070"}],"wp:featuredmedia":[{"embeddable":true,"href":"https:\/\/mspontocom.com.br\/site\/wp-json\/wp\/v2\/media\/196069"}],"wp:attachment":[{"href":"https:\/\/mspontocom.com.br\/site\/wp-json\/wp\/v2\/media?parent=196060"}],"wp:term":[{"taxonomy":"category","embeddable":true,"href":"https:\/\/mspontocom.com.br\/site\/wp-json\/wp\/v2\/categories?post=196060"},{"taxonomy":"post_tag","embeddable":true,"href":"https:\/\/mspontocom.com.br\/site\/wp-json\/wp\/v2\/tags?post=196060"}],"curies":[{"name":"wp","href":"https:\/\/api.w.org\/{rel}","templated":true}]}}