{"id":196137,"date":"2024-12-12T05:50:59","date_gmt":"2024-12-12T09:50:59","guid":{"rendered":"https:\/\/mspontocom.com.br\/site\/?p=196137"},"modified":"2024-12-12T08:15:56","modified_gmt":"2024-12-12T12:15:56","slug":"governo-ms-recebe-comitiva-do-japao-para-estreitar-lacos-comerciais","status":"publish","type":"post","link":"https:\/\/mspontocom.com.br\/site\/governo-ms-recebe-comitiva-do-japao-para-estreitar-lacos-comerciais\/","title":{"rendered":"Governo MS recebe comitiva do Jap\u00e3o para estreitar la\u00e7os comerciais"},"content":{"rendered":"<p style=\"text-align: justify;\"><img loading=\"lazy\" class=\"alignnone size-full wp-image-196138\" src=\"https:\/\/mspontocom.com.br\/site\/wp-content\/uploads\/2024\/12\/site-governo-ms-recebe-comitiva-do-japao-para-estreitar-lacos-comerciais-japao.jpg\" alt=\"\" width=\"730\" height=\"480\" srcset=\"https:\/\/mspontocom.com.br\/site\/wp-content\/uploads\/2024\/12\/site-governo-ms-recebe-comitiva-do-japao-para-estreitar-lacos-comerciais-japao.jpg 730w, https:\/\/mspontocom.com.br\/site\/wp-content\/uploads\/2024\/12\/site-governo-ms-recebe-comitiva-do-japao-para-estreitar-lacos-comerciais-japao-260x171.jpg 260w\" sizes=\"(max-width: 730px) 100vw, 730px\" \/>O governador Eduardo Riedel recebeu nesta quarta-feira (11) uma comitiva de Okinawa (Jap\u00e3o), que est\u00e1 em Campo Grande para realizar workshops sobre culin\u00e1ria, esportes e artes marciais.<\/p>\n<p style=\"text-align: justify;\">Mais uma oportunidade para estreita os la\u00e7os culturais e refor\u00e7ar futuras parcerias comerciais do Mato Grosso do Sul com a prov\u00edncia que fica na regi\u00e3o sul do Jap\u00e3o.<\/p>\n<p style=\"text-align: justify;\"><span style=\"font-size: 14pt;\"><em>\u201cA comitiva de Okinawa \u00e9 muito bem-vinda, pois se trata de uma col\u00f4nia tradicional no Estado, assim se fortalece os la\u00e7os culturais entre os povos. Eles fazem parte da hist\u00f3ria, por exemplo na culin\u00e1ria com o sob\u00e1, t\u00e3o querido pelo sul-mato-grossense\u201d,<\/em> <\/span>afirmou o governador.<\/p>\n<p style=\"text-align: justify;\">Riedel lembrou que pretende fazer uma visita oficial a Okinawa no primeiro semestre de 2025, para tratar da Rota Bioce\u00e2nica, que vai reduzir em 14 dias a dist\u00e2ncia de navio at\u00e9 o Jap\u00e3o e mercados asi\u00e1ticos.<\/p>\n<p style=\"text-align: justify;\">A comitiva de Okinawa vai realizar workshops em Campo Grande quinta (12) e sexta-feira (13).<\/p>\n<p style=\"text-align: justify;\" align=\"justify\"><span style=\"font-family: Times New Roman, serif;\"><span style=\"font-size: medium;\"><span style=\"color: #ff0000;\">Continue ao nosso lado. Veja mais not\u00edcias em:<\/span> <span style=\"color: #0000ff;\"><u><a href=\"http:\/\/www.mspontocom.com.br\/\">www.mspontocom.com.br<\/a><\/u><\/span><\/span><\/span><\/p>\n<p style=\"text-align: justify;\" align=\"justify\"><span style=\"font-family: Times New Roman, serif;\"><span style=\"font-size: medium;\">Instagram e X:\u00a0 @mspontocom<\/span><\/span><\/p>\n<p style=\"text-align: justify;\" align=\"justify\">\n<p style=\"text-align: justify;\"><em>fonte: Leonardo Rocha, Comunica\u00e7\u00e3o<\/em><br \/>\n<em>Foto: Saul Schramm<\/em><\/p>\n<div id=\"gallery-1\" class=\"gallery galleryid-498620 gallery-columns-2 gallery-size-large\">\n<figure class=\"gallery-item\">\n<div class=\"gallery-icon landscape\" style=\"text-align: justify;\"><\/div>\n<\/figure>\n<\/div>\n","protected":false},"excerpt":{"rendered":"<p>O governador Eduardo Riedel recebeu nesta quarta-feira (11) uma comitiva de Okinawa (Jap\u00e3o), que est\u00e1 em Campo Grande para realizar workshops sobre culin\u00e1ria, esportes e artes marciais. Mais uma oportunidade para estreita os la\u00e7os culturais e refor\u00e7ar futuras parcerias comerciais do Mato Grosso do Sul com a prov\u00edncia que fica na regi\u00e3o sul do Jap\u00e3o. [&hellip;]<\/p>\n","protected":false},"author":2,"featured_media":196138,"comment_status":"open","ping_status":"open","sticky":false,"template":"","format":"standard","meta":{"_monsterinsights_skip_tracking":false,"_monsterinsights_sitenote_active":false,"_monsterinsights_sitenote_note":"","_monsterinsights_sitenote_category":0},"categories":[74],"tags":[5286,649,1393,42348],"aioseo_notices":[],"_links":{"self":[{"href":"https:\/\/mspontocom.com.br\/site\/wp-json\/wp\/v2\/posts\/196137"}],"collection":[{"href":"https:\/\/mspontocom.com.br\/site\/wp-json\/wp\/v2\/posts"}],"about":[{"href":"https:\/\/mspontocom.com.br\/site\/wp-json\/wp\/v2\/types\/post"}],"author":[{"embeddable":true,"href":"https:\/\/mspontocom.com.br\/site\/wp-json\/wp\/v2\/users\/2"}],"replies":[{"embeddable":true,"href":"https:\/\/mspontocom.com.br\/site\/wp-json\/wp\/v2\/comments?post=196137"}],"version-history":[{"count":1,"href":"https:\/\/mspontocom.com.br\/site\/wp-json\/wp\/v2\/posts\/196137\/revisions"}],"predecessor-version":[{"id":196139,"href":"https:\/\/mspontocom.com.br\/site\/wp-json\/wp\/v2\/posts\/196137\/revisions\/196139"}],"wp:featuredmedia":[{"embeddable":true,"href":"https:\/\/mspontocom.com.br\/site\/wp-json\/wp\/v2\/media\/196138"}],"wp:attachment":[{"href":"https:\/\/mspontocom.com.br\/site\/wp-json\/wp\/v2\/media?parent=196137"}],"wp:term":[{"taxonomy":"category","embeddable":true,"href":"https:\/\/mspontocom.com.br\/site\/wp-json\/wp\/v2\/categories?post=196137"},{"taxonomy":"post_tag","embeddable":true,"href":"https:\/\/mspontocom.com.br\/site\/wp-json\/wp\/v2\/tags?post=196137"}],"curies":[{"name":"wp","href":"https:\/\/api.w.org\/{rel}","templated":true}]}}