{"id":196238,"date":"2024-12-18T04:11:04","date_gmt":"2024-12-18T08:11:04","guid":{"rendered":"https:\/\/mspontocom.com.br\/site\/?p=196238"},"modified":"2024-12-18T06:26:08","modified_gmt":"2024-12-18T10:26:08","slug":"riedel-fortalece-articulacao-politica-ao-nomear-walter-carneiro-junior-como-adjunto-da-casa-civil","status":"publish","type":"post","link":"https:\/\/mspontocom.com.br\/site\/riedel-fortalece-articulacao-politica-ao-nomear-walter-carneiro-junior-como-adjunto-da-casa-civil\/","title":{"rendered":"Riedel fortalece articula\u00e7\u00e3o pol\u00edtica ao nomear Walter Carneiro J\u00fanior como adjunto da Casa Civil"},"content":{"rendered":"<p style=\"text-align: justify;\"><img loading=\"lazy\" class=\"alignnone size-full wp-image-196239\" src=\"https:\/\/mspontocom.com.br\/site\/wp-content\/uploads\/2024\/12\/site-riedel-fortalece-articulacao-politica-ao-nomear-walter-carneiro-junior-como-adjunto-da-casa-civil-foto.jpg\" alt=\"\" width=\"1600\" height=\"1204\" srcset=\"https:\/\/mspontocom.com.br\/site\/wp-content\/uploads\/2024\/12\/site-riedel-fortalece-articulacao-politica-ao-nomear-walter-carneiro-junior-como-adjunto-da-casa-civil-foto.jpg 1600w, https:\/\/mspontocom.com.br\/site\/wp-content\/uploads\/2024\/12\/site-riedel-fortalece-articulacao-politica-ao-nomear-walter-carneiro-junior-como-adjunto-da-casa-civil-foto-260x196.jpg 260w, https:\/\/mspontocom.com.br\/site\/wp-content\/uploads\/2024\/12\/site-riedel-fortalece-articulacao-politica-ao-nomear-walter-carneiro-junior-como-adjunto-da-casa-civil-foto-1024x771.jpg 1024w, https:\/\/mspontocom.com.br\/site\/wp-content\/uploads\/2024\/12\/site-riedel-fortalece-articulacao-politica-ao-nomear-walter-carneiro-junior-como-adjunto-da-casa-civil-foto-768x578.jpg 768w, https:\/\/mspontocom.com.br\/site\/wp-content\/uploads\/2024\/12\/site-riedel-fortalece-articulacao-politica-ao-nomear-walter-carneiro-junior-como-adjunto-da-casa-civil-foto-1536x1156.jpg 1536w\" sizes=\"(max-width: 1600px) 100vw, 1600px\" \/>O governador de Mato Grosso do Sul, <strong>Eduardo Riedel<\/strong> (PSDB), refor\u00e7ou o papel estrat\u00e9gico da Casa Civil no encerramento deste ano, ao nomear o advogado <strong>Walter Carneiro J\u00fanior<\/strong> como secret\u00e1rio-adjunto da pasta.<\/p>\n<p style=\"text-align: justify;\">A mudan\u00e7a ocorre em um momento de intensifica\u00e7\u00e3o do di\u00e1logo com prefeitos e parlamentares, consolidando o modelo municipalista defendido pela gest\u00e3o estadual.<\/p>\n<p style=\"text-align: justify;\">Walter Carneiro J\u00fanior substituir\u00e1 Daynler Martins Leonel, no cargo desde abril, ap\u00f3s passagem pela Secretaria de Administra\u00e7\u00e3o.<\/p>\n<p style=\"text-align: justify;\">A escolha demonstra a inten\u00e7\u00e3o do governo de ampliar a capacidade de articula\u00e7\u00e3o pol\u00edtica da pasta, liderada pelo secret\u00e1rio Eduardo Rocha, em conjunto com a Secretaria de Governo e demais secretarias.<\/p>\n<p style=\"text-align: justify;\"><strong>ENTREGAS EM 2025<\/strong><\/p>\n<p style=\"text-align: justify;\">\nEm 2025, a Casa Civil ter\u00e1 um papel fundamental nas entregas que a popula\u00e7\u00e3o de Mato Grosso do Sul tanto espera do governo Riedel.<\/p>\n<p style=\"text-align: justify;\">O prop\u00f3sito central \u00e9 garantir que as pol\u00edticas p\u00fablicas cheguem de forma efetiva at\u00e9 a popula\u00e7\u00e3o, contribuindo diretamente para a melhoria dos indicadores sociais e econ\u00f4micos do Estado.<\/p>\n<p style=\"text-align: justify;\">A nomea\u00e7\u00e3o de Waltinho para atuar junto a Eduardo Rocha mira o pr\u00f3ximo ano, marcado por um cronograma robusto de entregas, com inaugura\u00e7\u00f5es de obras priorit\u00e1rias, como estradas, escolas e investimentos em seguran\u00e7a p\u00fablica e assist\u00eancia social, entre outros setores da administra\u00e7\u00e3o p\u00fablica.<\/p>\n<p style=\"text-align: justify;\">A decis\u00e3o de Riedel vem acompanhada de uma estrat\u00e9gia clara: fortalecer a Casa Civil como eixo central na articula\u00e7\u00e3o pol\u00edtica e institucional do Estado, especialmente em 2025.<\/p>\n<p align=\"justify\"><span style=\"font-family: Times New Roman, serif;\"><span style=\"font-size: medium;\"><span style=\"color: #ff0000;\">Continue ao nosso lado. Veja mais not\u00edcias em<\/span>: <span style=\"color: #0000ff;\"><u><a href=\"http:\/\/www.mspontocom.com.br\/\">www.mspontocom.com.br<\/a><\/u><\/span><\/span><\/span><\/p>\n<p align=\"justify\"><span style=\"font-family: Times New Roman, serif;\"><span style=\"font-size: medium;\">Instagram e X:\u00a0 @mspontocom<\/span><\/span><\/p>\n","protected":false},"excerpt":{"rendered":"<p>O governador de Mato Grosso do Sul, Eduardo Riedel (PSDB), refor\u00e7ou o papel estrat\u00e9gico da Casa Civil no encerramento deste ano, ao nomear o advogado Walter Carneiro J\u00fanior como secret\u00e1rio-adjunto da pasta. A mudan\u00e7a ocorre em um momento de intensifica\u00e7\u00e3o do di\u00e1logo com prefeitos e parlamentares, consolidando o modelo municipalista defendido pela gest\u00e3o estadual. Walter [&hellip;]<\/p>\n","protected":false},"author":2,"featured_media":196239,"comment_status":"open","ping_status":"open","sticky":false,"template":"","format":"standard","meta":{"_monsterinsights_skip_tracking":false,"_monsterinsights_sitenote_active":false,"_monsterinsights_sitenote_note":"","_monsterinsights_sitenote_category":0},"categories":[74],"tags":[42366,1282,17716,42365],"aioseo_notices":[],"_links":{"self":[{"href":"https:\/\/mspontocom.com.br\/site\/wp-json\/wp\/v2\/posts\/196238"}],"collection":[{"href":"https:\/\/mspontocom.com.br\/site\/wp-json\/wp\/v2\/posts"}],"about":[{"href":"https:\/\/mspontocom.com.br\/site\/wp-json\/wp\/v2\/types\/post"}],"author":[{"embeddable":true,"href":"https:\/\/mspontocom.com.br\/site\/wp-json\/wp\/v2\/users\/2"}],"replies":[{"embeddable":true,"href":"https:\/\/mspontocom.com.br\/site\/wp-json\/wp\/v2\/comments?post=196238"}],"version-history":[{"count":1,"href":"https:\/\/mspontocom.com.br\/site\/wp-json\/wp\/v2\/posts\/196238\/revisions"}],"predecessor-version":[{"id":196240,"href":"https:\/\/mspontocom.com.br\/site\/wp-json\/wp\/v2\/posts\/196238\/revisions\/196240"}],"wp:featuredmedia":[{"embeddable":true,"href":"https:\/\/mspontocom.com.br\/site\/wp-json\/wp\/v2\/media\/196239"}],"wp:attachment":[{"href":"https:\/\/mspontocom.com.br\/site\/wp-json\/wp\/v2\/media?parent=196238"}],"wp:term":[{"taxonomy":"category","embeddable":true,"href":"https:\/\/mspontocom.com.br\/site\/wp-json\/wp\/v2\/categories?post=196238"},{"taxonomy":"post_tag","embeddable":true,"href":"https:\/\/mspontocom.com.br\/site\/wp-json\/wp\/v2\/tags?post=196238"}],"curies":[{"name":"wp","href":"https:\/\/api.w.org\/{rel}","templated":true}]}}