{"id":196293,"date":"2024-12-20T06:03:51","date_gmt":"2024-12-20T10:03:51","guid":{"rendered":"https:\/\/mspontocom.com.br\/site\/?p=196293"},"modified":"2024-12-20T08:06:16","modified_gmt":"2024-12-20T12:06:16","slug":"ms-cria-mecanismos-mais-avancados-do-pais-em-atracao-de-ciencia-tecnologia-e-inovacao","status":"publish","type":"post","link":"https:\/\/mspontocom.com.br\/site\/ms-cria-mecanismos-mais-avancados-do-pais-em-atracao-de-ciencia-tecnologia-e-inovacao\/","title":{"rendered":"MS cria mecanismos mais avan\u00e7ados do Pa\u00eds em atra\u00e7\u00e3o de Ci\u00eancia, Tecnologia e Inova\u00e7\u00e3o"},"content":{"rendered":"<p style=\"text-align: justify;\"><img loading=\"lazy\" class=\"alignnone size-full wp-image-196302\" src=\"https:\/\/mspontocom.com.br\/site\/wp-content\/uploads\/2024\/12\/site-ms-cria-mecanismos-mais-avancados-do-pais-em-atracao-de-ciencia-tecnologia-e-inovacao-inova-ms.jpg\" alt=\"\" width=\"730\" height=\"480\" srcset=\"https:\/\/mspontocom.com.br\/site\/wp-content\/uploads\/2024\/12\/site-ms-cria-mecanismos-mais-avancados-do-pais-em-atracao-de-ciencia-tecnologia-e-inovacao-inova-ms.jpg 730w, https:\/\/mspontocom.com.br\/site\/wp-content\/uploads\/2024\/12\/site-ms-cria-mecanismos-mais-avancados-do-pais-em-atracao-de-ciencia-tecnologia-e-inovacao-inova-ms-260x171.jpg 260w\" sizes=\"(max-width: 730px) 100vw, 730px\" \/>Considerado o &#8220;Estado da Arte&#8221; pela comunidade cient\u00edfica sul-mato-grossense e nacional no que diz respeito \u00e0 instrumentaliza\u00e7\u00e3o de pol\u00edticas voltadas \u00e0 Ci\u00eancia, Tecnologia e Inova\u00e7\u00e3o, o Governo de Mato Grosso do Sul acaba de criar um marco legal para incentivar a pesquisa e o empreendedorismo tecnol\u00f3gico.<\/p>\n<p style=\"text-align: justify;\">A proposta, de autoria do Executivo estadual e aprovada de forma un\u00e2nime pela Alems (Assembleia Legislativa de Mato Grosso do Sul), foi sancionada hoje (19) pelo governador Eduardo Riedel, e cria tr\u00eas importantes mecanismos: o Sistema Estadual de Ci\u00eancia, Tecnologia e Inova\u00e7\u00e3o, o Conselho Estadual de Ci\u00eancia, Tecnologia e Inova\u00e7\u00e3o e o Fundo Estadual de Ci\u00eancia, Tecnologia e Inova\u00e7\u00e3o. Os tr\u00eas mecanismos juntos criam um ambiente favor\u00e1vel para parcerias entre governo, setor privado e academia.<\/p>\n<p style=\"text-align: justify;\">Riedel sancionou, no Receptivo, o projeto de lei na presen\u00e7a do reitor da UCDB (Universidade Cat\u00f3lica Dom Bosco) e presidente do CRIE-MS (Conselho Regional de Inova\u00e7\u00e3o de Mato Grosso do Sul, padre Jos\u00e9 Marinoni, da reitora da UFMS (Universidade Federal de Mato Grosso do Sul, Camila \u00cdtavo, do reitor da UFGD (Universidade Federal da Grande Dourados, Jones Goettert, da reitora do IFMS (Instituto Federal de Mato Grosso do Sul), Elaine Cassiano, do reitor da UEMS (Universidade Federal de Mato Grosso do Sul), La\u00e9rcio Carvalho , e do reitor da Universidade Anhanguera-Uniderp, Cristiano Cupertino.<\/p>\n<p style=\"text-align: justify;\">De acordo com o governador Eduardo Riedel, as tr\u00eas iniciativas visam fomentar o desenvolvimento econ\u00f4mico e social por meio da inova\u00e7\u00e3o, al\u00e9m de adaptar o Estado \u00e0s demandas contempor\u00e2neas de competitividade, sustentabilidade e inclus\u00e3o. &#8220;Criamos mais condi\u00e7\u00f5es para atrair investimentos,\u00a0 gerar empregos e agregar valor aos recursos naturais do Estado&#8221;, garante.<\/p>\n<p style=\"text-align: justify;\">O secret\u00e1rio da Semadesc (Secretaria de Meio Ambiente, Desenvolvimento, Ci\u00eancia, Tecnologia e Inova\u00e7\u00e3o), Jaime Verruck, salienta o processo de constru\u00e7\u00e3o que permitiu a cria\u00e7\u00e3o deste instrumento de est\u00edmulo \u00e0 ci\u00eancia, tecnologia e inova\u00e7\u00e3o.<\/p>\n<p style=\"text-align: justify;\">&#8220;\u00c9 uma lei que foi constru\u00edda ao longo de um ano, com toda preocupa\u00e7\u00e3o jur\u00eddica, tentando trazer tudo que j\u00e1 tinha de inova\u00e7\u00e3o, do seu ponto de vista legislativo, para dentro de uma lei estadual. Ela \u00e9 o &#8220;Estado da Arte&#8221; em termos de legisla\u00e7\u00e3o hoje no Brasil. O Mato Grosso hoje j\u00e1 tem um ambiente favor\u00e1vel aos neg\u00f3cios, com resultados altamente positivos no Estado. Agora, temos um ambiente favor\u00e1vel \u00e0 Ci\u00eancia e Tecnologia atraindo conhecimento, capital humano, inovando, principalmente, em \u00e1reas que o governo j\u00e1 tem prioridade&#8221;, complementa.<\/p>\n<p style=\"text-align: justify;\">Para o secret\u00e1rio-executivo de Ci\u00eancia, Tecnologia e Inova\u00e7\u00e3o, da Semadesc, Ricardo Senna, a iniciativa cria pol\u00edticas de Estado e uma intera\u00e7\u00e3o cada vez maior no trip\u00e9 academia, governo e setor produtivo. &#8220;Temos uma das leis mais modernas hoje do Pa\u00eds, e bastante robusta. Vai oportunizar encomendas tecnol\u00f3gicas do Governo, como a identifica\u00e7\u00e3o de um problema espec\u00edfico na \u00e1rea de sa\u00fade p\u00fablica, e educa\u00e7\u00e3o, por exemplo&#8221;, ressalta.<\/p>\n<p style=\"text-align: justify;\">O diretor-presidente da FUNDECT (Funda\u00e7\u00e3o de Apoio ao Desenvolvimento do Ensino, Ci\u00eancia e Tecnologia de MS), M\u00e1rcio de Ara\u00fajo Pereira, tamb\u00e9m concorda que a proposta \u00e9 a mais avan\u00e7ada e inovadora do Pa\u00eds.<\/p>\n<p style=\"text-align: justify;\">&#8220;Mato Grosso do Sul sai na frente de todos os estados, compreendendo lacunas importantes e trazendo avan\u00e7os com investimentos que a nossa comunidade cient\u00edfica vai receber com essa intera\u00e7\u00e3o maior com o setor privado, universidades e Governo&#8221;, refor\u00e7a.<\/p>\n<p style=\"text-align: justify;\">Atrav\u00e9s do Funecti (Fundo Estadual de Ci\u00eancia, Tecnologia e Inova\u00e7\u00e3o) ser\u00e3o destinados recursos a programas, projetos e atividades de pesquisa aplicada, desenvolvimento tecnol\u00f3gico e forma\u00e7\u00e3o de recursos humanos. Esses investimentos s\u00e3o considerados estrat\u00e9gicos para fortalecer a competitividade do estado e gerar solu\u00e7\u00f5es inovadoras para os desafios regionais.<\/p>\n<p style=\"text-align: justify;\">O Sistema Estadual de Ci\u00eancia, Tecnologia e Inova\u00e7\u00e3o foi desenhado para integrar universidades, empresas, centros de pesquisa e \u00f3rg\u00e3os p\u00fablicos, promovendo a inova\u00e7\u00e3o e o desenvolvimento sustent\u00e1vel em diferentes setores. J\u00e1 o Conselho Estadual, ser\u00e1 respons\u00e1vel por propor pol\u00edticas, acompanhar investimentos no setor e fomentar parcerias entre institui\u00e7\u00f5es p\u00fablicas e privadas.<\/p>\n<p style=\"text-align: justify;\"><em>Alexandre Gonzaga, Comunica\u00e7\u00e3o\u00a0<\/em><br \/>\n<em>Foto: Bruno Rezende<\/em><\/p>\n","protected":false},"excerpt":{"rendered":"<p>Considerado o &#8220;Estado da Arte&#8221; pela comunidade cient\u00edfica sul-mato-grossense e nacional no que diz respeito \u00e0 instrumentaliza\u00e7\u00e3o de pol\u00edticas voltadas \u00e0 Ci\u00eancia, Tecnologia e Inova\u00e7\u00e3o, o Governo de Mato Grosso do Sul acaba de criar um marco legal para incentivar a pesquisa e o empreendedorismo tecnol\u00f3gico. A proposta, de autoria do Executivo estadual e aprovada [&hellip;]<\/p>\n","protected":false},"author":2,"featured_media":196302,"comment_status":"open","ping_status":"open","sticky":false,"template":"","format":"standard","meta":{"_monsterinsights_skip_tracking":false,"_monsterinsights_sitenote_active":false,"_monsterinsights_sitenote_note":"","_monsterinsights_sitenote_category":0},"categories":[74],"tags":[4028,81,362],"aioseo_notices":[],"_links":{"self":[{"href":"https:\/\/mspontocom.com.br\/site\/wp-json\/wp\/v2\/posts\/196293"}],"collection":[{"href":"https:\/\/mspontocom.com.br\/site\/wp-json\/wp\/v2\/posts"}],"about":[{"href":"https:\/\/mspontocom.com.br\/site\/wp-json\/wp\/v2\/types\/post"}],"author":[{"embeddable":true,"href":"https:\/\/mspontocom.com.br\/site\/wp-json\/wp\/v2\/users\/2"}],"replies":[{"embeddable":true,"href":"https:\/\/mspontocom.com.br\/site\/wp-json\/wp\/v2\/comments?post=196293"}],"version-history":[{"count":2,"href":"https:\/\/mspontocom.com.br\/site\/wp-json\/wp\/v2\/posts\/196293\/revisions"}],"predecessor-version":[{"id":196303,"href":"https:\/\/mspontocom.com.br\/site\/wp-json\/wp\/v2\/posts\/196293\/revisions\/196303"}],"wp:featuredmedia":[{"embeddable":true,"href":"https:\/\/mspontocom.com.br\/site\/wp-json\/wp\/v2\/media\/196302"}],"wp:attachment":[{"href":"https:\/\/mspontocom.com.br\/site\/wp-json\/wp\/v2\/media?parent=196293"}],"wp:term":[{"taxonomy":"category","embeddable":true,"href":"https:\/\/mspontocom.com.br\/site\/wp-json\/wp\/v2\/categories?post=196293"},{"taxonomy":"post_tag","embeddable":true,"href":"https:\/\/mspontocom.com.br\/site\/wp-json\/wp\/v2\/tags?post=196293"}],"curies":[{"name":"wp","href":"https:\/\/api.w.org\/{rel}","templated":true}]}}