{"id":196710,"date":"2025-01-10T05:54:06","date_gmt":"2025-01-10T09:54:06","guid":{"rendered":"https:\/\/mspontocom.com.br\/site\/?p=196710"},"modified":"2025-01-10T08:09:37","modified_gmt":"2025-01-10T12:09:37","slug":"ifms-abre-920-vagas-para-graduacao-gratuitas-em-dez-cidades","status":"publish","type":"post","link":"https:\/\/mspontocom.com.br\/site\/ifms-abre-920-vagas-para-graduacao-gratuitas-em-dez-cidades\/","title":{"rendered":"IFMS abre 920 vagas para gradua\u00e7\u00e3o gratuitas em dez cidades"},"content":{"rendered":"<p style=\"text-align: justify;\"><img loading=\"lazy\" class=\"alignnone size-full wp-image-196711\" src=\"https:\/\/mspontocom.com.br\/site\/wp-content\/uploads\/2025\/01\/site-ifms-abre-920-vagas-para-graduacao-em-dez-municipios-ifms2.png\" alt=\"\" width=\"768\" height=\"460\" srcset=\"https:\/\/mspontocom.com.br\/site\/wp-content\/uploads\/2025\/01\/site-ifms-abre-920-vagas-para-graduacao-em-dez-municipios-ifms2.png 768w, https:\/\/mspontocom.com.br\/site\/wp-content\/uploads\/2025\/01\/site-ifms-abre-920-vagas-para-graduacao-em-dez-municipios-ifms2-260x156.png 260w\" sizes=\"(max-width: 768px) 100vw, 768px\" \/>O Instituto Federal de Mato Grosso do Sul (IFMS) publicou o edital que abre 920 vagas em cursos gratuitos e presenciais de gradua\u00e7\u00e3o, com ingresso no primeiro e segundo semestres de 2025, dependendo do curso.<\/p>\n<p style=\"text-align: justify;\">A sele\u00e7\u00e3o ser\u00e1 feita por meio do Sistema de Sele\u00e7\u00e3o Unificada (Sisu).<\/p>\n<p style=\"text-align: justify;\">As vagas para cursos superiores de tecnologia, bacharelados e licenciaturas s\u00e3o ofertadas nos campi Aquidauana, Campo Grande, Corumb\u00e1, Coxim, Dourados, Jardim, Navira\u00ed, Nova Andradina, Ponta Por\u00e3 e Tr\u00eas Lagoas.<\/p>\n<p style=\"text-align: justify;\">Os candidatos classificados e convocados dever\u00e3o apresentar, no ato da matr\u00edcula, o certificado de conclus\u00e3o do ensino m\u00e9dio ou equivalente. No caso dos cursos com in\u00edcio das aulas no segundo semestre, o estudante dever\u00e1 concluir o ensino m\u00e9dio at\u00e9 1\u00ba de agosto.<\/p>\n<p style=\"text-align: justify;\">O\u00a0<strong><a title=\"Edital n\u00ba 001\/2025\" href=\"https:\/\/email.ifms.edu.br\/lists\/lt.php?tid=KxkBAFUJBgYBVUtaBFQHTlBQVwFOW1sBBRtaXlYAVAZWAAMBVQ4fVlZSB1cFWVJOVAQEVE4NXg1XGwBSVgNPUFpUUwFTCVIBW1dSHwBWVQdcUQtQTlsBCFIbDFIAVk9TAgBTH1IAAgUBVlFXAlgBVQ\" target=\"_blank\" rel=\"noopener\" data-saferedirecturl=\"https:\/\/www.google.com\/url?q=https:\/\/email.ifms.edu.br\/lists\/lt.php?tid%3DKxkBAFUJBgYBVUtaBFQHTlBQVwFOW1sBBRtaXlYAVAZWAAMBVQ4fVlZSB1cFWVJOVAQEVE4NXg1XGwBSVgNPUFpUUwFTCVIBW1dSHwBWVQdcUQtQTlsBCFIbDFIAVk9TAgBTH1IAAgUBVlFXAlgBVQ&amp;source=gmail&amp;ust=1736596333931000&amp;usg=AOvVaw30eEfNXudBv9Pn_cW8_SHc\">Edital n.\u00ba 001\/2025<\/a><\/strong>, com as regras do processo seletivo,\u00a0<a title=\"est\u00e1 dispon\u00edvel na Central de Sele\u00e7\u00e3o\" href=\"https:\/\/email.ifms.edu.br\/lists\/lt.php?tid=KxlTUF1aUgZXWEtQUlNWTlBQVwdOAA8IVRsAUAFQAAJUXQJXAFkfVlZSB1cFWVJOVAQEVE4NXg1XGwBSVgNPUFpUUwFTCVIBW1dSHwBWVQdcUQtQTlsBCFIbDFIAVk9TAgBTH1IAAgUBVlFXAlgBVQ\" target=\"_blank\" rel=\"noopener\" data-saferedirecturl=\"https:\/\/www.google.com\/url?q=https:\/\/email.ifms.edu.br\/lists\/lt.php?tid%3DKxlTUF1aUgZXWEtQUlNWTlBQVwdOAA8IVRsAUAFQAAJUXQJXAFkfVlZSB1cFWVJOVAQEVE4NXg1XGwBSVgNPUFpUUwFTCVIBW1dSHwBWVQdcUQtQTlsBCFIbDFIAVk9TAgBTH1IAAgUBVlFXAlgBVQ&amp;source=gmail&amp;ust=1736596333931000&amp;usg=AOvVaw0epKVPr8QqE0Wyl3x12vAX\">est\u00e1 dispon\u00edvel na Central de Sele\u00e7\u00e3o<\/a>.<\/p>\n<p style=\"text-align: justify;\"><strong>A\u00e7\u00e3o Afirmativa (Cotas)<\/strong>\u00a0&#8211;\u00a0Metade das vagas \u00e9 destinada a quem estudou todo o ensino m\u00e9dio em escola p\u00fablica ou em escolas comunit\u00e1rias de educa\u00e7\u00e3o do campo conveniadas com o poder p\u00fablico.<\/p>\n<p style=\"text-align: justify;\">Tamb\u00e9m h\u00e1 vagas\u00a0reservadas para pretos, pardos, ind\u00edgenas, quilombolas e pessoas com defici\u00eancia. Pretos e pardos inscritos dever\u00e3o passar por uma banca de heteroidentifica\u00e7\u00e3o para a verifica\u00e7\u00e3o da veracidade da autodeclara\u00e7\u00e3o.<\/p>\n<p style=\"text-align: justify;\">A op\u00e7\u00e3o por concorrer como benefici\u00e1rio de a\u00e7\u00f5es afirmativas (cotista) dever\u00e1 ser feita no ato da inscri\u00e7\u00e3o.<\/p>\n<p style=\"text-align: justify;\"><strong>Inscri\u00e7\u00f5es\u00a0<\/strong>&#8211;\u00a0Os interessados nas vagas de gradua\u00e7\u00e3o do IFMS dever\u00e3o se inscrever na\u00a0<a title=\"p\u00e1gina do Sisu\" href=\"https:\/\/email.ifms.edu.br\/lists\/lt.php?tid=KxlXUQEMU1VaAEsAUlVUTlAEVAFOAAAPAhtbBApWU1RRBwABUAofVlZSB1cFWVJOVAQEVE4NXg1XGwBSVgNPUFpUUwFTCVIBW1dSHwBWVQdcUQtQTlsBCFIbDFIAVk9TAgBTH1IAAgUBVlFXAlgBVQ\" target=\"_blank\" rel=\"noopener\" data-saferedirecturl=\"https:\/\/www.google.com\/url?q=https:\/\/email.ifms.edu.br\/lists\/lt.php?tid%3DKxlXUQEMU1VaAEsAUlVUTlAEVAFOAAAPAhtbBApWU1RRBwABUAofVlZSB1cFWVJOVAQEVE4NXg1XGwBSVgNPUFpUUwFTCVIBW1dSHwBWVQdcUQtQTlsBCFIbDFIAVk9TAgBTH1IAAgUBVlFXAlgBVQ&amp;source=gmail&amp;ust=1736596333931000&amp;usg=AOvVaw3mArYUDfeK52tB1lRYTjtD\">p\u00e1gina do Sisu<\/a>, entre os dias<strong>\u00a017 e 21 de janeiro<\/strong>.<\/p>\n<p style=\"text-align: justify;\">S\u00f3 poder\u00e3o se inscrever no processo seletivo aqueles que fizeram o Exame Nacional do Ensino M\u00e9dio (Enem) em 2024 e obtiveram nota acima de zero na prova de reda\u00e7\u00e3o.<\/p>\n<p style=\"text-align: justify;\"><strong>Cronograma<\/strong>\u00a0&#8211; Conforme o cronograma do Sisu, o resultado e a convoca\u00e7\u00e3o para matr\u00edculas em primeira chamada ser\u00e3o divulgados no dia 26 de janeiro, com matr\u00edculas entre 27 e 31 do mesmo m\u00eas.<\/p>\n<p style=\"text-align: justify;\">O cronograma prev\u00ea ainda as etapas do processo de heteroidentifica\u00e7\u00e3o, al\u00e9m da divulga\u00e7\u00e3o da 2\u00aa chamada e do prazo para inscri\u00e7\u00e3o em lista de espera.<\/p>\n<p style=\"text-align: justify;\">D\u00favidas sobre o edital devem ser encaminhadas para o e-mail\u00a0<a title=\"selecao.graduacao@ifms.edu.br\" href=\"mailto:selecao.graduacao@ifms.edu.br?subject=E-mail\" target=\"_blank\" rel=\"noopener\">selecao.graduacao@ifms.<wbr \/>edu.br<\/a>.<\/p>\n<p style=\"text-align: justify;\"><strong>Quadro de Vagas &#8211; Cursos de Gradua\u00e7\u00e3o do IFMS 2025<\/strong><\/p>\n<table border=\"1\">\n<thead>\n<tr>\n<th>Campus<\/th>\n<th>Curso<\/th>\n<th>Turno<\/th>\n<th>In\u00edcio das Aulas<\/th>\n<th>Vagas<\/th>\n<\/tr>\n<\/thead>\n<tbody>\n<tr>\n<td rowspan=\"3\">Aquidauana<\/td>\n<td>Engenharia Civil<\/td>\n<td>Integral<\/td>\n<td>2\u00ba semestre<\/td>\n<td>40<\/td>\n<\/tr>\n<tr>\n<td>Redes de Computadores<\/td>\n<td>Noturno<\/td>\n<td>1\u00ba semestre<\/td>\n<td>40<\/td>\n<\/tr>\n<tr>\n<td>Sistemas para Internet<\/td>\n<td>Noturno<\/td>\n<td>2\u00ba semestre<\/td>\n<td>40<\/td>\n<\/tr>\n<tr>\n<td rowspan=\"4\">Campo Grande<\/td>\n<td rowspan=\"2\">Sistemas para Internet<\/td>\n<td>Matutino<\/td>\n<td>2\u00ba semestre<\/td>\n<td>40<\/td>\n<\/tr>\n<tr>\n<td>Noturno<\/td>\n<td>1\u00ba semestre<\/td>\n<td>40<\/td>\n<\/tr>\n<tr>\n<td>Engenharia El\u00e9trica<\/td>\n<td>Noturno<\/td>\n<td>1\u00ba semestre<\/td>\n<td>40<\/td>\n<\/tr>\n<tr>\n<td>Engenharia Mec\u00e2nica<\/td>\n<td>Noturno<\/td>\n<td>1\u00ba semestre<\/td>\n<td>40<\/td>\n<\/tr>\n<tr>\n<td rowspan=\"2\">Corumb\u00e1<\/td>\n<td>An\u00e1lise e Desenvolvimento de Sistemas<\/td>\n<td>Noturno<\/td>\n<td>1\u00ba semestre<\/td>\n<td>40<\/td>\n<\/tr>\n<tr>\n<td>Processos Metal\u00fargicos<\/td>\n<td>Noturno<\/td>\n<td>1\u00ba semestre<\/td>\n<td>40<\/td>\n<\/tr>\n<tr>\n<td rowspan=\"2\">Coxim<\/td>\n<td>Sistemas para Internet<\/td>\n<td>Noturno<\/td>\n<td>1\u00ba semestre<\/td>\n<td>40<\/td>\n<\/tr>\n<tr>\n<td>Licenciatura em Qu\u00edmica<\/td>\n<td>Noturno<\/td>\n<td>1\u00ba semestre<\/td>\n<td>40<\/td>\n<\/tr>\n<tr>\n<td>Dourados<\/td>\n<td>Jogos Digitais<\/td>\n<td>Noturno<\/td>\n<td>1\u00ba semestre<\/td>\n<td>40<\/td>\n<\/tr>\n<tr>\n<td rowspan=\"2\">Jardim<\/td>\n<td>Arquitetura e Urbanismo<\/td>\n<td>Integral<\/td>\n<td>1\u00ba semestre<\/td>\n<td>40<\/td>\n<\/tr>\n<tr>\n<td>Licenciatura em Computa\u00e7\u00e3o<\/td>\n<td>Noturno<\/td>\n<td>1\u00ba semestre<\/td>\n<td>40<\/td>\n<\/tr>\n<tr>\n<td rowspan=\"2\">Navira\u00ed<\/td>\n<td>An\u00e1lise e Desenvolvimento de Sistemas<\/td>\n<td>Noturno<\/td>\n<td>1\u00ba semestre<\/td>\n<td>40<\/td>\n<\/tr>\n<tr>\n<td>Agronomia<\/td>\n<td>Integral<\/td>\n<td>1\u00ba semestre<\/td>\n<td>40<\/td>\n<\/tr>\n<tr>\n<td rowspan=\"2\">Nova Andradina<\/td>\n<td>An\u00e1lise e Desenvolvimento de Sistemas<\/td>\n<td>Noturno<\/td>\n<td>1\u00ba semestre<\/td>\n<td>40<\/td>\n<\/tr>\n<tr>\n<td>Agronomia<\/td>\n<td>Integral<\/td>\n<td>1\u00ba semestre<\/td>\n<td>40<\/td>\n<\/tr>\n<tr>\n<td rowspan=\"2\">Ponta Por\u00e3<\/td>\n<td>Gest\u00e3o do Agroneg\u00f3cio<\/td>\n<td>Noturno<\/td>\n<td>1\u00ba semestre<\/td>\n<td>40<\/td>\n<\/tr>\n<tr>\n<td>Agronomia<\/td>\n<td>Integral<\/td>\n<td>1\u00ba semestre<\/td>\n<td>40<\/td>\n<\/tr>\n<tr>\n<td rowspan=\"3\">Tr\u00eas Lagoas<\/td>\n<td>Engenharia de Controle e Automa\u00e7\u00e3o<\/td>\n<td>Integral<\/td>\n<td>1\u00ba semestre<\/td>\n<td>40<\/td>\n<\/tr>\n<tr>\n<td>An\u00e1lise e Desenvolvimento de Sistemas<\/td>\n<td>Noturno<\/td>\n<td>1\u00ba semestre<\/td>\n<td>40<\/td>\n<\/tr>\n<tr>\n<td>Engenharia de Computa\u00e7\u00e3o<\/td>\n<td>Integral<\/td>\n<td>1\u00ba semestre<\/td>\n<td>40<\/td>\n<\/tr>\n<\/tbody>\n<\/table>\n","protected":false},"excerpt":{"rendered":"<p>O Instituto Federal de Mato Grosso do Sul (IFMS) publicou o edital que abre 920 vagas em cursos gratuitos e presenciais de gradua\u00e7\u00e3o, com ingresso no primeiro e segundo semestres de 2025, dependendo do curso. A sele\u00e7\u00e3o ser\u00e1 feita por meio do Sistema de Sele\u00e7\u00e3o Unificada (Sisu). As vagas para cursos superiores de tecnologia, bacharelados [&hellip;]<\/p>\n","protected":false},"author":2,"featured_media":196711,"comment_status":"open","ping_status":"open","sticky":false,"template":"","format":"standard","meta":{"_monsterinsights_skip_tracking":false,"_monsterinsights_sitenote_active":false,"_monsterinsights_sitenote_note":"","_monsterinsights_sitenote_category":0},"categories":[74],"tags":[1246,1712,972,347],"aioseo_notices":[],"_links":{"self":[{"href":"https:\/\/mspontocom.com.br\/site\/wp-json\/wp\/v2\/posts\/196710"}],"collection":[{"href":"https:\/\/mspontocom.com.br\/site\/wp-json\/wp\/v2\/posts"}],"about":[{"href":"https:\/\/mspontocom.com.br\/site\/wp-json\/wp\/v2\/types\/post"}],"author":[{"embeddable":true,"href":"https:\/\/mspontocom.com.br\/site\/wp-json\/wp\/v2\/users\/2"}],"replies":[{"embeddable":true,"href":"https:\/\/mspontocom.com.br\/site\/wp-json\/wp\/v2\/comments?post=196710"}],"version-history":[{"count":1,"href":"https:\/\/mspontocom.com.br\/site\/wp-json\/wp\/v2\/posts\/196710\/revisions"}],"predecessor-version":[{"id":196712,"href":"https:\/\/mspontocom.com.br\/site\/wp-json\/wp\/v2\/posts\/196710\/revisions\/196712"}],"wp:featuredmedia":[{"embeddable":true,"href":"https:\/\/mspontocom.com.br\/site\/wp-json\/wp\/v2\/media\/196711"}],"wp:attachment":[{"href":"https:\/\/mspontocom.com.br\/site\/wp-json\/wp\/v2\/media?parent=196710"}],"wp:term":[{"taxonomy":"category","embeddable":true,"href":"https:\/\/mspontocom.com.br\/site\/wp-json\/wp\/v2\/categories?post=196710"},{"taxonomy":"post_tag","embeddable":true,"href":"https:\/\/mspontocom.com.br\/site\/wp-json\/wp\/v2\/tags?post=196710"}],"curies":[{"name":"wp","href":"https:\/\/api.w.org\/{rel}","templated":true}]}}