{"id":196782,"date":"2025-01-13T05:05:28","date_gmt":"2025-01-13T09:05:28","guid":{"rendered":"https:\/\/mspontocom.com.br\/site\/?p=196782"},"modified":"2025-01-13T07:35:46","modified_gmt":"2025-01-13T11:35:46","slug":"com-pleno-emprego-ms-atrai-trabalhadores-de-outras-regioes-do-pais","status":"publish","type":"post","link":"https:\/\/mspontocom.com.br\/site\/com-pleno-emprego-ms-atrai-trabalhadores-de-outras-regioes-do-pais\/","title":{"rendered":"Com pleno emprego, MS atrai trabalhadores de outras regi\u00f5es do Pa\u00eds"},"content":{"rendered":"<p style=\"text-align: justify;\"><img loading=\"lazy\" class=\"alignnone size-full wp-image-196783\" src=\"https:\/\/mspontocom.com.br\/site\/wp-content\/uploads\/2025\/01\/site-com-pleno-emprego-ms-atrai-trabalhadores-de-outras-regioes-do-pais-carteira-vagas.jpg\" alt=\"\" width=\"850\" height=\"550\" srcset=\"https:\/\/mspontocom.com.br\/site\/wp-content\/uploads\/2025\/01\/site-com-pleno-emprego-ms-atrai-trabalhadores-de-outras-regioes-do-pais-carteira-vagas.jpg 850w, https:\/\/mspontocom.com.br\/site\/wp-content\/uploads\/2025\/01\/site-com-pleno-emprego-ms-atrai-trabalhadores-de-outras-regioes-do-pais-carteira-vagas-260x168.jpg 260w, https:\/\/mspontocom.com.br\/site\/wp-content\/uploads\/2025\/01\/site-com-pleno-emprego-ms-atrai-trabalhadores-de-outras-regioes-do-pais-carteira-vagas-768x497.jpg 768w\" sizes=\"(max-width: 850px) 100vw, 850px\" \/>Mato Grosso do Sul tem sido palco para um grande encontro de culturas com hist\u00f3rias de vida marcadas pelo desenvolvimento pessoal e profissional.<\/p>\n<p style=\"text-align: justify;\">Um dos principais setores que contribuem para empregar cada vez mais homens e mulheres, sejam nativos ou de outros estados, \u00e9 o de papel, celulose e florestas plantadas, concentrado na regi\u00e3o Leste.<\/p>\n<p style=\"text-align: justify;\">De acordo com dados do SIGA-MS (Sistema de Informa\u00e7\u00f5es Geogr\u00e1ficas do Agroneg\u00f3cio), ligado \u00e0 Semadesc (Secretaria de Meio Ambiente, Desenvolvimento, Ci\u00eancia, Tecnologia e Inova\u00e7\u00e3o), a cadeia produtiva florestal em Mato Grosso do Sul gera mais de 14,9 mil empregos diretos e 12 mil indiretos.<\/p>\n<p style=\"text-align: justify;\">O Estado possui o maior parque industrial de base florestal do Brasil e al\u00e9m das ofertas atrativas de trabalho, j\u00e1 oferece o terceiro melhor sal\u00e1rio m\u00e9dio do Brasil, cerca de R$ 3,4 mil mensais.<\/p>\n<p style=\"text-align: justify;\">J\u00e1 o Projeto Sucuri\u00fa, da empresa Arauco, em Inoc\u00eancia, deve gerar em torno de 14 mil empregos no auge da constru\u00e7\u00e3o da unidade.<\/p>\n<figure id=\"attachment_494593\" class=\"wp-caption alignright\" aria-describedby=\"caption-attachment-494593\"><img loading=\"lazy\" class=\"wp-image-494593 size-medium\" src=\"https:\/\/agenciadenoticias.ms.gov.br\/wp-content\/uploads\/2024\/10\/Esau-Semadesc-300x225.jpeg\" sizes=\"auto, (max-width: 300px) 100vw, 300px\" srcset=\"https:\/\/agenciadenoticias.ms.gov.br\/wp-content\/uploads\/2024\/10\/Esau-Semadesc-300x225.jpeg 300w, https:\/\/agenciadenoticias.ms.gov.br\/wp-content\/uploads\/2024\/10\/Esau-Semadesc-1024x768.jpeg 1024w, https:\/\/agenciadenoticias.ms.gov.br\/wp-content\/uploads\/2024\/10\/Esau-Semadesc-768x576.jpeg 768w, https:\/\/agenciadenoticias.ms.gov.br\/wp-content\/uploads\/2024\/10\/Esau-Semadesc-1536x1152.jpeg 1536w, https:\/\/agenciadenoticias.ms.gov.br\/wp-content\/uploads\/2024\/10\/Esau-Semadesc-2048x1536.jpeg 2048w, https:\/\/agenciadenoticias.ms.gov.br\/wp-content\/uploads\/2024\/10\/Esau-Semadesc-320x240.jpeg 320w, https:\/\/agenciadenoticias.ms.gov.br\/wp-content\/uploads\/2024\/10\/Esau-Semadesc-scaled.jpeg 1920w\" alt=\"\" width=\"300\" height=\"225\" \/><figcaption id=\"caption-attachment-494593\" class=\"wp-caption-text\">Esa\u00fa Rodrigues (Foto: Arquivo)<\/figcaption><\/figure>\n<p><span style=\"font-size: 14pt;\"><em>&#8220;Mato Grosso do Sul est\u00e1 vivendo um momento \u00fanico, sendo o primeiro em investimento p\u00fablico no Brasil e ocupando o terceiro lugar em crescimento econ\u00f4mico. Com tantas oportunidades, nosso estado est\u00e1 atraindo pessoas de todo o pa\u00eds em busca de emprego e qualifica\u00e7\u00e3o, oferecendo diversas vagas e programas&#8221;,<\/em><\/span> destaca Esa\u00fa Rodrigues de Aguiar Neto, secret\u00e1rio-executivo de qualifica\u00e7\u00e3o profissional e trabalho da Semadesc<\/p>\n<p style=\"text-align: justify;\">Ele ainda lembra que o governo j\u00e1 ofertou mais de 270 mil vagas em cursos de qualifica\u00e7\u00e3o e disponibilizar\u00e1 muito mais em 2025.<\/p>\n<p style=\"text-align: justify;\">&#8220;As oportunidades est\u00e3o a\u00ed, para a popula\u00e7\u00e3o sul-mato-grossense e muitos que est\u00e3o enxergando aqui como um novo ber\u00e7o de crescimento profissional e pessoal&#8221;.<\/p>\n<p align=\"justify\"><span style=\"font-family: Times New Roman, serif;\"><span style=\"font-size: medium;\"><span style=\"color: #ff0000;\">Veja mais vagas do mercado de trabalho em<\/span> : <span style=\"color: #0000ff;\"><u><a href=\"http:\/\/www.mspontocom.com.br\/\">www.mspontocom.com.br<\/a><\/u><\/span><\/span><\/span><\/p>\n<p align=\"justify\"><span style=\"font-family: Times New Roman, serif;\"><span style=\"font-size: medium;\">Instagram e X:\u00a0 @mspontocom<\/span><\/span><\/p>\n<p align=\"justify\">\n<p><em>fonte: Alexandre Gonzaga, Comunica\u00e7\u00e3o do Governo de MS<\/em><\/p>\n","protected":false},"excerpt":{"rendered":"<p>Mato Grosso do Sul tem sido palco para um grande encontro de culturas com hist\u00f3rias de vida marcadas pelo desenvolvimento pessoal e profissional. Um dos principais setores que contribuem para empregar cada vez mais homens e mulheres, sejam nativos ou de outros estados, \u00e9 o de papel, celulose e florestas plantadas, concentrado na regi\u00e3o Leste. [&hellip;]<\/p>\n","protected":false},"author":2,"featured_media":196783,"comment_status":"open","ping_status":"open","sticky":false,"template":"","format":"standard","meta":{"_monsterinsights_skip_tracking":false,"_monsterinsights_sitenote_active":false,"_monsterinsights_sitenote_note":"","_monsterinsights_sitenote_category":0},"categories":[74],"tags":[81,42452,21822,39294,96],"aioseo_notices":[],"_links":{"self":[{"href":"https:\/\/mspontocom.com.br\/site\/wp-json\/wp\/v2\/posts\/196782"}],"collection":[{"href":"https:\/\/mspontocom.com.br\/site\/wp-json\/wp\/v2\/posts"}],"about":[{"href":"https:\/\/mspontocom.com.br\/site\/wp-json\/wp\/v2\/types\/post"}],"author":[{"embeddable":true,"href":"https:\/\/mspontocom.com.br\/site\/wp-json\/wp\/v2\/users\/2"}],"replies":[{"embeddable":true,"href":"https:\/\/mspontocom.com.br\/site\/wp-json\/wp\/v2\/comments?post=196782"}],"version-history":[{"count":1,"href":"https:\/\/mspontocom.com.br\/site\/wp-json\/wp\/v2\/posts\/196782\/revisions"}],"predecessor-version":[{"id":196784,"href":"https:\/\/mspontocom.com.br\/site\/wp-json\/wp\/v2\/posts\/196782\/revisions\/196784"}],"wp:featuredmedia":[{"embeddable":true,"href":"https:\/\/mspontocom.com.br\/site\/wp-json\/wp\/v2\/media\/196783"}],"wp:attachment":[{"href":"https:\/\/mspontocom.com.br\/site\/wp-json\/wp\/v2\/media?parent=196782"}],"wp:term":[{"taxonomy":"category","embeddable":true,"href":"https:\/\/mspontocom.com.br\/site\/wp-json\/wp\/v2\/categories?post=196782"},{"taxonomy":"post_tag","embeddable":true,"href":"https:\/\/mspontocom.com.br\/site\/wp-json\/wp\/v2\/tags?post=196782"}],"curies":[{"name":"wp","href":"https:\/\/api.w.org\/{rel}","templated":true}]}}