{"id":196847,"date":"2025-01-15T05:03:27","date_gmt":"2025-01-15T09:03:27","guid":{"rendered":"https:\/\/mspontocom.com.br\/site\/?p=196847"},"modified":"2025-01-15T06:41:38","modified_gmt":"2025-01-15T10:41:38","slug":"senai-abre-1-640-vagas-para-20-cursos-tecnicos-em-mato-grosso-do-sul","status":"publish","type":"post","link":"https:\/\/mspontocom.com.br\/site\/senai-abre-1-640-vagas-para-20-cursos-tecnicos-em-mato-grosso-do-sul\/","title":{"rendered":"Senai abre 1.640 vagas para 20 cursos t\u00e9cnicos em Mato Grosso do Sul"},"content":{"rendered":"<p style=\"text-align: justify;\"><img loading=\"lazy\" class=\"alignnone size-full wp-image-196848\" src=\"https:\/\/mspontocom.com.br\/site\/wp-content\/uploads\/2025\/01\/site-senai-abre-1-640-vagas-para-20-cursos-tecnicos-em-mato-grosso-do-sul-senai-mapa-do-trabalho-2.jpg\" alt=\"\" width=\"1200\" height=\"900\" srcset=\"https:\/\/mspontocom.com.br\/site\/wp-content\/uploads\/2025\/01\/site-senai-abre-1-640-vagas-para-20-cursos-tecnicos-em-mato-grosso-do-sul-senai-mapa-do-trabalho-2.jpg 1200w, https:\/\/mspontocom.com.br\/site\/wp-content\/uploads\/2025\/01\/site-senai-abre-1-640-vagas-para-20-cursos-tecnicos-em-mato-grosso-do-sul-senai-mapa-do-trabalho-2-260x195.jpg 260w, https:\/\/mspontocom.com.br\/site\/wp-content\/uploads\/2025\/01\/site-senai-abre-1-640-vagas-para-20-cursos-tecnicos-em-mato-grosso-do-sul-senai-mapa-do-trabalho-2-1024x768.jpg 1024w, https:\/\/mspontocom.com.br\/site\/wp-content\/uploads\/2025\/01\/site-senai-abre-1-640-vagas-para-20-cursos-tecnicos-em-mato-grosso-do-sul-senai-mapa-do-trabalho-2-768x576.jpg 768w\" sizes=\"(max-width: 1200px) 100vw, 1200px\" \/>Para quem deseja come\u00e7ar 2025 com novas perspectivas e dar um passo decisivo na carreira, o Senai est\u00e1 com matr\u00edculas abertas para cursos t\u00e9cnicos. S\u00e3o 1.640 vagas distribu\u00eddas em mais de 20 cursos em 15 munic\u00edpios de Mato Grosso do Sul.<\/p>\n<p class=\"m_7043437895335606010MsoNoSpacing\" style=\"text-align: justify;\"><b>Matr\u00edculas abertas<u><\/u><u><\/u><\/b><\/p>\n<p class=\"m_7043437895335606010MsoNoSpacing\" style=\"text-align: justify;\"><u><\/u>\u00a0<u><\/u><\/p>\n<p class=\"m_7043437895335606010MsoNoSpacing\" style=\"text-align: justify;\">A educa\u00e7\u00e3o profissional t\u00e9cnica de n\u00edvel m\u00e9dio \u00e9 destinada a alunos matriculados ou egressos do Ensino M\u00e9dio, que devem comprovar a escolaridade ou v\u00ednculo com institui\u00e7\u00e3o de ensino, e as matr\u00edculas podem ser feitas pelo link<a href=\"https:\/\/www.futuro.digital\/cursos-tecnicos\" target=\"_blank\" rel=\"noopener\" data-saferedirecturl=\"https:\/\/www.google.com\/url?q=https:\/\/www.futuro.digital\/cursos-tecnicos&amp;source=gmail&amp;ust=1737022336475000&amp;usg=AOvVaw1hcuF9sGre_db0XcVdczsb\">\u00a0https:\/\/www.futuro.digital\/<wbr \/>cursos-tecnicos<\/a>\u00a0ou nas secretarias das unidades operacionais do Senai.<u><\/u><u><\/u><\/p>\n<p class=\"m_7043437895335606010MsoNoSpacing\" style=\"text-align: justify;\"><u><\/u>\u00a0<u><\/u><\/p>\n<p class=\"m_7043437895335606010MsoNoSpacing\" style=\"text-align: justify;\">Os documentos necess\u00e1rios na hora da matr\u00edcula s\u00e3o: carteira de identidade ou CNH (original e c\u00f3pia), CPF ou declara\u00e7\u00e3o da Receita Federal (original e c\u00f3pia), hist\u00f3rico escolar do Ensino M\u00e9dio ou documento comprovando que o interessado est\u00e1 cursando a etapa de ensino tida como requisito (original e c\u00f3pia) e comprovante de resid\u00eancia atualizado.<\/p>\n<p style=\"font-weight: 400;\"><strong>Confira os cursos oferecidos:<\/strong><\/p>\n<p style=\"font-weight: 400;\">\n<table style=\"font-weight: 400;\">\n<tbody>\n<tr>\n<td><strong>Cidade<\/strong><\/td>\n<td><strong>Curso<\/strong><\/td>\n<td><strong>In\u00edcio<\/strong><\/td>\n<\/tr>\n<tr>\n<td rowspan=\"2\">Sidrol\u00e2ndia<\/td>\n<td>T\u00e9cnico em Seguran\u00e7a do Trabalho<\/td>\n<td>17\/02\/2025<\/td>\n<\/tr>\n<tr>\n<td>T\u00e9cnico em Eletrot\u00e9cnica<\/td>\n<td>17\/02\/2025<\/td>\n<\/tr>\n<tr>\n<td rowspan=\"2\">Sonora<\/td>\n<td>T\u00e9cnico em Eletrot\u00e9cnica<\/td>\n<td>17\/02\/2025<\/td>\n<\/tr>\n<tr>\n<td>T\u00e9cnico em Seguran\u00e7a do Trabalho &#8211; Pedro Gomes<\/td>\n<td>22\/03\/2025<\/td>\n<\/tr>\n<tr>\n<td rowspan=\"2\">Navira\u00ed<\/td>\n<td>T\u00e9cnico em Eletrot\u00e9cnica<\/td>\n<td>08\/03\/2025<\/td>\n<\/tr>\n<tr>\n<td>T\u00e9cnico em Automa\u00e7\u00e3o Industrial<\/td>\n<td>15\/03\/2025<\/td>\n<\/tr>\n<tr>\n<td rowspan=\"5\">&nbsp;<\/p>\n<p>&nbsp;<\/p>\n<p>Rio Verde<\/td>\n<td>T\u00e9cnico em Seguran\u00e7a do Trabalho &#8211; Coxim<\/td>\n<td>22\/03\/2025<\/td>\n<\/tr>\n<tr>\n<td>T\u00e9cnico em Seguran\u00e7a do Trabalho &#8211; Costa Rica<\/td>\n<td>22\/03\/2025<\/td>\n<\/tr>\n<tr>\n<td>T\u00e9cnico em Automa\u00e7\u00e3o Industrial &#8211; Costa Rica<\/td>\n<td>15\/03\/2025<\/td>\n<\/tr>\n<tr>\n<td>T\u00e9cnico em Eletrot\u00e9cnica &#8211; Rio Verde<\/td>\n<td>17\/02\/2025<\/td>\n<\/tr>\n<tr>\n<td>T\u00e9cnico em Eletromec\u00e2nica &#8211; Coxim<\/td>\n<td>29\/03\/2025<\/td>\n<\/tr>\n<tr>\n<td rowspan=\"7\">&nbsp;<\/p>\n<p>&nbsp;<\/p>\n<p>&nbsp;<\/p>\n<p>Aparecida do Taboado<\/td>\n<td>T\u00e9cnico em Eletrot\u00e9cnica<\/td>\n<td>17\/02\/2025<\/td>\n<\/tr>\n<tr>\n<td>T\u00e9cnico em Automa\u00e7\u00e3o Industrial<\/td>\n<td>17\/02\/2025<\/td>\n<\/tr>\n<tr>\n<td>T\u00e9cnico em Administra\u00e7\u00e3o<\/td>\n<td>17\/02\/2025<\/td>\n<\/tr>\n<tr>\n<td>T\u00e9cnico em Log\u00edstica<\/td>\n<td>17\/02\/2025<\/td>\n<\/tr>\n<tr>\n<td>T\u00e9cnico em Qu\u00edmica<\/td>\n<td>08\/04\/2025<\/td>\n<\/tr>\n<tr>\n<td>T\u00e9cnico em Eletrot\u00e9cnica<\/td>\n<td>08\/03\/2025<\/td>\n<\/tr>\n<tr>\n<td>Tecnico em Seguran\u00e7a do Trabalho<\/td>\n<td>22\/03\/2025<\/td>\n<\/tr>\n<tr>\n<td rowspan=\"3\">&nbsp;<\/p>\n<p>Maracaju<\/td>\n<td>T\u00e9ncico em Agroind\u00fastria<\/td>\n<td>27\/05\/2027<\/td>\n<\/tr>\n<tr>\n<td>T\u00e9cnico em Alimentos<\/td>\n<td>08\/03\/2025<\/td>\n<\/tr>\n<tr>\n<td>T\u00e9cnico em Seguran\u00e7a do Trabalho<\/td>\n<td>22\/03\/2025<\/td>\n<\/tr>\n<tr>\n<td rowspan=\"11\">&nbsp;<\/p>\n<p>&nbsp;<\/p>\n<p>&nbsp;<\/p>\n<p>&nbsp;<\/p>\n<p>&nbsp;<\/p>\n<p>Dourados<\/td>\n<td>T\u00e9cnico em Eletrot\u00e9cnica<\/td>\n<td>07\/04\/2025<\/td>\n<\/tr>\n<tr>\n<td>T\u00e9cnico em Manuten\u00e7\u00e3o de M\u00e1quinas Industriais<\/td>\n<td>07\/04\/2025<\/td>\n<\/tr>\n<tr>\n<td>T\u00e9cnico em Alimentos<\/td>\n<td>07\/04\/2025<\/td>\n<\/tr>\n<tr>\n<td>T\u00e9cnico em Eletromec\u00e2nica<\/td>\n<td>07\/04\/2025<\/td>\n<\/tr>\n<tr>\n<td>T\u00e9cnico em Sistemas de Energia Renov\u00e1vel<\/td>\n<td>07\/04\/2025<\/td>\n<\/tr>\n<tr>\n<td>T\u00e9cnico em Manuten\u00e7\u00e3o Automotiva<\/td>\n<td>07\/04\/2025<\/td>\n<\/tr>\n<tr>\n<td>T\u00e9cnico em Eletrot\u00e9cnica<\/td>\n<td>08\/03\/2025<\/td>\n<\/tr>\n<tr>\n<td>T\u00e9cnico em Eletromec\u00e2nica<\/td>\n<td>29\/03\/2025<\/td>\n<\/tr>\n<tr>\n<td>T\u00e9cnico em Manuten\u00e7\u00e3o Automotiva<\/td>\n<td>05\/04\/2025<\/td>\n<\/tr>\n<tr>\n<td>T\u00e9cnico em Automa\u00e7\u00e3o Industrial<\/td>\n<td>15\/03\/2025<\/td>\n<\/tr>\n<tr>\n<td>T\u00e9cnico em Seguran\u00e7a do Trabalho<\/td>\n<td>22\/03\/2025<\/td>\n<\/tr>\n<tr>\n<td rowspan=\"14\">&nbsp;<\/p>\n<p>&nbsp;<\/p>\n<p>&nbsp;<\/p>\n<p>&nbsp;<\/p>\n<p>Tr\u00eas Lagoas<\/td>\n<td>T\u00e9cnico em Administra\u00e7\u00e3o<\/td>\n<td>10\/03\/2025<\/td>\n<\/tr>\n<tr>\n<td>T\u00e9cnico em Mec\u00e2nica<\/td>\n<td>12\/02\/2025<\/td>\n<\/tr>\n<tr>\n<td>T\u00e9cnico em Automa\u00e7\u00e3o Industrial<\/td>\n<td>11\/02\/2025<\/td>\n<\/tr>\n<tr>\n<td>T\u00e9cnico em Celulose e Papel<\/td>\n<td>17\/02\/2025<\/td>\n<\/tr>\n<tr>\n<td>T\u00e9cnico em Eletrot\u00e9cnica<\/td>\n<td>11\/03\/2025<\/td>\n<\/tr>\n<tr>\n<td>T\u00e9cnico em Log\u00edstica<\/td>\n<td>10\/03\/2025<\/td>\n<\/tr>\n<tr>\n<td>T\u00e9cnico em Qu\u00edmica<\/td>\n<td>18\/02\/2025<\/td>\n<\/tr>\n<tr>\n<td>T\u00e9cnico em Automa\u00e7\u00e3o<\/td>\n<td>15\/03\/2025<\/td>\n<\/tr>\n<tr>\n<td>T\u00e9cnico em Celulose e Papel<\/td>\n<td>29\/03\/2025<\/td>\n<\/tr>\n<tr>\n<td>T\u00e9cnico em Eletrot\u00e9cnica<\/td>\n<td>08\/03\/2025<\/td>\n<\/tr>\n<tr>\n<td>T\u00e9cnico em Qu\u00edmica<\/td>\n<td>05\/04\/2025<\/td>\n<\/tr>\n<tr>\n<td>T\u00e9cnico em Seguran\u00e7a do Trabalho<\/td>\n<td>22\/03\/2025<\/td>\n<\/tr>\n<tr>\n<td>T\u00e9cnico em Administra\u00e7\u00e3o<\/td>\n<td>08\/03\/2025<\/td>\n<\/tr>\n<tr>\n<td>T\u00e9cnico em Log\u00edstica<\/td>\n<td>05\/04\/2025<\/td>\n<\/tr>\n<tr>\n<td rowspan=\"5\">&nbsp;<\/p>\n<p>&nbsp;<\/p>\n<p>Corumb\u00e1<\/td>\n<td>T\u00e9cnico em Mecatr\u00f4nica<\/td>\n<td>29\/03\/2027<\/td>\n<\/tr>\n<tr>\n<td>T\u00e9cnico em Minera\u00e7\u00e3o<\/td>\n<td>29\/03\/2027<\/td>\n<\/tr>\n<tr>\n<td>T\u00e9cnico em Eletromec\u00e2nica<\/td>\n<td>29\/03\/2025<\/td>\n<\/tr>\n<tr>\n<td>T\u00e9cnico em Seguran\u00e7a do Trabalho<\/td>\n<td>22\/03\/2027<\/td>\n<\/tr>\n<tr>\n<td>T\u00e9cnico em Refrigera\u00e7\u00e3o e Climatiza\u00e7\u00e3o<\/td>\n<td>29\/03\/2027<\/td>\n<\/tr>\n<tr>\n<td rowspan=\"5\">&nbsp;<\/p>\n<p>&nbsp;<\/p>\n<p>Faculdade Senai &#8211; Campo Grande<\/td>\n<td>T\u00e9cnico em Manuten\u00e7\u00e3o Automotiva<\/td>\n<td>03\/03\/2025<\/td>\n<\/tr>\n<tr>\n<td>T\u00e9cnico em Eletrot\u00e9cnica<\/td>\n<td>03\/03\/2025<\/td>\n<\/tr>\n<tr>\n<td>T\u00e9cnico em Mec\u00e2nica Industrial<\/td>\n<td>03\/03\/2025<\/td>\n<\/tr>\n<tr>\n<td>T\u00e9cnico em Refrigera\u00e7\u00e3o e Climatiza\u00e7\u00e3o<\/td>\n<td>03\/03\/2025<\/td>\n<\/tr>\n<tr>\n<td>T\u00e9cnico em Manuten\u00e7\u00e3o Automotiva<\/td>\n<td>05\/04\/2025<\/td>\n<\/tr>\n<tr>\n<td rowspan=\"4\">Faculdade Senai da Constru\u00e7\u00e3o \u2013 Campo Grande<\/td>\n<td>T\u00e9cnico em M\u00f3veis<\/td>\n<td>10\/03\/2025<\/td>\n<\/tr>\n<tr>\n<td>T\u00e9cnico em Seguran\u00e7a no Trabalho<\/td>\n<td>22\/03\/2025<\/td>\n<\/tr>\n<tr>\n<td>T\u00e9cnico em Sistemas de Energia Renov\u00e1vel<\/td>\n<td>12\/05\/2025<\/td>\n<\/tr>\n<tr>\n<td>T\u00e9cnico em Edifica\u00e7\u00f5es<\/td>\n<td>22\/03\/2025<\/td>\n<\/tr>\n<\/tbody>\n<\/table>\n<p>&nbsp;<\/p>\n<p style=\"font-weight: 400;\">\u00a0As inscri\u00e7\u00f5es podem ser feitas pelo site\u00a0<a href=\"https:\/\/www.futuro.digital\/cursos-tecnicos\" target=\"_blank\" rel=\"noopener\" data-saferedirecturl=\"https:\/\/www.google.com\/url?q=https:\/\/www.futuro.digital\/cursos-tecnicos&amp;source=gmail&amp;ust=1737022336475000&amp;usg=AOvVaw1hcuF9sGre_db0XcVdczsb\">\u00a0https:\/\/www.futuro.digital\/<wbr \/>cursos-tecnicos<\/a>..<\/p>\n<p align=\"justify\"><span style=\"font-family: Times New Roman, serif;\"><span style=\"font-size: medium;\"><span style=\"color: #ff0000;\">Continue ao nosso lado. Veja mais not\u00edcias em<\/span>: <span style=\"color: #0000ff;\"><u><a href=\"http:\/\/www.mspontocom.com.br\/\">www.mspontocom.com.br<\/a><\/u><\/span><\/span><\/span><\/p>\n<p align=\"justify\"><span style=\"font-family: Times New Roman, serif;\"><span style=\"font-size: medium;\">Instagram e X:\u00a0 @mspontocom<\/span><\/span><\/p>\n<p style=\"font-weight: 400;\">\n","protected":false},"excerpt":{"rendered":"<p>Para quem deseja come\u00e7ar 2025 com novas perspectivas e dar um passo decisivo na carreira, o Senai est\u00e1 com matr\u00edculas abertas para cursos t\u00e9cnicos. S\u00e3o 1.640 vagas distribu\u00eddas em mais de 20 cursos em 15 munic\u00edpios de Mato Grosso do Sul. Matr\u00edculas abertas \u00a0 A educa\u00e7\u00e3o profissional t\u00e9cnica de n\u00edvel m\u00e9dio \u00e9 destinada a alunos [&hellip;]<\/p>\n","protected":false},"author":2,"featured_media":196848,"comment_status":"open","ping_status":"open","sticky":false,"template":"","format":"standard","meta":{"_monsterinsights_skip_tracking":false,"_monsterinsights_sitenote_active":false,"_monsterinsights_sitenote_note":"","_monsterinsights_sitenote_category":0},"categories":[74],"tags":[2201,3316,81,3971,347],"aioseo_notices":[],"_links":{"self":[{"href":"https:\/\/mspontocom.com.br\/site\/wp-json\/wp\/v2\/posts\/196847"}],"collection":[{"href":"https:\/\/mspontocom.com.br\/site\/wp-json\/wp\/v2\/posts"}],"about":[{"href":"https:\/\/mspontocom.com.br\/site\/wp-json\/wp\/v2\/types\/post"}],"author":[{"embeddable":true,"href":"https:\/\/mspontocom.com.br\/site\/wp-json\/wp\/v2\/users\/2"}],"replies":[{"embeddable":true,"href":"https:\/\/mspontocom.com.br\/site\/wp-json\/wp\/v2\/comments?post=196847"}],"version-history":[{"count":1,"href":"https:\/\/mspontocom.com.br\/site\/wp-json\/wp\/v2\/posts\/196847\/revisions"}],"predecessor-version":[{"id":196849,"href":"https:\/\/mspontocom.com.br\/site\/wp-json\/wp\/v2\/posts\/196847\/revisions\/196849"}],"wp:featuredmedia":[{"embeddable":true,"href":"https:\/\/mspontocom.com.br\/site\/wp-json\/wp\/v2\/media\/196848"}],"wp:attachment":[{"href":"https:\/\/mspontocom.com.br\/site\/wp-json\/wp\/v2\/media?parent=196847"}],"wp:term":[{"taxonomy":"category","embeddable":true,"href":"https:\/\/mspontocom.com.br\/site\/wp-json\/wp\/v2\/categories?post=196847"},{"taxonomy":"post_tag","embeddable":true,"href":"https:\/\/mspontocom.com.br\/site\/wp-json\/wp\/v2\/tags?post=196847"}],"curies":[{"name":"wp","href":"https:\/\/api.w.org\/{rel}","templated":true}]}}