{"id":196875,"date":"2025-01-16T05:20:41","date_gmt":"2025-01-16T09:20:41","guid":{"rendered":"https:\/\/mspontocom.com.br\/site\/?p=196875"},"modified":"2025-01-16T07:20:03","modified_gmt":"2025-01-16T11:20:03","slug":"sebrae-inscricoes-para-o-curso-empretec-onu-em-campo-grande","status":"publish","type":"post","link":"https:\/\/mspontocom.com.br\/site\/sebrae-inscricoes-para-o-curso-empretec-onu-em-campo-grande\/","title":{"rendered":"Sebrae: inscri\u00e7\u00f5es para o curso Empretec-ONU em Campo Grande"},"content":{"rendered":"<p style=\"text-align: justify;\"><img loading=\"lazy\" class=\"alignnone size-full wp-image-196886\" src=\"https:\/\/mspontocom.com.br\/site\/wp-content\/uploads\/2025\/01\/site-sebrae-abre-inscricoes-para-o-empretec-onu-em-campo-grande-empretec1.webp\" alt=\"\" width=\"634\" height=\"422\" srcset=\"https:\/\/mspontocom.com.br\/site\/wp-content\/uploads\/2025\/01\/site-sebrae-abre-inscricoes-para-o-empretec-onu-em-campo-grande-empretec1.webp 634w, https:\/\/mspontocom.com.br\/site\/wp-content\/uploads\/2025\/01\/site-sebrae-abre-inscricoes-para-o-empretec-onu-em-campo-grande-empretec1-260x173.webp 260w\" sizes=\"(max-width: 634px) 100vw, 634px\" \/>O <strong>Sebrae\/MS<\/strong> traz a oportunidade de adquirir novos conhecimentos e melhorar habilidades a partir do <strong>Empretec<\/strong> \u2013 um semin\u00e1rio imersivo voltado ao desenvolvimento de compet\u00eancias empreendedoras.<\/p>\n<p style=\"text-align: justify;\">O curso ser\u00e1 realizado na sede do Sebrae\/MS, em Campo Grande.<\/p>\n<p style=\"text-align: justify;\">Desenvolvido pela <strong>Organiza\u00e7\u00e3o das Na\u00e7\u00f5es Unidas (ONU) ,<\/strong> o curso surgiu a partir de uma pesquisa que identificou os fatores que contribu\u00edram para o sucesso das empresas em um mercado competitivo, analisando os comportamentos dos empreendedores.<\/p>\n<p style=\"text-align: justify;\">Atualmente, a metodologia \u00e9 aplicada em 40 pa\u00edses e j\u00e1 impactou mais de 300 mil pessoas desde que foi criado.<\/p>\n<p style=\"text-align: justify;\">No Brasil, o semin\u00e1rio \u00e9 oferecido, exclusivamente, pelo Sebrae e auxilia os empres\u00e1rios a se desenvolverem em diversas vertentes.<\/p>\n<p style=\"text-align: justify;\">Para mais informa\u00e7\u00f5es, entre em contato pelo telefone 0800 570 0800.<\/p>\n<p style=\"text-align: justify;\"><strong>Servi\u00e7o \u2013 Empretec em Campo Grande<\/strong><\/p>\n<p style=\"text-align: justify;\">Data: 17 a 22 de fevereiro<\/p>\n<p style=\"text-align: justify;\">Hor\u00e1rio: 08h \u00e0s 18h<\/p>\n<p style=\"text-align: justify;\">Valor: R$ 1.300,00<\/p>\n<p style=\"text-align: justify;\">Inscri\u00e7\u00f5es:\u00a0<a href=\"https:\/\/click.divulga.sebrae.ms\/?qs=e117291b2f00286208bbc152df6de6f13c5177c08c54c0fad792b04a471797f21073ef0bbd0b25ccecaae80d70c529befe6db5765802b61e\" target=\"_blank\" rel=\"noopener\" data-saferedirecturl=\"https:\/\/www.google.com\/url?q=https:\/\/click.divulga.sebrae.ms\/?qs%3De117291b2f00286208bbc152df6de6f13c5177c08c54c0fad792b04a471797f21073ef0bbd0b25ccecaae80d70c529befe6db5765802b61e&amp;source=gmail&amp;ust=1737108135042000&amp;usg=AOvVaw2bn9x8RrcH95Y7hh3kb5fQ\">mkt.sebrae.ms\/<wbr \/>empretecms<\/a><\/p>\n<p style=\"text-align: justify;\" align=\"justify\"><span style=\"font-family: Times New Roman, serif;\"><span style=\"font-size: medium;\"><span style=\"color: #ff0000;\">Continue ao nosso lado. Veja mais not\u00edcias em:<\/span> <span style=\"color: #0000ff;\"><u><a href=\"http:\/\/www.mspontocom.com.br\/\">www.mspontocom.com.br<\/a><\/u><\/span><\/span><\/span><\/p>\n<p style=\"text-align: justify;\" align=\"justify\"><span style=\"font-family: Times New Roman, serif;\"><span style=\"font-size: medium;\">Instagram e X:\u00a0 @mspontocom<\/span><\/span><\/p>\n","protected":false},"excerpt":{"rendered":"<p>O Sebrae\/MS traz a oportunidade de adquirir novos conhecimentos e melhorar habilidades a partir do Empretec \u2013 um semin\u00e1rio imersivo voltado ao desenvolvimento de compet\u00eancias empreendedoras. O curso ser\u00e1 realizado na sede do Sebrae\/MS, em Campo Grande. Desenvolvido pela Organiza\u00e7\u00e3o das Na\u00e7\u00f5es Unidas (ONU) , o curso surgiu a partir de uma pesquisa que identificou [&hellip;]<\/p>\n","protected":false},"author":2,"featured_media":196886,"comment_status":"open","ping_status":"open","sticky":false,"template":"","format":"standard","meta":{"_monsterinsights_skip_tracking":false,"_monsterinsights_sitenote_active":false,"_monsterinsights_sitenote_note":"","_monsterinsights_sitenote_category":0},"categories":[4328],"tags":[123,435,16547,1684,536,6321],"aioseo_notices":[],"_links":{"self":[{"href":"https:\/\/mspontocom.com.br\/site\/wp-json\/wp\/v2\/posts\/196875"}],"collection":[{"href":"https:\/\/mspontocom.com.br\/site\/wp-json\/wp\/v2\/posts"}],"about":[{"href":"https:\/\/mspontocom.com.br\/site\/wp-json\/wp\/v2\/types\/post"}],"author":[{"embeddable":true,"href":"https:\/\/mspontocom.com.br\/site\/wp-json\/wp\/v2\/users\/2"}],"replies":[{"embeddable":true,"href":"https:\/\/mspontocom.com.br\/site\/wp-json\/wp\/v2\/comments?post=196875"}],"version-history":[{"count":2,"href":"https:\/\/mspontocom.com.br\/site\/wp-json\/wp\/v2\/posts\/196875\/revisions"}],"predecessor-version":[{"id":196887,"href":"https:\/\/mspontocom.com.br\/site\/wp-json\/wp\/v2\/posts\/196875\/revisions\/196887"}],"wp:featuredmedia":[{"embeddable":true,"href":"https:\/\/mspontocom.com.br\/site\/wp-json\/wp\/v2\/media\/196886"}],"wp:attachment":[{"href":"https:\/\/mspontocom.com.br\/site\/wp-json\/wp\/v2\/media?parent=196875"}],"wp:term":[{"taxonomy":"category","embeddable":true,"href":"https:\/\/mspontocom.com.br\/site\/wp-json\/wp\/v2\/categories?post=196875"},{"taxonomy":"post_tag","embeddable":true,"href":"https:\/\/mspontocom.com.br\/site\/wp-json\/wp\/v2\/tags?post=196875"}],"curies":[{"name":"wp","href":"https:\/\/api.w.org\/{rel}","templated":true}]}}