{"id":196888,"date":"2025-01-17T06:00:42","date_gmt":"2025-01-17T10:00:42","guid":{"rendered":"https:\/\/mspontocom.com.br\/site\/?p=196888"},"modified":"2025-01-16T14:57:04","modified_gmt":"2025-01-16T18:57:04","slug":"lula-tera-confronto-diplomatico-com-trump-por-ausencia-de-bolsonaro-na-posse","status":"publish","type":"post","link":"https:\/\/mspontocom.com.br\/site\/lula-tera-confronto-diplomatico-com-trump-por-ausencia-de-bolsonaro-na-posse\/","title":{"rendered":"Lula ter\u00e1 confronto diplom\u00e1tico com Trump por aus\u00eancia de Bolsonaro na posse"},"content":{"rendered":"<p style=\"text-align: justify;\"><img loading=\"lazy\" class=\"alignnone size-full wp-image-196895\" src=\"https:\/\/mspontocom.com.br\/site\/wp-content\/uploads\/2025\/01\/site-lula-tera-confronto-diplomatico-com-trump-devido-a-proibicao-de-bolsonaro-viajar-para-posse-trump-e1737053336347.jpg\" alt=\"\" width=\"315\" height=\"298\" srcset=\"https:\/\/mspontocom.com.br\/site\/wp-content\/uploads\/2025\/01\/site-lula-tera-confronto-diplomatico-com-trump-devido-a-proibicao-de-bolsonaro-viajar-para-posse-trump-e1737053336347.jpg 315w, https:\/\/mspontocom.com.br\/site\/wp-content\/uploads\/2025\/01\/site-lula-tera-confronto-diplomatico-com-trump-devido-a-proibicao-de-bolsonaro-viajar-para-posse-trump-e1737053336347-260x246.jpg 260w\" sizes=\"(max-width: 315px) 100vw, 315px\" \/><\/p>\n<p style=\"text-align: justify;\">A decis\u00e3o da PGR de proibir <strong>Jair Bolsonaro<\/strong> de deixar o Brasil para participar da cerim\u00f4nia de posse do presidente dos Estados Unidos, <strong>Donald Trump<\/strong>, j\u00e1 come\u00e7a a gerar repercuss\u00f5es internacionais.<\/p>\n<p style=\"text-align: justify;\">O tema foi destaque no\u00a0<strong><em>The Wall Street Journal<\/em> <\/strong>(WSJ)\u00a0 que previu um confronto diplom\u00e1tico entre o governo de Lula e a futura administra\u00e7\u00e3o de Trump.<\/p>\n<p style=\"text-align: justify;\"><span style=\"font-size: 14pt;\"><em>\u201cO l\u00edder de esquerda do Brasil, Luiz In\u00e1cio Lula da Silva, est\u00e1 se encaminhando para um confronto diplom\u00e1tico com o presidente eleito dos EUA, Donald Trump, por causa da recusa do Brasil em permitir que seu antecessor de direita, Jair Bolsonaro, compare\u00e7a \u00e0 posse de Trump\u201d<\/em><\/span>, escreveu o WSJ.<\/p>\n<p>&nbsp;<\/p>\n<p align=\"justify\"><span style=\"font-family: Times New Roman, serif;\"><span style=\"font-size: medium;\"><span style=\"color: #ff0000;\">Continue ao nosso lado. Veja mais not\u00edcias em:<\/span> <span style=\"color: #0000ff;\"><u><a href=\"http:\/\/www.mspontocom.com.br\/\">www.mspontocom.com.br<\/a><\/u><\/span><\/span><\/span><\/p>\n<p align=\"justify\"><span style=\"font-family: Times New Roman, serif;\"><span style=\"font-size: medium;\">Instagram e X:\u00a0 @mspontocom<\/span><\/span><\/p>\n","protected":false},"excerpt":{"rendered":"<p>A decis\u00e3o da PGR de proibir Jair Bolsonaro de deixar o Brasil para participar da cerim\u00f4nia de posse do presidente dos Estados Unidos, Donald Trump, j\u00e1 come\u00e7a a gerar repercuss\u00f5es internacionais. O tema foi destaque no\u00a0The Wall Street Journal (WSJ)\u00a0 que previu um confronto diplom\u00e1tico entre o governo de Lula e a futura administra\u00e7\u00e3o de [&hellip;]<\/p>\n","protected":false},"author":2,"featured_media":196895,"comment_status":"open","ping_status":"open","sticky":false,"template":"","format":"standard","meta":{"_monsterinsights_skip_tracking":false,"_monsterinsights_sitenote_active":false,"_monsterinsights_sitenote_note":"","_monsterinsights_sitenote_category":0},"categories":[30260,7,30259,12],"tags":[27773,21017,29748,42466,480,572,32525,28326,42465],"aioseo_notices":[],"_links":{"self":[{"href":"https:\/\/mspontocom.com.br\/site\/wp-json\/wp\/v2\/posts\/196888"}],"collection":[{"href":"https:\/\/mspontocom.com.br\/site\/wp-json\/wp\/v2\/posts"}],"about":[{"href":"https:\/\/mspontocom.com.br\/site\/wp-json\/wp\/v2\/types\/post"}],"author":[{"embeddable":true,"href":"https:\/\/mspontocom.com.br\/site\/wp-json\/wp\/v2\/users\/2"}],"replies":[{"embeddable":true,"href":"https:\/\/mspontocom.com.br\/site\/wp-json\/wp\/v2\/comments?post=196888"}],"version-history":[{"count":2,"href":"https:\/\/mspontocom.com.br\/site\/wp-json\/wp\/v2\/posts\/196888\/revisions"}],"predecessor-version":[{"id":196896,"href":"https:\/\/mspontocom.com.br\/site\/wp-json\/wp\/v2\/posts\/196888\/revisions\/196896"}],"wp:featuredmedia":[{"embeddable":true,"href":"https:\/\/mspontocom.com.br\/site\/wp-json\/wp\/v2\/media\/196895"}],"wp:attachment":[{"href":"https:\/\/mspontocom.com.br\/site\/wp-json\/wp\/v2\/media?parent=196888"}],"wp:term":[{"taxonomy":"category","embeddable":true,"href":"https:\/\/mspontocom.com.br\/site\/wp-json\/wp\/v2\/categories?post=196888"},{"taxonomy":"post_tag","embeddable":true,"href":"https:\/\/mspontocom.com.br\/site\/wp-json\/wp\/v2\/tags?post=196888"}],"curies":[{"name":"wp","href":"https:\/\/api.w.org\/{rel}","templated":true}]}}