{"id":196950,"date":"2025-01-20T05:13:19","date_gmt":"2025-01-20T09:13:19","guid":{"rendered":"https:\/\/mspontocom.com.br\/site\/?p=196950"},"modified":"2025-01-20T06:52:16","modified_gmt":"2025-01-20T10:52:16","slug":"governo-ms-cria-site-para-denuncia-de-maus-tratos-a-animais","status":"publish","type":"post","link":"https:\/\/mspontocom.com.br\/site\/governo-ms-cria-site-para-denuncia-de-maus-tratos-a-animais\/","title":{"rendered":"Governo MS cria site para den\u00fancia de maus-tratos a animais"},"content":{"rendered":"<p style=\"text-align: justify;\"><img loading=\"lazy\" class=\"alignnone size-full wp-image-196962\" src=\"https:\/\/mspontocom.com.br\/site\/wp-content\/uploads\/2025\/01\/site-ms-divulgado-site-para-denuncia-de-maus-tratos-a-animais-cao.jpg\" alt=\"\" width=\"730\" height=\"480\" srcset=\"https:\/\/mspontocom.com.br\/site\/wp-content\/uploads\/2025\/01\/site-ms-divulgado-site-para-denuncia-de-maus-tratos-a-animais-cao.jpg 730w, https:\/\/mspontocom.com.br\/site\/wp-content\/uploads\/2025\/01\/site-ms-divulgado-site-para-denuncia-de-maus-tratos-a-animais-cao-260x171.jpg 260w\" sizes=\"(max-width: 730px) 100vw, 730px\" \/>Desde dezembro do ano passado, est\u00e1 em funcionamento uma ferramenta na <strong>Delegacia Virtual<\/strong> que permite a den\u00fancia de <strong>maus-tratos contra animais<\/strong> em Mato Grosso do Sul.<\/p>\n<p style=\"text-align: justify;\">Marcelo Miranda, secret\u00e1rio de Estado de Turismo, Esporte, Cultura e Cidadania, destaca a import\u00e2ncia da iniciativa.<\/p>\n<blockquote><p><em>\u201cEssa ferramenta \u00e9 um grande passo para garantir que as den\u00fancias sejam formalizadas e acompanhadas de maneira eficaz. Nosso compromisso \u00e9 estruturar e fortalecer as pol\u00edticas de prote\u00e7\u00e3o animal em todas as regi\u00f5es do estado, assegurando que nenhum caso fique impune\u201d.<\/em><\/p><\/blockquote>\n<p style=\"text-align: justify;\">Atualmente, o estado de Mato Grosso do Sul n\u00e3o possui uma delegacia especializada em crimes contra animais.<\/p>\n<p style=\"text-align: justify;\">No interior, as pessoas costumam ligar para a Pol\u00edcia Militar, que encaminha o caso \u00e0 PMA (Pol\u00edcia Militar Ambiental).<\/p>\n<p style=\"text-align: justify;\"><strong>As den\u00fancias podem ser feitas de forma an\u00f4nima ou identificada. <\/strong><\/p>\n<p style=\"text-align: justify;\">Para registrar uma den\u00fancia, \u00e9 necess\u00e1rio acessar o site<a href=\"http:\/\/devir.pc.ms.gov.br\/\" target=\"_blank\" rel=\"noopener\">\u00a0http:\/\/devir.pc.ms.gov.br<\/a>, clicar em<strong> \u201cRegistrar den\u00fancia\u201d<\/strong> e, em seguida, selecionar <strong>\u201cMaus-tratos e abandono de animais\u201d.<\/strong><\/p>\n<p style=\"text-align: justify;\">A\u00a0<a href=\"https:\/\/www.planalto.gov.br\/ccivil_03\/_ato2019-2022\/2020\/lei\/l14064.htm\" target=\"_blank\" rel=\"noopener\">Lei n\u00ba 14.064\/2020<\/a> prev\u00ea penas de reclus\u00e3o de dois a cinco anos para casos de maus-tratos, al\u00e9m de multa e proibi\u00e7\u00e3o de guarda.<\/p>\n<p style=\"text-align: justify;\">\n<p style=\"text-align: justify;\" align=\"justify\"><span style=\"font-family: Times New Roman, serif;\"><span style=\"font-size: medium;\"><span style=\"color: #ff0000;\">Continue ao nosso lado. Veja mais not\u00edcias em:<\/span> <span style=\"color: #0000ff;\"><u><a href=\"http:\/\/www.mspontocom.com.br\/\">www.mspontocom.com.br<\/a><\/u><\/span><\/span><\/span><\/p>\n<p style=\"text-align: justify;\" align=\"justify\"><span style=\"font-family: Times New Roman, serif;\"><span style=\"font-size: medium;\">Instagram e X:\u00a0 @mspontocom<\/span><\/span><\/p>\n<p><em>fonte: Karina Lima, Comunica\u00e7\u00e3o\u00a0<\/em><br \/>\n<em>Foto: divulga\u00e7\u00e3o<\/em><\/p>\n","protected":false},"excerpt":{"rendered":"<p>Desde dezembro do ano passado, est\u00e1 em funcionamento uma ferramenta na Delegacia Virtual que permite a den\u00fancia de maus-tratos contra animais em Mato Grosso do Sul. Marcelo Miranda, secret\u00e1rio de Estado de Turismo, Esporte, Cultura e Cidadania, destaca a import\u00e2ncia da iniciativa. \u201cEssa ferramenta \u00e9 um grande passo para garantir que as den\u00fancias sejam formalizadas [&hellip;]<\/p>\n","protected":false},"author":2,"featured_media":196962,"comment_status":"open","ping_status":"open","sticky":false,"template":"","format":"standard","meta":{"_monsterinsights_skip_tracking":false,"_monsterinsights_sitenote_active":false,"_monsterinsights_sitenote_note":"","_monsterinsights_sitenote_category":0},"categories":[74],"tags":[1826,314,78,1827,81],"aioseo_notices":[],"_links":{"self":[{"href":"https:\/\/mspontocom.com.br\/site\/wp-json\/wp\/v2\/posts\/196950"}],"collection":[{"href":"https:\/\/mspontocom.com.br\/site\/wp-json\/wp\/v2\/posts"}],"about":[{"href":"https:\/\/mspontocom.com.br\/site\/wp-json\/wp\/v2\/types\/post"}],"author":[{"embeddable":true,"href":"https:\/\/mspontocom.com.br\/site\/wp-json\/wp\/v2\/users\/2"}],"replies":[{"embeddable":true,"href":"https:\/\/mspontocom.com.br\/site\/wp-json\/wp\/v2\/comments?post=196950"}],"version-history":[{"count":2,"href":"https:\/\/mspontocom.com.br\/site\/wp-json\/wp\/v2\/posts\/196950\/revisions"}],"predecessor-version":[{"id":196963,"href":"https:\/\/mspontocom.com.br\/site\/wp-json\/wp\/v2\/posts\/196950\/revisions\/196963"}],"wp:featuredmedia":[{"embeddable":true,"href":"https:\/\/mspontocom.com.br\/site\/wp-json\/wp\/v2\/media\/196962"}],"wp:attachment":[{"href":"https:\/\/mspontocom.com.br\/site\/wp-json\/wp\/v2\/media?parent=196950"}],"wp:term":[{"taxonomy":"category","embeddable":true,"href":"https:\/\/mspontocom.com.br\/site\/wp-json\/wp\/v2\/categories?post=196950"},{"taxonomy":"post_tag","embeddable":true,"href":"https:\/\/mspontocom.com.br\/site\/wp-json\/wp\/v2\/tags?post=196950"}],"curies":[{"name":"wp","href":"https:\/\/api.w.org\/{rel}","templated":true}]}}