{"id":196968,"date":"2025-01-21T06:30:57","date_gmt":"2025-01-21T10:30:57","guid":{"rendered":"https:\/\/mspontocom.com.br\/site\/?p=196968"},"modified":"2025-01-21T06:30:57","modified_gmt":"2025-01-21T10:30:57","slug":"censura-do-stf-trump-pode-impor-sancoes-comerciais-ao-brasil","status":"publish","type":"post","link":"https:\/\/mspontocom.com.br\/site\/censura-do-stf-trump-pode-impor-sancoes-comerciais-ao-brasil\/","title":{"rendered":"Censura do STF: Trump pode impor san\u00e7\u00f5es comerciais ao Brasil"},"content":{"rendered":"<p style=\"text-align: justify;\"><img loading=\"lazy\" class=\"alignnone size-full wp-image-196976\" src=\"https:\/\/mspontocom.com.br\/site\/wp-content\/uploads\/2025\/01\/site-censura-do-stf-trump-pode-impor-sancoes-comerciais-ao-brasil-trump1.jpg\" alt=\"\" width=\"1200\" height=\"675\" srcset=\"https:\/\/mspontocom.com.br\/site\/wp-content\/uploads\/2025\/01\/site-censura-do-stf-trump-pode-impor-sancoes-comerciais-ao-brasil-trump1.jpg 1200w, https:\/\/mspontocom.com.br\/site\/wp-content\/uploads\/2025\/01\/site-censura-do-stf-trump-pode-impor-sancoes-comerciais-ao-brasil-trump1-260x146.jpg 260w, https:\/\/mspontocom.com.br\/site\/wp-content\/uploads\/2025\/01\/site-censura-do-stf-trump-pode-impor-sancoes-comerciais-ao-brasil-trump1-1024x576.jpg 1024w, https:\/\/mspontocom.com.br\/site\/wp-content\/uploads\/2025\/01\/site-censura-do-stf-trump-pode-impor-sancoes-comerciais-ao-brasil-trump1-768x432.jpg 768w\" sizes=\"(max-width: 1200px) 100vw, 1200px\" \/>O novo governo dos Estados Unidos, de <strong>Donald Trump<\/strong>, poder\u00e1 impor san\u00e7\u00f5es econ\u00f4micas ou comerciais a pa\u00edses, como o Brasil, acusados de adotar <strong>formas de censura. (leia-se STF).<\/strong><\/p>\n<p style=\"text-align: justify;\">A informa\u00e7\u00e3o foi obtida junto a membros do novo governo por pol\u00edtico que representaram os brasileiros na posse.<\/p>\n<p style=\"text-align: justify;\">O secret\u00e1rio de Estado, <strong>Marco Rubio<\/strong>, cr\u00edtico da escalada autorit\u00e1ria no Brasil, seria art\u00edfice do plano, reiterado ontem por Trump, contra censura e em defesa da liberdade<\/p>\n<div class=\"notas\">\n<div id=\"Nota-2\" class=\"entry-block ch-nota Nota-2\" style=\"text-align: justify;\">\n<h3>Escreveu, n\u00e3o leu&#8230;<\/h3>\n<\/div>\n<p style=\"text-align: justify;\">Ningu\u00e9m \u00e9 obrigado a obedecer Trump, mas ele pode retaliar regimes que ofendam princ\u00edpios da democracia americana, como a liberdade.<\/p>\n<div id=\"Nota-3\" class=\"entry-block ch-nota Nota-3\" style=\"text-align: justify;\">\n<h3>Tr\u00eas mosqueteiros<\/h3>\n<\/div>\n<p style=\"text-align: justify;\">Foram \u00e0 posse os maiores interessados em liberdade: Musk (X), Sundar Pichei (Google, Youtube) e Zuckerberg (Instagram, Whatsapp, Face).<\/p>\n<div id=\"Nota-4\" class=\"entry-block ch-nota Nota-4\" style=\"text-align: justify;\">\n<h3>Terrorismo, jamais<\/h3>\n<\/div>\n<p style=\"text-align: justify;\">Rubio avisou, h\u00e1 dias, que tamb\u00e9m os defensores de terroristas, que \u00e9 o caso do Brasil sobre o Hamas, tamb\u00e9m estar\u00e3o sujeitos a san\u00e7\u00f5es.<\/p>\n<div id=\"Nota-5\" class=\"entry-block ch-nota Nota-5\" style=\"text-align: justify;\">\n<h3>O que mais temem<\/h3>\n<\/div>\n<p style=\"text-align: justify;\">Experientes embaixadores dizem que san\u00e7\u00f5es que inscrevam o Brasil no \u201ceixo do mal\u201d seriam um dos maiores pesadelos da diplomacia brasileira.<\/p>\n<\/div>\n<p>fonte: Coluna Claudio Humberto<\/p>\n<p align=\"justify\"><span style=\"font-family: Times New Roman, serif;\"><span style=\"font-size: medium;\"><span style=\"color: #ff0000;\">Continue ao nosso lado. Veja mais not\u00edcias em<\/span>: <span style=\"color: #0000ff;\"><u><a href=\"http:\/\/www.mspontocom.com.br\/\">www.mspontocom.com.br<\/a><\/u><\/span><\/span><\/span><\/p>\n<p align=\"justify\"><span style=\"font-family: Times New Roman, serif;\"><span style=\"font-size: medium;\">Instagram e X:\u00a0 @mspontocom<\/span><\/span><\/p>\n<div class=\"notas\">\n<div class=\"ddp-ads\">\n<div class=\"pub-hor pos-5\">\n<div id=\"ddp-ads-horizontal-5\" style=\"text-align: justify;\" data-google-query-id=\"CLm7i8PGhosDFQpIuAQdEwcNZg\"><\/div>\n<\/div>\n<\/div>\n<\/div>\n","protected":false},"excerpt":{"rendered":"<p>O novo governo dos Estados Unidos, de Donald Trump, poder\u00e1 impor san\u00e7\u00f5es econ\u00f4micas ou comerciais a pa\u00edses, como o Brasil, acusados de adotar formas de censura. (leia-se STF). A informa\u00e7\u00e3o foi obtida junto a membros do novo governo por pol\u00edtico que representaram os brasileiros na posse. O secret\u00e1rio de Estado, Marco Rubio, cr\u00edtico da escalada [&hellip;]<\/p>\n","protected":false},"author":2,"featured_media":196976,"comment_status":"open","ping_status":"open","sticky":false,"template":"","format":"standard","meta":{"_monsterinsights_skip_tracking":false,"_monsterinsights_sitenote_active":false,"_monsterinsights_sitenote_note":"","_monsterinsights_sitenote_category":0},"categories":[30260,15,7,30259,12],"tags":[30254,7907,31045,4409,3014,28326],"aioseo_notices":[],"_links":{"self":[{"href":"https:\/\/mspontocom.com.br\/site\/wp-json\/wp\/v2\/posts\/196968"}],"collection":[{"href":"https:\/\/mspontocom.com.br\/site\/wp-json\/wp\/v2\/posts"}],"about":[{"href":"https:\/\/mspontocom.com.br\/site\/wp-json\/wp\/v2\/types\/post"}],"author":[{"embeddable":true,"href":"https:\/\/mspontocom.com.br\/site\/wp-json\/wp\/v2\/users\/2"}],"replies":[{"embeddable":true,"href":"https:\/\/mspontocom.com.br\/site\/wp-json\/wp\/v2\/comments?post=196968"}],"version-history":[{"count":2,"href":"https:\/\/mspontocom.com.br\/site\/wp-json\/wp\/v2\/posts\/196968\/revisions"}],"predecessor-version":[{"id":196977,"href":"https:\/\/mspontocom.com.br\/site\/wp-json\/wp\/v2\/posts\/196968\/revisions\/196977"}],"wp:featuredmedia":[{"embeddable":true,"href":"https:\/\/mspontocom.com.br\/site\/wp-json\/wp\/v2\/media\/196976"}],"wp:attachment":[{"href":"https:\/\/mspontocom.com.br\/site\/wp-json\/wp\/v2\/media?parent=196968"}],"wp:term":[{"taxonomy":"category","embeddable":true,"href":"https:\/\/mspontocom.com.br\/site\/wp-json\/wp\/v2\/categories?post=196968"},{"taxonomy":"post_tag","embeddable":true,"href":"https:\/\/mspontocom.com.br\/site\/wp-json\/wp\/v2\/tags?post=196968"}],"curies":[{"name":"wp","href":"https:\/\/api.w.org\/{rel}","templated":true}]}}