{"id":196998,"date":"2025-01-22T05:54:51","date_gmt":"2025-01-22T09:54:51","guid":{"rendered":"https:\/\/mspontocom.com.br\/site\/?p=196998"},"modified":"2025-01-22T05:54:51","modified_gmt":"2025-01-22T09:54:51","slug":"trump-no-poder-reforca-irrelevancia-de-lula-no-plano-mundial","status":"publish","type":"post","link":"https:\/\/mspontocom.com.br\/site\/trump-no-poder-reforca-irrelevancia-de-lula-no-plano-mundial\/","title":{"rendered":"Trump no poder refor\u00e7a irrelev\u00e2ncia de Lula no plano mundial"},"content":{"rendered":"<p style=\"text-align: justify;\"><img loading=\"lazy\" class=\"alignnone size-full wp-image-197005\" src=\"https:\/\/mspontocom.com.br\/site\/wp-content\/uploads\/2025\/01\/site-trump-no-poder-reforca-irrelevancia-de-lula-no-plano-mundial-anao-diplomatico-e1737539525694.webp\" alt=\"\" width=\"1212\" height=\"752\" srcset=\"https:\/\/mspontocom.com.br\/site\/wp-content\/uploads\/2025\/01\/site-trump-no-poder-reforca-irrelevancia-de-lula-no-plano-mundial-anao-diplomatico-e1737539525694.webp 1212w, https:\/\/mspontocom.com.br\/site\/wp-content\/uploads\/2025\/01\/site-trump-no-poder-reforca-irrelevancia-de-lula-no-plano-mundial-anao-diplomatico-e1737539525694-260x161.webp 260w, https:\/\/mspontocom.com.br\/site\/wp-content\/uploads\/2025\/01\/site-trump-no-poder-reforca-irrelevancia-de-lula-no-plano-mundial-anao-diplomatico-e1737539525694-1024x635.webp 1024w, https:\/\/mspontocom.com.br\/site\/wp-content\/uploads\/2025\/01\/site-trump-no-poder-reforca-irrelevancia-de-lula-no-plano-mundial-anao-diplomatico-e1737539525694-768x477.webp 768w\" sizes=\"(max-width: 1212px) 100vw, 1212px\" \/>A irrelev\u00e2ncia do Brasil ficou patente na posse de <strong>Donald Trump.<\/strong><\/p>\n<p style=\"text-align: justify;\">A aus\u00eancia do Brasil na solenidade de posse apenas real\u00e7ou sua perda de import\u00e2ncia no contexto das na\u00e7\u00f5es.<\/p>\n<p style=\"text-align: justify;\">Enquanto a imprensa que fatura os milh\u00f5es oficiais destaca um papel que Lula n\u00e3o tem, Trump mostrou o contr\u00e1rio.<\/p>\n<div class=\"notas\">\n<div id=\"Nota-2\" class=\"entry-block ch-nota Nota-2\" style=\"text-align: justify;\">\n<h3>Que Brasil?<\/h3>\n<\/div>\n<p style=\"text-align: justify;\">O Brasil s\u00f3 foi lembrado, discretamente, quando Trump amea\u00e7ou taxar quem taxa produtos americanos, mas na pr\u00e1tica ele se referia ao Brics.<\/p>\n<div id=\"Nota-3\" class=\"entry-block ch-nota Nota-3\" style=\"text-align: justify;\">\n<h3>Eixo do mal<\/h3>\n<\/div>\n<p style=\"text-align: justify;\">Enquanto hostiliza a maior economia do planeta, Lula opta por levar ao Brics, pelas m\u00e3os, que baixaria, ditaduras como Cuba, Ir\u00e3 e Venezuela.<\/p>\n<div id=\"Nota-4\" class=\"entry-block ch-nota Nota-4\" style=\"text-align: justify;\">\n<h3>Improv\u00e1vel<\/h3>\n<\/div>\n<p style=\"text-align: justify;\">H\u00e1 quem acredite que os la\u00e7os comerciais com os EUA blindar\u00e3o o Brasil das san\u00e7\u00f5es de Trump, como se o novo presidente ligasse para isso.<\/p>\n<div id=\"Nota-5\" class=\"entry-block ch-nota Nota-5\" style=\"text-align: justify;\">\n<h3>H\u00e1 precedente<\/h3>\n<\/div>\n<p style=\"text-align: justify;\">A Venezuela fornecia grande parte do petr\u00f3leo refinado nos EUA, mas nem por isso Trump hesitou de impor san\u00e7\u00f5es \u00e0 ditadura bolivariana.<\/p>\n<p style=\"text-align: justify;\">fonte: coluna Claudio Humberto, Di\u00e1rio do Poder.<\/p>\n<p style=\"text-align: justify;\" align=\"justify\"><span style=\"font-family: Times New Roman, serif;\"><span style=\"font-size: medium;\"><span style=\"color: #ff0000;\">Continue ao nosso lado. Veja mais not\u00edcias em<\/span>: <span style=\"color: #0000ff;\"><u><a href=\"http:\/\/www.mspontocom.com.br\/\">www.mspontocom.com.br<\/a><\/u><\/span><\/span><\/span><\/p>\n<p style=\"text-align: justify;\" align=\"justify\"><span style=\"font-family: Times New Roman, serif;\"><span style=\"font-size: medium;\">Instagram e X:\u00a0 @mspontocom<\/span><\/span><\/p>\n<\/div>\n","protected":false},"excerpt":{"rendered":"<p>A irrelev\u00e2ncia do Brasil ficou patente na posse de Donald Trump. A aus\u00eancia do Brasil na solenidade de posse apenas real\u00e7ou sua perda de import\u00e2ncia no contexto das na\u00e7\u00f5es. Enquanto a imprensa que fatura os milh\u00f5es oficiais destaca um papel que Lula n\u00e3o tem, Trump mostrou o contr\u00e1rio. Que Brasil? O Brasil s\u00f3 foi lembrado, [&hellip;]<\/p>\n","protected":false},"author":2,"featured_media":197005,"comment_status":"open","ping_status":"open","sticky":false,"template":"","format":"standard","meta":{"_monsterinsights_skip_tracking":false,"_monsterinsights_sitenote_active":false,"_monsterinsights_sitenote_note":"","_monsterinsights_sitenote_category":0},"categories":[30260,7,30259,12],"tags":[39619,42487,480,42488,24714,28326],"aioseo_notices":[],"_links":{"self":[{"href":"https:\/\/mspontocom.com.br\/site\/wp-json\/wp\/v2\/posts\/196998"}],"collection":[{"href":"https:\/\/mspontocom.com.br\/site\/wp-json\/wp\/v2\/posts"}],"about":[{"href":"https:\/\/mspontocom.com.br\/site\/wp-json\/wp\/v2\/types\/post"}],"author":[{"embeddable":true,"href":"https:\/\/mspontocom.com.br\/site\/wp-json\/wp\/v2\/users\/2"}],"replies":[{"embeddable":true,"href":"https:\/\/mspontocom.com.br\/site\/wp-json\/wp\/v2\/comments?post=196998"}],"version-history":[{"count":2,"href":"https:\/\/mspontocom.com.br\/site\/wp-json\/wp\/v2\/posts\/196998\/revisions"}],"predecessor-version":[{"id":197006,"href":"https:\/\/mspontocom.com.br\/site\/wp-json\/wp\/v2\/posts\/196998\/revisions\/197006"}],"wp:featuredmedia":[{"embeddable":true,"href":"https:\/\/mspontocom.com.br\/site\/wp-json\/wp\/v2\/media\/197005"}],"wp:attachment":[{"href":"https:\/\/mspontocom.com.br\/site\/wp-json\/wp\/v2\/media?parent=196998"}],"wp:term":[{"taxonomy":"category","embeddable":true,"href":"https:\/\/mspontocom.com.br\/site\/wp-json\/wp\/v2\/categories?post=196998"},{"taxonomy":"post_tag","embeddable":true,"href":"https:\/\/mspontocom.com.br\/site\/wp-json\/wp\/v2\/tags?post=196998"}],"curies":[{"name":"wp","href":"https:\/\/api.w.org\/{rel}","templated":true}]}}