{"id":197030,"date":"2025-01-23T06:11:51","date_gmt":"2025-01-23T10:11:51","guid":{"rendered":"https:\/\/mspontocom.com.br\/site\/?p=197030"},"modified":"2025-01-23T06:11:51","modified_gmt":"2025-01-23T10:11:51","slug":"guzzo-donald-trump-virou-alvo-do-consorcio-lula-stf","status":"publish","type":"post","link":"https:\/\/mspontocom.com.br\/site\/guzzo-donald-trump-virou-alvo-do-consorcio-lula-stf\/","title":{"rendered":"Guzzo: Donald Trump virou alvo do cons\u00f3rcio Lula-STF"},"content":{"rendered":"<div id=\"hd80s9wa1h892edh8192\">\n<p><strong><img loading=\"lazy\" class=\"alignnone size-full wp-image-197040\" src=\"https:\/\/mspontocom.com.br\/site\/wp-content\/uploads\/2025\/01\/site-guzzo-donald-trump-virou-alvo-do-consorcio-lula-stf-consorcio1.jpg\" alt=\"\" width=\"900\" height=\"506\" srcset=\"https:\/\/mspontocom.com.br\/site\/wp-content\/uploads\/2025\/01\/site-guzzo-donald-trump-virou-alvo-do-consorcio-lula-stf-consorcio1.jpg 900w, https:\/\/mspontocom.com.br\/site\/wp-content\/uploads\/2025\/01\/site-guzzo-donald-trump-virou-alvo-do-consorcio-lula-stf-consorcio1-260x146.jpg 260w, https:\/\/mspontocom.com.br\/site\/wp-content\/uploads\/2025\/01\/site-guzzo-donald-trump-virou-alvo-do-consorcio-lula-stf-consorcio1-768x432.jpg 768w\" sizes=\"(max-width: 900px) 100vw, 900px\" \/>(<em>J. R. Guzzo<\/em>, publicado no jornal\u00a0<em>O Estado de S. Paulo<\/em>\u00a0em 22 de janeiro de 2025)<\/strong><\/p>\n<p style=\"text-align: justify;\">Sempre \u00e9 bom tomar cuidado, quando se fala hoje em dia de Donald Trump e de outros indiv\u00edduos que pensam mais ou menos como ele \u2014 sobretudo se v\u00eam adquirindo o p\u00e9ssimo h\u00e1bito de ganhar elei\u00e7\u00f5es livres.<\/p>\n<p style=\"text-align: justify;\">O ministro\u00a0<strong>Alexandre de Moraes<\/strong>, o advogado-geral da Uni\u00e3o e o PGR, no m\u00ednimo, v\u00e3o estar de gravador ligado para verificar, com o aux\u00edlio das ag\u00eancias de checagem, se voc\u00ea ficou dentro dos paradigmas exigidos hoje para ser considerado um homem justo e temente \u00e0s institui\u00e7\u00f5es democr\u00e1ticas.<\/p>\n<p style=\"text-align: justify;\">\u00c9 obrigat\u00f3rio, sempre, dizer que eles s\u00e3o a pior amea\u00e7a que a humanidade j\u00e1 enfrentou em toda a sua passagem pela Terra.<\/p>\n<p style=\"text-align: justify;\">N\u00e3o pense, mais do que tudo, em fazer perguntas. Se\u00a0<strong>Trump<\/strong>\u00a0ganhou as elei\u00e7\u00f5es norte-americanas, e se as elei\u00e7\u00f5es norte-americanas n\u00e3o t\u00eam nada a ver com a fraude que s\u00e3o elei\u00e7\u00f5es na Venezuela, por exemplo, n\u00e3o se poderia pensar, s\u00f3 pensar, que a maioria da popula\u00e7\u00e3o quis que ele fosse presidente?<\/p>\n<p style=\"text-align: justify;\">Daria para explicar como o cumprimento da vontade dos eleitores poderia ser uma coisa ruim? Por que elei\u00e7\u00f5es limpas, nos Estados Unidos e outros pa\u00edses do mundo livre, s\u00e3o descritas hoje como uma \u201camea\u00e7a\u201d \u00e0 democracia?<\/p>\n<p style=\"text-align: justify;\">Nada disso est\u00e1 sujeito a debate.<\/p>\n<p style=\"text-align: justify;\">Trump, e quaisquer pol\u00edticos de direita, sem exce\u00e7\u00e3o \u2014 atualmente, todos aqueles que n\u00e3o concordam com o pensamento proposto ou imposto pela esquerda \u2014 t\u00eam de ser chamados de \u201cfascistas\u201d, \u201cnazistas\u201d ou \u201cneo\u201d uma coisa ou outra.<\/p>\n<p style=\"text-align: justify;\">Foi extinta do atual l\u00e9xico democr\u00e1tico\u00a0<em>a la<\/em>\u00a0STF-AGU-PGR etc. a no\u00e7\u00e3o de direita pol\u00edtica. S\u00f3 existe a \u201cextrema direita\u201d. Trump \u00e9 de extrema direita. Javier Milei \u00e9 de extrema direita. Giorgia Meloni \u00e9 de extrema direita. Viktor Orban \u00e9 de extrema direita.<\/p>\n<p style=\"text-align: justify;\">Em compensa\u00e7\u00e3o, n\u00e3o existe, nem a pau, a extrema esquerda.<\/p>\n<p style=\"text-align: justify;\">Nos casos de ditaduras absolutas que se descrevem como \u201csocialistas\u201d ou algo assim, o m\u00e1ximo que o pensamento \u00fanico admite \u00e9 \u201cregimes autorit\u00e1rios\u201d.<\/p>\n<p style=\"text-align: justify;\">Todos os governos que t\u00eam como sua prioridade m\u00e1xima o \u201cenfrentamento da direita\u201d, tipo o do Brasil de hoje, s\u00e3o chamado automaticamente de \u201cdemocr\u00e1ticos\u201d, a come\u00e7ar por eles mesmos.<\/p>\n<p style=\"text-align: justify;\">\u00c9 um ponto inegoci\u00e1vel de sua doutrina avisar o tempo todo que o mundo est\u00e1 em perigo de morte porque a \u201cextrema direita\u201d neofascista ou neonazista pode ganhar elei\u00e7\u00f5es, como nos Estados Unidos.<\/p>\n<p style=\"text-align: justify;\">Mas se a \u201cextrema direita\u201d ganhou e pode ganhar elei\u00e7\u00f5es livres \u2014 sem a \u201cSuprema Corte\u201d da Venezuela que, a horas tantas, anuncia: \u201cN\u00f3s ganhamos\u201d \u2014 qual poderia ser o problema para a democracia? Democracia n\u00e3o \u00e9 isso mesmo?<\/p>\n<p style=\"text-align: justify;\">Quem ganha as elei\u00e7\u00f5es, desde que as elei\u00e7\u00f5es sejam honestas, vai para o governo.<\/p>\n<p style=\"text-align: justify;\">Quem perde vai para a oposi\u00e7\u00e3o. Deveria ser assim, mas nada disso est\u00e1 valendo mais.<\/p>\n<p style=\"text-align: justify;\">No regime\u00a0<strong>Lula<\/strong>-STF-PGR-AGU-PT-Psol-PF-MP-etc. o sujeito precisa de uma certid\u00e3o negativa de \u201cfascismo\u201d para ter direitos pol\u00edticos.<\/p>\n<p style=\"text-align: justify;\" align=\"justify\"><span style=\"font-family: Times New Roman, serif;\"><span style=\"font-size: medium;\"><span style=\"color: #ff0000;\">Continue ao nosso lado. Veja mais not\u00edcias em:<\/span> <span style=\"color: #0000ff;\"><u><a href=\"http:\/\/www.mspontocom.com.br\/\">www.mspontocom.com.br<\/a><\/u><\/span><\/span><\/span><\/p>\n<p style=\"text-align: justify;\" align=\"justify\"><span style=\"font-family: Times New Roman, serif;\"><span style=\"font-size: medium;\">Instagram e X:\u00a0 @mspontocom<\/span><\/span><\/p>\n<figure class=\"wp-block-embed is-type-video is-provider-youtube wp-block-embed-youtube wp-embed-aspect-16-9 wp-has-aspect-ratio\">\n<div class=\"wp-block-embed__wrapper\" style=\"text-align: justify;\"><\/div>\n<\/figure>\n<\/div>\n<p><a href=\"https:\/\/revistaoeste.com\/politica\/trump-virou-alvo-do-consorcio-lula-stf\/\">Via Revista Oeste<\/a><\/p>\n","protected":false},"excerpt":{"rendered":"<p>(J. R. Guzzo, publicado no jornal\u00a0O Estado de S. Paulo\u00a0em 22 de janeiro de 2025) Sempre \u00e9 bom tomar cuidado, quando se fala hoje em dia de Donald Trump e de outros indiv\u00edduos que pensam mais ou menos como ele \u2014 sobretudo se v\u00eam adquirindo o p\u00e9ssimo h\u00e1bito de ganhar elei\u00e7\u00f5es livres. O ministro\u00a0Alexandre de [&hellip;]<\/p>\n","protected":false},"author":2,"featured_media":197040,"comment_status":"open","ping_status":"open","sticky":false,"template":"","format":"standard","meta":{"_monsterinsights_skip_tracking":false,"_monsterinsights_sitenote_active":false,"_monsterinsights_sitenote_note":"","_monsterinsights_sitenote_category":0},"categories":[6,30260,7,30259,12],"tags":[3110,39034,37846,480,3014,28326],"aioseo_notices":[],"_links":{"self":[{"href":"https:\/\/mspontocom.com.br\/site\/wp-json\/wp\/v2\/posts\/197030"}],"collection":[{"href":"https:\/\/mspontocom.com.br\/site\/wp-json\/wp\/v2\/posts"}],"about":[{"href":"https:\/\/mspontocom.com.br\/site\/wp-json\/wp\/v2\/types\/post"}],"author":[{"embeddable":true,"href":"https:\/\/mspontocom.com.br\/site\/wp-json\/wp\/v2\/users\/2"}],"replies":[{"embeddable":true,"href":"https:\/\/mspontocom.com.br\/site\/wp-json\/wp\/v2\/comments?post=197030"}],"version-history":[{"count":2,"href":"https:\/\/mspontocom.com.br\/site\/wp-json\/wp\/v2\/posts\/197030\/revisions"}],"predecessor-version":[{"id":197041,"href":"https:\/\/mspontocom.com.br\/site\/wp-json\/wp\/v2\/posts\/197030\/revisions\/197041"}],"wp:featuredmedia":[{"embeddable":true,"href":"https:\/\/mspontocom.com.br\/site\/wp-json\/wp\/v2\/media\/197040"}],"wp:attachment":[{"href":"https:\/\/mspontocom.com.br\/site\/wp-json\/wp\/v2\/media?parent=197030"}],"wp:term":[{"taxonomy":"category","embeddable":true,"href":"https:\/\/mspontocom.com.br\/site\/wp-json\/wp\/v2\/categories?post=197030"},{"taxonomy":"post_tag","embeddable":true,"href":"https:\/\/mspontocom.com.br\/site\/wp-json\/wp\/v2\/tags?post=197030"}],"curies":[{"name":"wp","href":"https:\/\/api.w.org\/{rel}","templated":true}]}}