{"id":197049,"date":"2025-01-23T05:25:39","date_gmt":"2025-01-23T09:25:39","guid":{"rendered":"https:\/\/mspontocom.com.br\/site\/?p=197049"},"modified":"2025-01-23T07:56:30","modified_gmt":"2025-01-23T11:56:30","slug":"forum-economico-mato-grosso-do-sul-encabeca-debate-sobre-transicao-energetica-na-suica","status":"publish","type":"post","link":"https:\/\/mspontocom.com.br\/site\/forum-economico-mato-grosso-do-sul-encabeca-debate-sobre-transicao-energetica-na-suica\/","title":{"rendered":"F\u00f3rum Econ\u00f4mico: Mato Grosso do Sul encabe\u00e7a debate sobre transi\u00e7\u00e3o energ\u00e9tica na Sui\u00e7a"},"content":{"rendered":"<p style=\"text-align: justify;\"><img loading=\"lazy\" class=\"alignnone size-full wp-image-197064\" src=\"https:\/\/mspontocom.com.br\/site\/wp-content\/uploads\/2025\/01\/site-forum-economico-mato-grosso-do-sul-encabeca-debate-sobre-transicao-energetica-na-suica-forum.jpg\" alt=\"\" width=\"730\" height=\"480\" srcset=\"https:\/\/mspontocom.com.br\/site\/wp-content\/uploads\/2025\/01\/site-forum-economico-mato-grosso-do-sul-encabeca-debate-sobre-transicao-energetica-na-suica-forum.jpg 730w, https:\/\/mspontocom.com.br\/site\/wp-content\/uploads\/2025\/01\/site-forum-economico-mato-grosso-do-sul-encabeca-debate-sobre-transicao-energetica-na-suica-forum-260x171.jpg 260w\" sizes=\"(max-width: 730px) 100vw, 730px\" \/>Diante das mudan\u00e7as clim\u00e1ticas e o papel estrat\u00e9gico do Brasil nesse processo ser\u00e3o alguns dos temas em debate no <strong>Brazil Economic Forum Zurich 2025<\/strong>, evento realizado na cidade su\u00ed\u00e7a de Zurique e que ter\u00e1 a participa\u00e7\u00e3o de Mato Grosso do Sul.<\/p>\n<p style=\"text-align: justify;\">O governador Eduardo Riedel comandar\u00e1 o painel <strong>&#8216;O papel estrat\u00e9gico do Brasil na transi\u00e7\u00e3o energ\u00e9tica&#8217;,<\/strong> onde\u00a0 apresentar\u00e1 elementos que norteiam globalmente a quest\u00e3o, a posi\u00e7\u00e3o brasileira e as potencialidades que <strong>Mato Grosso do Sul<\/strong> possui neste novo cen\u00e1rio de desenvolvimento sustent\u00e1vel, com a abertura de in\u00fameras oportunidades.<\/p>\n<p style=\"text-align: justify;\">Mato Grosso do Sul se posiciona como refer\u00eancia no fortalecimento de governan\u00e7a clim\u00e1tica desde a ado\u00e7\u00e3o da Pol\u00edtica Estadual de Mudan\u00e7as Clim\u00e1ticas (PEMC) em 2014.<\/p>\n<p style=\"text-align: justify;\">\n<p style=\"text-align: justify;\"><span style=\"font-size: 14pt;\"><strong>Outros temas<\/strong><\/span><\/p>\n<p style=\"text-align: justify;\">O evento vai discutir in\u00fameros outros temas, com os paineis &#8216;ESG, meio ambiente e economia circular&#8217;, &#8216;A multilateralidade econ\u00f4mica, o desenvolvimento e fatores sociais&#8217; e &#8216;Liberdade e Democracia: pilares de uma na\u00e7\u00e3o&#8217;.<\/p>\n<p style=\"text-align: justify;\">Entre os palestrantes, figuram os nomes do ex-presidente <strong>Michel Temer,<\/strong> do ex-ministro<strong> Henrique Meirelles.<\/strong><\/p>\n<p style=\"text-align: justify;\" align=\"justify\"><span style=\"font-family: Times New Roman, serif;\"><span style=\"font-size: medium;\"><span style=\"color: #ff0000;\">Continue ao nosso lado. Veja mais not\u00edcias em:<\/span> <span style=\"color: #0000ff;\"><u><a href=\"http:\/\/www.mspontocom.com.br\/\">www.mspontocom.com.br<\/a><\/u><\/span><\/span><\/span><\/p>\n<p style=\"text-align: justify;\" align=\"justify\"><span style=\"font-family: Times New Roman, serif;\"><span style=\"font-size: medium;\">Instagram e X:\u00a0 @mspontocom<\/span><\/span><\/p>\n<p style=\"text-align: justify;\"><em>fonte: Comunica\u00e7\u00e3o Governo de MS<\/em><br \/>\n<em>Foto: Felipe Gon\u00e7alves<\/em><\/p>\n","protected":false},"excerpt":{"rendered":"<p>Diante das mudan\u00e7as clim\u00e1ticas e o papel estrat\u00e9gico do Brasil nesse processo ser\u00e3o alguns dos temas em debate no Brazil Economic Forum Zurich 2025, evento realizado na cidade su\u00ed\u00e7a de Zurique e que ter\u00e1 a participa\u00e7\u00e3o de Mato Grosso do Sul. O governador Eduardo Riedel comandar\u00e1 o painel &#8216;O papel estrat\u00e9gico do Brasil na transi\u00e7\u00e3o [&hellip;]<\/p>\n","protected":false},"author":2,"featured_media":197064,"comment_status":"open","ping_status":"open","sticky":false,"template":"","format":"standard","meta":{"_monsterinsights_skip_tracking":false,"_monsterinsights_sitenote_active":false,"_monsterinsights_sitenote_note":"","_monsterinsights_sitenote_category":0},"categories":[74],"tags":[3309,42499,3316,42500],"aioseo_notices":[],"_links":{"self":[{"href":"https:\/\/mspontocom.com.br\/site\/wp-json\/wp\/v2\/posts\/197049"}],"collection":[{"href":"https:\/\/mspontocom.com.br\/site\/wp-json\/wp\/v2\/posts"}],"about":[{"href":"https:\/\/mspontocom.com.br\/site\/wp-json\/wp\/v2\/types\/post"}],"author":[{"embeddable":true,"href":"https:\/\/mspontocom.com.br\/site\/wp-json\/wp\/v2\/users\/2"}],"replies":[{"embeddable":true,"href":"https:\/\/mspontocom.com.br\/site\/wp-json\/wp\/v2\/comments?post=197049"}],"version-history":[{"count":2,"href":"https:\/\/mspontocom.com.br\/site\/wp-json\/wp\/v2\/posts\/197049\/revisions"}],"predecessor-version":[{"id":197065,"href":"https:\/\/mspontocom.com.br\/site\/wp-json\/wp\/v2\/posts\/197049\/revisions\/197065"}],"wp:featuredmedia":[{"embeddable":true,"href":"https:\/\/mspontocom.com.br\/site\/wp-json\/wp\/v2\/media\/197064"}],"wp:attachment":[{"href":"https:\/\/mspontocom.com.br\/site\/wp-json\/wp\/v2\/media?parent=197049"}],"wp:term":[{"taxonomy":"category","embeddable":true,"href":"https:\/\/mspontocom.com.br\/site\/wp-json\/wp\/v2\/categories?post=197049"},{"taxonomy":"post_tag","embeddable":true,"href":"https:\/\/mspontocom.com.br\/site\/wp-json\/wp\/v2\/tags?post=197049"}],"curies":[{"name":"wp","href":"https:\/\/api.w.org\/{rel}","templated":true}]}}