{"id":197051,"date":"2025-01-23T05:10:46","date_gmt":"2025-01-23T09:10:46","guid":{"rendered":"https:\/\/mspontocom.com.br\/site\/?p=197051"},"modified":"2025-01-23T07:32:49","modified_gmt":"2025-01-23T11:32:49","slug":"governo-ms-abre-selecao-para-contratar-profissionais-de-saude","status":"publish","type":"post","link":"https:\/\/mspontocom.com.br\/site\/governo-ms-abre-selecao-para-contratar-profissionais-de-saude\/","title":{"rendered":"Governo MS abre sele\u00e7\u00e3o para contratar profissionais de sa\u00fade"},"content":{"rendered":"<p style=\"text-align: justify;\"><img loading=\"lazy\" class=\"alignnone size-full wp-image-197060\" src=\"https:\/\/mspontocom.com.br\/site\/wp-content\/uploads\/2025\/01\/site-governo-de-ms-abre-selecao-para-contratar-profissionais-de-saude-saude.jpg\" alt=\"\" width=\"626\" height=\"417\" srcset=\"https:\/\/mspontocom.com.br\/site\/wp-content\/uploads\/2025\/01\/site-governo-de-ms-abre-selecao-para-contratar-profissionais-de-saude-saude.jpg 626w, https:\/\/mspontocom.com.br\/site\/wp-content\/uploads\/2025\/01\/site-governo-de-ms-abre-selecao-para-contratar-profissionais-de-saude-saude-260x173.jpg 260w\" sizes=\"(max-width: 626px) 100vw, 626px\" \/>O Governo de Mato Grosso do Sul publicou no Di\u00e1rio Oficial do Estado de segunda-feira (20) a abertura do Processo Seletivo Simplificado para contrata\u00e7\u00e3o de profissionais tempor\u00e1rios da \u00e1rea da sa\u00fade.<\/p>\n<p style=\"text-align: justify;\">A sele\u00e7\u00e3o tem como objetivo preencher vagas na Equipe de Aten\u00e7\u00e3o Prim\u00e1ria Prisional, que atuar\u00e1 nos estabelecimentos penais de Campo Grande.<\/p>\n<p style=\"text-align: justify;\">As inscri\u00e7\u00f5es estar\u00e3o abertas de 20 de janeiro a 10 de fevereiro de 2025 e devem ser realizadas exclusivamente pela internet, no site oficial\u00a0<a href=\"https:\/\/www.econcursoms.ms.gov.br\/\">https:\/\/www.econcursoms.ms.gov.br<\/a>, onde os candidatos tamb\u00e9m devem enviar os documentos para a avalia\u00e7\u00e3o curricular.<\/p>\n<p style=\"text-align: justify;\">Os interessados podem acessar o\u00a0<a href=\"https:\/\/agenciadenoticias.ms.gov.br\/wp-content\/uploads\/2025\/01\/DO11724_20_01_2025-EDITAL-N.1.2025-.SAD_.SES_.AGEPEN.PNAISP.2025-PROCESSO-SELETIVO.pdf\">edital<\/a>\u00a0completo para conferir os requisitos, remunera\u00e7\u00e3o, vantagens, atribui\u00e7\u00f5es das fun\u00e7\u00f5es, documentos necess\u00e1rios, cronograma e crit\u00e9rios de pontua\u00e7\u00e3o para a avalia\u00e7\u00e3o curricular.<\/p>\n<p style=\"text-align: justify;\" align=\"justify\"><span style=\"font-family: Times New Roman, serif;\"><span style=\"font-size: medium;\"><span style=\"color: #ff0000;\">Continue ao nosso lado. Veja mais not\u00edcias em<\/span>: <span style=\"color: #0000ff;\"><u><a href=\"http:\/\/www.mspontocom.com.br\/\">www.mspontocom.com.br<\/a><\/u><\/span><\/span><\/span><\/p>\n<p style=\"text-align: justify;\" align=\"justify\"><span style=\"font-family: Times New Roman, serif;\"><span style=\"font-size: medium;\">Instagram e X:\u00a0 @mspontocom<\/span><\/span><\/p>\n<p style=\"text-align: justify;\"><em>fonte: Kamilla Ratier, Comunica\u00e7\u00e3o SES<\/p>\n<p><\/em><\/p>\n","protected":false},"excerpt":{"rendered":"<p>O Governo de Mato Grosso do Sul publicou no Di\u00e1rio Oficial do Estado de segunda-feira (20) a abertura do Processo Seletivo Simplificado para contrata\u00e7\u00e3o de profissionais tempor\u00e1rios da \u00e1rea da sa\u00fade. A sele\u00e7\u00e3o tem como objetivo preencher vagas na Equipe de Aten\u00e7\u00e3o Prim\u00e1ria Prisional, que atuar\u00e1 nos estabelecimentos penais de Campo Grande. As inscri\u00e7\u00f5es estar\u00e3o [&hellip;]<\/p>\n","protected":false},"author":2,"featured_media":197060,"comment_status":"open","ping_status":"open","sticky":false,"template":"","format":"standard","meta":{"_monsterinsights_skip_tracking":false,"_monsterinsights_sitenote_active":false,"_monsterinsights_sitenote_note":"","_monsterinsights_sitenote_category":0},"categories":[74],"tags":[78,81,2144,82,3074],"aioseo_notices":[],"_links":{"self":[{"href":"https:\/\/mspontocom.com.br\/site\/wp-json\/wp\/v2\/posts\/197051"}],"collection":[{"href":"https:\/\/mspontocom.com.br\/site\/wp-json\/wp\/v2\/posts"}],"about":[{"href":"https:\/\/mspontocom.com.br\/site\/wp-json\/wp\/v2\/types\/post"}],"author":[{"embeddable":true,"href":"https:\/\/mspontocom.com.br\/site\/wp-json\/wp\/v2\/users\/2"}],"replies":[{"embeddable":true,"href":"https:\/\/mspontocom.com.br\/site\/wp-json\/wp\/v2\/comments?post=197051"}],"version-history":[{"count":2,"href":"https:\/\/mspontocom.com.br\/site\/wp-json\/wp\/v2\/posts\/197051\/revisions"}],"predecessor-version":[{"id":197061,"href":"https:\/\/mspontocom.com.br\/site\/wp-json\/wp\/v2\/posts\/197051\/revisions\/197061"}],"wp:featuredmedia":[{"embeddable":true,"href":"https:\/\/mspontocom.com.br\/site\/wp-json\/wp\/v2\/media\/197060"}],"wp:attachment":[{"href":"https:\/\/mspontocom.com.br\/site\/wp-json\/wp\/v2\/media?parent=197051"}],"wp:term":[{"taxonomy":"category","embeddable":true,"href":"https:\/\/mspontocom.com.br\/site\/wp-json\/wp\/v2\/categories?post=197051"},{"taxonomy":"post_tag","embeddable":true,"href":"https:\/\/mspontocom.com.br\/site\/wp-json\/wp\/v2\/tags?post=197051"}],"curies":[{"name":"wp","href":"https:\/\/api.w.org\/{rel}","templated":true}]}}