{"id":197087,"date":"2025-01-24T05:12:49","date_gmt":"2025-01-24T09:12:49","guid":{"rendered":"https:\/\/mspontocom.com.br\/site\/?p=197087"},"modified":"2025-01-24T07:43:32","modified_gmt":"2025-01-24T11:43:32","slug":"grupo-pereira-abre-inscricoes-para-aceleracao-de-startups","status":"publish","type":"post","link":"https:\/\/mspontocom.com.br\/site\/grupo-pereira-abre-inscricoes-para-aceleracao-de-startups\/","title":{"rendered":"Grupo Pereira abre inscri\u00e7\u00f5es para acelera\u00e7\u00e3o de startups"},"content":{"rendered":"<p dir=\"ltr\" style=\"text-align: justify;\"><img loading=\"lazy\" class=\"alignnone size-full wp-image-197098\" src=\"https:\/\/mspontocom.com.br\/site\/wp-content\/uploads\/2025\/01\/site-grupo-pereira-abre-inscricoes-para-programa-de-aceleracao-de-startups-comper.jpg\" alt=\"\" width=\"225\" height=\"225\" srcset=\"https:\/\/mspontocom.com.br\/site\/wp-content\/uploads\/2025\/01\/site-grupo-pereira-abre-inscricoes-para-programa-de-aceleracao-de-startups-comper.jpg 225w, https:\/\/mspontocom.com.br\/site\/wp-content\/uploads\/2025\/01\/site-grupo-pereira-abre-inscricoes-para-programa-de-aceleracao-de-startups-comper-150x150.jpg 150w\" sizes=\"(max-width: 225px) 100vw, 225px\" \/><\/p>\n<p dir=\"ltr\" style=\"text-align: justify;\">Incentivar a inova\u00e7\u00f5es tecnol\u00f3gicas para o varejo, principalmente, o varejo alimentar, \u00e9 o principal objetivo do programa de acelera\u00e7\u00e3o de startups chamado<strong> \u201cGrupo Pereira Startups\u201d &#8211; GPS.<\/strong><\/p>\n<p dir=\"ltr\" style=\"text-align: justify;\">O programa ser\u00e1 lan\u00e7ado na pr\u00f3xima<strong> ter\u00e7a-feira, dia 28, \u00e0s 19 horas, no Sebrae\/MS<\/strong>, em Campo Grande.<\/p>\n<blockquote>\n<p dir=\"ltr\"><span style=\"font-size: 14pt;\"><em>\u201cEste programa foi concebido com o objetivo de contribuir para impulsionar o crescimento de startups no setor de varejo, descobrir novos mercados e conectar a experi\u00eancia de mais de 60 anos em varejo alimentar que possu\u00edmos para trocarmos experi\u00eancias e crescermos em conjunto\u201d, conta Alfredo Lopes, diretor de Tecnologia do Grupo Pereira.<\/em><\/span><\/p>\n<\/blockquote>\n<p style=\"text-align: justify;\">\n<p dir=\"ltr\" style=\"text-align: justify;\">O programa vai oferecer acesso \u00e0 expertise de um dos maiores varejistas do pa\u00eds, mentorias com executivos do grupo, conex\u00f5es com l\u00edderes da ind\u00fastria e suporte para implementar solu\u00e7\u00f5es inovadoras dentro do neg\u00f3cio.<\/p>\n<p dir=\"ltr\" style=\"text-align: justify;\">O Grupo Pereira, idealizador do projeto,\u00a0 re\u00fane empresas como os <strong>Supermercados Comper e Fort Atacadista<\/strong> e \u00e9 o s\u00e9timo maior varejista do Brasil.<\/p>\n<p dir=\"ltr\" style=\"text-align: justify;\">O Grupo Pereira busca startups de base tecnol\u00f3gica especialmente aquelas que oferecem solu\u00e7\u00f5es para o varejo alimentar e que utilizam tecnologias emergentes, como IA, IoT, biotecnologia e nanotecnologia.<\/p>\n<p dir=\"ltr\" style=\"text-align: justify;\">As startups interessadas em participar do processo de sele\u00e7\u00e3o devem preencher um formul\u00e1rio, que pode ser acessado em\u00a0<a href=\"https:\/\/startups.grpereira.com.br\/\" target=\"_blank\" rel=\"noopener\" data-saferedirecturl=\"https:\/\/www.google.com\/url?q=https:\/\/startups.grpereira.com.br\/&amp;source=gmail&amp;ust=1737802147712000&amp;usg=AOvVaw1Ynj_uIoQbfIJzwQYZMfJJ\">https:\/\/startups.grpereira.<wbr \/>com.br\/<\/a>, at\u00e9 \u00e0s 23h59 do dia 09 de fevereiro.<\/p>\n<p style=\"text-align: justify;\" align=\"justify\"><span style=\"font-family: Times New Roman, serif;\"><span style=\"font-size: medium;\"><span style=\"color: #ff0000;\">Continue ao nosso lado. Veja mais not\u00edcias em<\/span>: <span style=\"color: #0000ff;\"><u><a href=\"http:\/\/www.mspontocom.com.br\/\">www.mspontocom.com.br<\/a><\/u><\/span><\/span><\/span><\/p>\n<p style=\"text-align: justify;\" align=\"justify\"><span style=\"font-family: Times New Roman, serif;\"><span style=\"font-size: medium;\">Instagram e X:\u00a0 @mspontocom<\/span><\/span><\/p>\n","protected":false},"excerpt":{"rendered":"<p>Incentivar a inova\u00e7\u00f5es tecnol\u00f3gicas para o varejo, principalmente, o varejo alimentar, \u00e9 o principal objetivo do programa de acelera\u00e7\u00e3o de startups chamado \u201cGrupo Pereira Startups\u201d &#8211; GPS. O programa ser\u00e1 lan\u00e7ado na pr\u00f3xima ter\u00e7a-feira, dia 28, \u00e0s 19 horas, no Sebrae\/MS, em Campo Grande. \u201cEste programa foi concebido com o objetivo de contribuir para impulsionar [&hellip;]<\/p>\n","protected":false},"author":2,"featured_media":197098,"comment_status":"open","ping_status":"open","sticky":false,"template":"","format":"standard","meta":{"_monsterinsights_skip_tracking":false,"_monsterinsights_sitenote_active":false,"_monsterinsights_sitenote_note":"","_monsterinsights_sitenote_category":0},"categories":[74,70],"tags":[42502,31666,39353,455,21755],"aioseo_notices":[],"_links":{"self":[{"href":"https:\/\/mspontocom.com.br\/site\/wp-json\/wp\/v2\/posts\/197087"}],"collection":[{"href":"https:\/\/mspontocom.com.br\/site\/wp-json\/wp\/v2\/posts"}],"about":[{"href":"https:\/\/mspontocom.com.br\/site\/wp-json\/wp\/v2\/types\/post"}],"author":[{"embeddable":true,"href":"https:\/\/mspontocom.com.br\/site\/wp-json\/wp\/v2\/users\/2"}],"replies":[{"embeddable":true,"href":"https:\/\/mspontocom.com.br\/site\/wp-json\/wp\/v2\/comments?post=197087"}],"version-history":[{"count":2,"href":"https:\/\/mspontocom.com.br\/site\/wp-json\/wp\/v2\/posts\/197087\/revisions"}],"predecessor-version":[{"id":197099,"href":"https:\/\/mspontocom.com.br\/site\/wp-json\/wp\/v2\/posts\/197087\/revisions\/197099"}],"wp:featuredmedia":[{"embeddable":true,"href":"https:\/\/mspontocom.com.br\/site\/wp-json\/wp\/v2\/media\/197098"}],"wp:attachment":[{"href":"https:\/\/mspontocom.com.br\/site\/wp-json\/wp\/v2\/media?parent=197087"}],"wp:term":[{"taxonomy":"category","embeddable":true,"href":"https:\/\/mspontocom.com.br\/site\/wp-json\/wp\/v2\/categories?post=197087"},{"taxonomy":"post_tag","embeddable":true,"href":"https:\/\/mspontocom.com.br\/site\/wp-json\/wp\/v2\/tags?post=197087"}],"curies":[{"name":"wp","href":"https:\/\/api.w.org\/{rel}","templated":true}]}}