{"id":197142,"date":"2025-01-27T05:40:39","date_gmt":"2025-01-27T09:40:39","guid":{"rendered":"https:\/\/mspontocom.com.br\/site\/?p=197142"},"modified":"2025-01-27T05:40:39","modified_gmt":"2025-01-27T09:40:39","slug":"lula-recebeu-32-voos-com-deportados-de-biden-e-nunca-reclamou-de-algemas","status":"publish","type":"post","link":"https:\/\/mspontocom.com.br\/site\/lula-recebeu-32-voos-com-deportados-de-biden-e-nunca-reclamou-de-algemas\/","title":{"rendered":"Lula recebeu 32 voos com deportados de Biden e nunca reclamou de algemas"},"content":{"rendered":"<p style=\"text-align: justify;\"><img loading=\"lazy\" class=\"alignnone size-full wp-image-197143\" src=\"https:\/\/mspontocom.com.br\/site\/wp-content\/uploads\/2025\/01\/site-lula-recebeu-32-voos-com-deportados-de-biden-e-nunca-reclamou-de-algemas-algemas-e1737970699502.jpg\" alt=\"\" width=\"776\" height=\"432\" srcset=\"https:\/\/mspontocom.com.br\/site\/wp-content\/uploads\/2025\/01\/site-lula-recebeu-32-voos-com-deportados-de-biden-e-nunca-reclamou-de-algemas-algemas-e1737970699502.jpg 776w, https:\/\/mspontocom.com.br\/site\/wp-content\/uploads\/2025\/01\/site-lula-recebeu-32-voos-com-deportados-de-biden-e-nunca-reclamou-de-algemas-algemas-e1737970699502-260x145.jpg 260w, https:\/\/mspontocom.com.br\/site\/wp-content\/uploads\/2025\/01\/site-lula-recebeu-32-voos-com-deportados-de-biden-e-nunca-reclamou-de-algemas-algemas-e1737970699502-768x428.jpg 768w\" sizes=\"(max-width: 776px) 100vw, 776px\" \/>O\u00a0<strong>Minist\u00e9rio das Rela\u00e7\u00f5es Exteriores<\/strong>\u00a0emitiu neste domingo (26) uma nota oficial condenando o uso de <strong>algemas<\/strong> nos 88 brasileiros deportados dos Estados Unidos.<\/p>\n<p style=\"text-align: justify;\">A pasta afirmou que o procedimento viola um acordo com o governo norte-americano que prev\u00ea tratamento digno e respeitoso aos deportados.<\/p>\n<p style=\"text-align: justify;\">Apesar da dura cr\u00edtica, o minist\u00e9rio\u00a0<strong>n\u00e3o se posicionou<\/strong>\u00a0sobre pr\u00e1ticas semelhantes ocorridas durante a gest\u00e3o de\u00a0<strong>Joe Biden<\/strong>, quando voos de deporta\u00e7\u00e3o com brasileiros em condi\u00e7\u00f5es similares foram realizados sem qualquer rea\u00e7\u00e3o p\u00fablica por parte do governo\u00a0<a class=\"st_tag internal_tag \" title=\"Veja mais postagens sobre  Lula\" href=\"https:\/\/www.folhadestra.com\/tag\/lula\/\" rel=\"tag\">Lula<\/a>.<\/p>\n<h3 id=\"h-omiss-o-sobre-a-gest-o-biden\" class=\"wp-block-heading\" style=\"text-align: justify;\"><span style=\"font-size: 18pt;\">Omiss\u00e3o Sobre a Gest\u00e3o Biden<\/span><\/h3>\n<p style=\"text-align: justify;\">Enquanto o\u00a0 <strong>governo Lula<\/strong> condena o epis\u00f3dio, cr\u00edticos apontam que\u00a0pr\u00e1ticas similares realizadas durante o mandato de Joe Biden\u00a0foram ignoradas pelo Itamaraty.<\/p>\n<p style=\"text-align: justify;\">Sob a gest\u00e3o Biden, voos com deportados brasileiros ocorreram regularmente, incluindo situa\u00e7\u00f5es onde os deportados estavam algemados, sem que houvesse rea\u00e7\u00e3o p\u00fablica ou pedido de explica\u00e7\u00f5es formais por parte do governo brasileiro.<\/p>\n<p style=\"text-align: justify;\" align=\"justify\"><span style=\"font-family: Times New Roman, serif;\"><span style=\"font-size: medium;\"><span style=\"color: #ff0000;\">Continue ao nosso lado. Veja mais not\u00edcias em:<\/span> <span style=\"color: #0000ff;\"><u><a href=\"http:\/\/www.mspontocom.com.br\/\">www.mspontocom.com.br<\/a><\/u><\/span><\/span><\/span><\/p>\n<p style=\"text-align: justify;\" align=\"justify\"><span style=\"font-family: Times New Roman, serif;\"><span style=\"font-size: medium;\">Instagram e X:\u00a0 @mspontocom<\/span><\/span><\/p>\n","protected":false},"excerpt":{"rendered":"<p>O\u00a0Minist\u00e9rio das Rela\u00e7\u00f5es Exteriores\u00a0emitiu neste domingo (26) uma nota oficial condenando o uso de algemas nos 88 brasileiros deportados dos Estados Unidos. A pasta afirmou que o procedimento viola um acordo com o governo norte-americano que prev\u00ea tratamento digno e respeitoso aos deportados. Apesar da dura cr\u00edtica, o minist\u00e9rio\u00a0n\u00e3o se posicionou\u00a0sobre pr\u00e1ticas semelhantes ocorridas durante [&hellip;]<\/p>\n","protected":false},"author":2,"featured_media":197143,"comment_status":"open","ping_status":"open","sticky":false,"template":"","format":"standard","meta":{"_monsterinsights_skip_tracking":false,"_monsterinsights_sitenote_active":false,"_monsterinsights_sitenote_note":"","_monsterinsights_sitenote_category":0},"categories":[6,30260,2528,7,30259],"tags":[42504,42505,35986,480],"aioseo_notices":[],"_links":{"self":[{"href":"https:\/\/mspontocom.com.br\/site\/wp-json\/wp\/v2\/posts\/197142"}],"collection":[{"href":"https:\/\/mspontocom.com.br\/site\/wp-json\/wp\/v2\/posts"}],"about":[{"href":"https:\/\/mspontocom.com.br\/site\/wp-json\/wp\/v2\/types\/post"}],"author":[{"embeddable":true,"href":"https:\/\/mspontocom.com.br\/site\/wp-json\/wp\/v2\/users\/2"}],"replies":[{"embeddable":true,"href":"https:\/\/mspontocom.com.br\/site\/wp-json\/wp\/v2\/comments?post=197142"}],"version-history":[{"count":1,"href":"https:\/\/mspontocom.com.br\/site\/wp-json\/wp\/v2\/posts\/197142\/revisions"}],"predecessor-version":[{"id":197144,"href":"https:\/\/mspontocom.com.br\/site\/wp-json\/wp\/v2\/posts\/197142\/revisions\/197144"}],"wp:featuredmedia":[{"embeddable":true,"href":"https:\/\/mspontocom.com.br\/site\/wp-json\/wp\/v2\/media\/197143"}],"wp:attachment":[{"href":"https:\/\/mspontocom.com.br\/site\/wp-json\/wp\/v2\/media?parent=197142"}],"wp:term":[{"taxonomy":"category","embeddable":true,"href":"https:\/\/mspontocom.com.br\/site\/wp-json\/wp\/v2\/categories?post=197142"},{"taxonomy":"post_tag","embeddable":true,"href":"https:\/\/mspontocom.com.br\/site\/wp-json\/wp\/v2\/tags?post=197142"}],"curies":[{"name":"wp","href":"https:\/\/api.w.org\/{rel}","templated":true}]}}