{"id":197153,"date":"2025-01-27T05:30:19","date_gmt":"2025-01-27T09:30:19","guid":{"rendered":"https:\/\/mspontocom.com.br\/site\/?p=197153"},"modified":"2025-01-27T07:01:33","modified_gmt":"2025-01-27T11:01:33","slug":"ms-vai-sediar-forum-internacional-de-sustentabilidade-em-maio","status":"publish","type":"post","link":"https:\/\/mspontocom.com.br\/site\/ms-vai-sediar-forum-internacional-de-sustentabilidade-em-maio\/","title":{"rendered":"MS vai sediar F\u00f3rum Internacional de Sustentabilidade em maio"},"content":{"rendered":"<p class=\"m_-7105670381154052919MsoNoSpacing\" style=\"text-align: justify;\"><img loading=\"lazy\" class=\"alignnone size-full wp-image-197163\" src=\"https:\/\/mspontocom.com.br\/site\/wp-content\/uploads\/2025\/01\/site-ms-vai-sediar-forum-internacional-de-sustentabilidade-sergio-longen-fiems-sustentabilidade-suica.png\" alt=\"\" width=\"1000\" height=\"667\" srcset=\"https:\/\/mspontocom.com.br\/site\/wp-content\/uploads\/2025\/01\/site-ms-vai-sediar-forum-internacional-de-sustentabilidade-sergio-longen-fiems-sustentabilidade-suica.png 1000w, https:\/\/mspontocom.com.br\/site\/wp-content\/uploads\/2025\/01\/site-ms-vai-sediar-forum-internacional-de-sustentabilidade-sergio-longen-fiems-sustentabilidade-suica-260x173.png 260w, https:\/\/mspontocom.com.br\/site\/wp-content\/uploads\/2025\/01\/site-ms-vai-sediar-forum-internacional-de-sustentabilidade-sergio-longen-fiems-sustentabilidade-suica-768x512.png 768w\" sizes=\"(max-width: 1000px) 100vw, 1000px\" \/>A cidade de Bonito vai sediar, entre os dias 29 e 31 de maio, o <strong>F\u00f3rum Internacional de Sustentabilidade<\/strong>, como di\u00e1logo preparat\u00f3rio para a Confer\u00eancia da <strong>ONU<\/strong> sobre a Mudan\u00e7a do Clima \u2013 COP30, no Brasil.<\/p>\n<p class=\"m_-7105670381154052919MsoNoSpacing\" style=\"text-align: justify;\">O an\u00fancio foi feito pelo presidente da <strong>Fiems,<\/strong> S\u00e9rgio Longen, e pelo governador do Estado, <strong>Eduardo Riedel,<\/strong> durante o Brazil Economic Forum Zurich 2025, que re\u00fane lideran\u00e7as e investidores em Zurique, na Su\u00ed\u00e7a.<u><\/u><u><\/u>\u00a0<u><\/u><\/p>\n<p class=\"m_-7105670381154052919MsoNoSpacing\" style=\"text-align: justify;\">O evento tem como objetivo promover o di\u00e1logo entre os setores p\u00fablico e privado sobre assuntos relevantes da agenda clim\u00e1tica que ser\u00e3o contemplados na confer\u00eancia da <strong>ONU<\/strong>, marcada para ocorrer em novembro em Bel\u00e9m (PA).\u00a0<u><\/u><u><\/u>\u00a0<u><\/u><\/p>\n<p class=\"m_-7105670381154052919MsoNoSpacing\" style=\"text-align: justify;\">O presidente da Fiems, <strong>S\u00e9rigo Longen,<\/strong> falou das expectativas com a participa\u00e7\u00e3o no f\u00f3rum em Zurique e as novas perspectivas econ\u00f4micas para Mato Grosso do Sul que podem surgir do encontro.<u><\/u><u><\/u><u><\/u><span style=\"font-size: 14pt;\"><em>\u00a0<u><\/u><\/em><\/span><\/p>\n<p class=\"m_-7105670381154052919MsoNoSpacing\" style=\"text-align: justify;\"><span style=\"font-size: 14pt;\"><em>\u201cTenho a satisfa\u00e7\u00e3o de estar neste ambiente, discutindo temas como a sustentabilidade e buscando apoio para as a\u00e7\u00f5es de estado e da ind\u00fastria sul-mato-grossense. Esperamos sair daqui com resultados positivos. A ind\u00fastria cresce a passos largos, e precisamos caminhar simultaneamente nas duas frentes. As pautas colocadas at\u00e9 agora nos mostram que Mato Grosso do Sul est\u00e1 no caminho certo nos investimentos e tamb\u00e9m nos compromissos de sustentabilidade\u201d,<\/em> <\/span>afirmou o l\u00edder empresarial.<u><\/u><u><\/u><\/p>\n<p style=\"text-align: justify;\" align=\"justify\"><span style=\"font-family: Times New Roman, serif;\"><span style=\"font-size: medium;\"><span style=\"color: #ff0000;\">Continue ao nosso lado. Veja mais not\u00edcias em<\/span>: <span style=\"color: #0000ff;\"><u><a href=\"http:\/\/www.mspontocom.com.br\/\">www.mspontocom.com.br<\/a><\/u><\/span><\/span><\/span><\/p>\n<p style=\"text-align: justify;\" align=\"justify\"><span style=\"font-family: Times New Roman, serif;\"><span style=\"font-size: medium;\">Instagram e X:\u00a0 @mspontocom<\/span><\/span><\/p>\n<p class=\"m_-7105670381154052919MsoNoSpacing\" style=\"text-align: justify;\"><u><\/u>\u00a0<u><\/u><\/p>\n<p class=\"m_-7105670381154052919MsoNoSpacing\" style=\"text-align: justify;\">\n","protected":false},"excerpt":{"rendered":"<p>A cidade de Bonito vai sediar, entre os dias 29 e 31 de maio, o F\u00f3rum Internacional de Sustentabilidade, como di\u00e1logo preparat\u00f3rio para a Confer\u00eancia da ONU sobre a Mudan\u00e7a do Clima \u2013 COP30, no Brasil. O an\u00fancio foi feito pelo presidente da Fiems, S\u00e9rgio Longen, e pelo governador do Estado, Eduardo Riedel, durante o [&hellip;]<\/p>\n","protected":false},"author":2,"featured_media":197163,"comment_status":"open","ping_status":"open","sticky":false,"template":"","format":"standard","meta":{"_monsterinsights_skip_tracking":false,"_monsterinsights_sitenote_active":false,"_monsterinsights_sitenote_note":"","_monsterinsights_sitenote_category":0},"categories":[74],"tags":[12268,2887,42510,78,81,42511],"aioseo_notices":[],"_links":{"self":[{"href":"https:\/\/mspontocom.com.br\/site\/wp-json\/wp\/v2\/posts\/197153"}],"collection":[{"href":"https:\/\/mspontocom.com.br\/site\/wp-json\/wp\/v2\/posts"}],"about":[{"href":"https:\/\/mspontocom.com.br\/site\/wp-json\/wp\/v2\/types\/post"}],"author":[{"embeddable":true,"href":"https:\/\/mspontocom.com.br\/site\/wp-json\/wp\/v2\/users\/2"}],"replies":[{"embeddable":true,"href":"https:\/\/mspontocom.com.br\/site\/wp-json\/wp\/v2\/comments?post=197153"}],"version-history":[{"count":2,"href":"https:\/\/mspontocom.com.br\/site\/wp-json\/wp\/v2\/posts\/197153\/revisions"}],"predecessor-version":[{"id":197164,"href":"https:\/\/mspontocom.com.br\/site\/wp-json\/wp\/v2\/posts\/197153\/revisions\/197164"}],"wp:featuredmedia":[{"embeddable":true,"href":"https:\/\/mspontocom.com.br\/site\/wp-json\/wp\/v2\/media\/197163"}],"wp:attachment":[{"href":"https:\/\/mspontocom.com.br\/site\/wp-json\/wp\/v2\/media?parent=197153"}],"wp:term":[{"taxonomy":"category","embeddable":true,"href":"https:\/\/mspontocom.com.br\/site\/wp-json\/wp\/v2\/categories?post=197153"},{"taxonomy":"post_tag","embeddable":true,"href":"https:\/\/mspontocom.com.br\/site\/wp-json\/wp\/v2\/tags?post=197153"}],"curies":[{"name":"wp","href":"https:\/\/api.w.org\/{rel}","templated":true}]}}