{"id":197185,"date":"2025-01-28T06:24:26","date_gmt":"2025-01-28T10:24:26","guid":{"rendered":"https:\/\/mspontocom.com.br\/site\/?p=197185"},"modified":"2025-01-28T07:03:54","modified_gmt":"2025-01-28T11:03:54","slug":"mato-grosso-do-sul-se-consolida-como-o-segundo-maior-produtor-de-amendoim-do-pais","status":"publish","type":"post","link":"https:\/\/mspontocom.com.br\/site\/mato-grosso-do-sul-se-consolida-como-o-segundo-maior-produtor-de-amendoim-do-pais\/","title":{"rendered":"Mato Grosso do Sul se consolida como o segundo maior produtor de amendoim do pa\u00eds"},"content":{"rendered":"<p style=\"text-align: justify;\"><img loading=\"lazy\" class=\"alignnone size-full wp-image-197186\" src=\"https:\/\/mspontocom.com.br\/site\/wp-content\/uploads\/2025\/01\/site-mato-grosso-do-sul-se-consolida-como-o-segundo-maior-produtor-de-amendoim-do-pais-amendoim-beretta-14-730x480-1.jpeg\" alt=\"\" width=\"730\" height=\"480\" srcset=\"https:\/\/mspontocom.com.br\/site\/wp-content\/uploads\/2025\/01\/site-mato-grosso-do-sul-se-consolida-como-o-segundo-maior-produtor-de-amendoim-do-pais-amendoim-beretta-14-730x480-1.jpeg 730w, https:\/\/mspontocom.com.br\/site\/wp-content\/uploads\/2025\/01\/site-mato-grosso-do-sul-se-consolida-como-o-segundo-maior-produtor-de-amendoim-do-pais-amendoim-beretta-14-730x480-1-260x171.jpeg 260w\" sizes=\"(max-width: 730px) 100vw, 730px\" \/>Na terra da soja, do boi e da celulose, o amendoim fixa suas ra\u00edzes e <strong>consolida Mato Grosso do Sul como o segundo maior produtor<\/strong> da leguminosa, em casca, do Brasil, ficando atr\u00e1s apenas de S\u00e3o Paulo.<\/p>\n<p style=\"text-align: justify;\">O plantio, at\u00e9 ent\u00e3o restrito a pequenas \u00e1reas em propriedades da agricultura familiar sul-mato-grossense, ocupou na safra passada cerca de 21 mil hectares e a meta para este ano \u00e9 de superar 40 mil hectares.<\/p>\n<p style=\"text-align: justify;\">O fomento \u00e0 expans\u00e3o da cultura do amendoim em Mato Grosso do Sul \u00e9 uma pol\u00edtica de diversifica\u00e7\u00e3o da base produtiva agr\u00edcola implementada pelo Governo do Estado.<\/p>\n<p style=\"text-align: justify;\">O amendoim tamb\u00e9m \u00e9 visto como alternativa para a intensifica\u00e7\u00e3o das \u00e1reas de pastagem.<\/p>\n<p style=\"text-align: justify;\">\n<p style=\"text-align: justify;\"><strong>Alternativa para a safra de ver\u00e3o<\/strong><\/p>\n<p style=\"text-align: justify;\">O secret\u00e1rio Jaime Verruck, da Semadesc, destacou o avan\u00e7o da cultura da leguminosa no Estado.<\/p>\n<blockquote><p><span style=\"font-size: 14pt;\"><em>\u201cO amendoim est\u00e1 se tornando uma alternativa significativa para a safra de ver\u00e3o em Mato Grosso do Sul. Temos \u00e1reas irrigadas e de sequeiro, e talvez sejamos o Estado com a maior taxa de crescimento da \u00e1rea plantada de amendoim do pa\u00eds\u201d, ressaltou.<\/em><\/span><\/p><\/blockquote>\n<p style=\"text-align: justify;\">Ele lembrou que o Governo atraiu uma ind\u00fastria de beneficiamento de amendoim, da Casul, que est\u00e1 sendo implantada em Bataguassu.<\/p>\n<blockquote><p><em><span style=\"font-size: 14pt;\">\u201cA Casul \u00e9 uma cooperativa tradicional exportadora de amendoim e, com a chegada dela, criamos um encadeamento produtivo. Atualmente, ind\u00fastrias de alimentos do Estado processam amendoim vindo de outros estados, mas queremos que a produ\u00e7\u00e3o local atenda essa demanda\u201d, avaliou.<\/span><\/em><\/p><\/blockquote>\n<p style=\"text-align: justify;\">De acordo com dados da Companhia Nacional de Abastecimento (Conab) para a safra 2024\/2025, o cultivo de amendoim de 1\u00aa safra em Mato Grosso do Sul apresenta crescimento expressivo em rela\u00e7\u00e3o \u00e0 safra anterior.<\/p>\n<p style=\"text-align: justify;\" align=\"justify\"><span style=\"font-family: Times New Roman, serif;\"><span style=\"font-size: medium;\"><span style=\"color: #ff0000;\">Continue ao nosso lado. Veja mais not\u00edcias em:<\/span> <span style=\"color: #0000ff;\"><u><a href=\"http:\/\/www.mspontocom.com.br\/\">www.mspontocom.com.br<\/a><\/u><\/span><\/span><\/span><\/p>\n<p style=\"text-align: justify;\" align=\"justify\"><span style=\"font-family: Times New Roman, serif;\"><span style=\"font-size: medium;\">Instagram e X:\u00a0 @mspontocom<\/span><\/span><\/p>\n<p style=\"text-align: justify;\"><em>fonte: Rosana Siqueira, Comunica\u00e7\u00e3o\u00a0<\/em><br \/>\n<em>Fotos: Mairinco de Pauda\/Semadesc<\/em><\/p>\n","protected":false},"excerpt":{"rendered":"<p>Na terra da soja, do boi e da celulose, o amendoim fixa suas ra\u00edzes e consolida Mato Grosso do Sul como o segundo maior produtor da leguminosa, em casca, do Brasil, ficando atr\u00e1s apenas de S\u00e3o Paulo. O plantio, at\u00e9 ent\u00e3o restrito a pequenas \u00e1reas em propriedades da agricultura familiar sul-mato-grossense, ocupou na safra passada [&hellip;]<\/p>\n","protected":false},"author":2,"featured_media":197186,"comment_status":"open","ping_status":"open","sticky":false,"template":"","format":"standard","meta":{"_monsterinsights_skip_tracking":false,"_monsterinsights_sitenote_active":false,"_monsterinsights_sitenote_note":"","_monsterinsights_sitenote_category":0},"categories":[74],"tags":[26915,3316,81,21822,42517],"aioseo_notices":[],"_links":{"self":[{"href":"https:\/\/mspontocom.com.br\/site\/wp-json\/wp\/v2\/posts\/197185"}],"collection":[{"href":"https:\/\/mspontocom.com.br\/site\/wp-json\/wp\/v2\/posts"}],"about":[{"href":"https:\/\/mspontocom.com.br\/site\/wp-json\/wp\/v2\/types\/post"}],"author":[{"embeddable":true,"href":"https:\/\/mspontocom.com.br\/site\/wp-json\/wp\/v2\/users\/2"}],"replies":[{"embeddable":true,"href":"https:\/\/mspontocom.com.br\/site\/wp-json\/wp\/v2\/comments?post=197185"}],"version-history":[{"count":1,"href":"https:\/\/mspontocom.com.br\/site\/wp-json\/wp\/v2\/posts\/197185\/revisions"}],"predecessor-version":[{"id":197187,"href":"https:\/\/mspontocom.com.br\/site\/wp-json\/wp\/v2\/posts\/197185\/revisions\/197187"}],"wp:featuredmedia":[{"embeddable":true,"href":"https:\/\/mspontocom.com.br\/site\/wp-json\/wp\/v2\/media\/197186"}],"wp:attachment":[{"href":"https:\/\/mspontocom.com.br\/site\/wp-json\/wp\/v2\/media?parent=197185"}],"wp:term":[{"taxonomy":"category","embeddable":true,"href":"https:\/\/mspontocom.com.br\/site\/wp-json\/wp\/v2\/categories?post=197185"},{"taxonomy":"post_tag","embeddable":true,"href":"https:\/\/mspontocom.com.br\/site\/wp-json\/wp\/v2\/tags?post=197185"}],"curies":[{"name":"wp","href":"https:\/\/api.w.org\/{rel}","templated":true}]}}