{"id":197195,"date":"2025-01-29T06:40:58","date_gmt":"2025-01-29T10:40:58","guid":{"rendered":"https:\/\/mspontocom.com.br\/site\/?p=197195"},"modified":"2025-01-29T06:40:58","modified_gmt":"2025-01-29T10:40:58","slug":"tarcisio-de-freitas-e-homenageado-e-recebe-premio-em-ny","status":"publish","type":"post","link":"https:\/\/mspontocom.com.br\/site\/tarcisio-de-freitas-e-homenageado-e-recebe-premio-em-ny\/","title":{"rendered":"Tarc\u00edsio de Freitas \u00e9 homenageado e recebe pr\u00eamio em NY"},"content":{"rendered":"<p style=\"text-align: justify;\"><img loading=\"lazy\" class=\"alignnone size-full wp-image-197206\" src=\"https:\/\/mspontocom.com.br\/site\/wp-content\/uploads\/2025\/01\/site-tarcisio-de-freitas-e-homenageado-e-recebe-premio-em-ny-tarcisio-ny.jpg\" alt=\"\" width=\"840\" height=\"590\" srcset=\"https:\/\/mspontocom.com.br\/site\/wp-content\/uploads\/2025\/01\/site-tarcisio-de-freitas-e-homenageado-e-recebe-premio-em-ny-tarcisio-ny.jpg 840w, https:\/\/mspontocom.com.br\/site\/wp-content\/uploads\/2025\/01\/site-tarcisio-de-freitas-e-homenageado-e-recebe-premio-em-ny-tarcisio-ny-260x183.jpg 260w, https:\/\/mspontocom.com.br\/site\/wp-content\/uploads\/2025\/01\/site-tarcisio-de-freitas-e-homenageado-e-recebe-premio-em-ny-tarcisio-ny-768x539.jpg 768w\" sizes=\"(max-width: 840px) 100vw, 840px\" \/>O governador de S\u00e3o Paulo, <strong>Tarc\u00edsio de Freitas<\/strong> (Republicanos), comunicou que ficar\u00e1 afastado das fun\u00e7\u00f5es por quatro dias para receber um<strong> pr\u00eamio<\/strong> nos Estados Unidos pela privatiza\u00e7\u00e3o da Sabesp.<\/p>\n<p style=\"text-align: justify;\">A honraria \u00e9 concedida pela revista\u00a0<strong><em>LatinFinance<\/em>,<\/strong> principal fonte de informa\u00e7\u00f5es sobre os mercados financeiros e as economias da Am\u00e9rica Latina e do Caribe.<\/p>\n<p style=\"text-align: justify;\">A cerim\u00f4nia de entrega ser\u00e1 realizada nesta quinta-feira (30), em Nova York.<\/p>\n<p style=\"text-align: justify;\"><a href=\"https:\/\/diariodopoder.com.br\/brasil-e-regioes\/sao-paulo\/e04-sao-paulo\/governo-de-sp-levanta-r-147-bi-com-privatizacao-da-sabesp\" target=\"_blank\" rel=\"noopener\"><strong>Governo de SP fatura R$ 14,7 bi com privatiza\u00e7\u00e3o da Sabesp<\/strong><\/a><\/p>\n<div id=\"ddp-ads-AD-51\" data-google-query-id=\"CKOJ-IbUmosDFe5PuAQd53Ie2Q\">\n<p style=\"text-align: justify;\">O levantando foi de 14,77 bilh\u00f5es de reais com a venda de 32% da empresa, a 67 reais por a\u00e7\u00e3o.<\/p>\n<p style=\"text-align: justify;\">Enquanto 17% dos pap\u00e9is foram vendidos para investidores, incluindo pessoas f\u00edsicas, outros 15% foram arrematados pelo grupo Equatorial Energia, em uma oferta sem concorr\u00eancia.<\/p>\n<p style=\"text-align: justify;\">Com a oferta p\u00fablica, o governo paulista reduziu de 50,3% para 18% sua participa\u00e7\u00e3o no capital social da companhia de saneamento b\u00e1sico. 49,7% das a\u00e7\u00f5es j\u00e1 eram listadas em bolsa de valores.<\/p>\n<p style=\"text-align: justify;\" align=\"justify\"><span style=\"font-family: Times New Roman, serif;\"><span style=\"font-size: medium;\"><span style=\"color: #ff0000;\">Continue ao nosso lado. Veja mais not\u00edcias em<\/span>: <span style=\"color: #0000ff;\"><u><a href=\"http:\/\/www.mspontocom.com.br\/\">www.mspontocom.com.br<\/a><\/u><\/span><\/span><\/span><\/p>\n<p style=\"text-align: justify;\" align=\"justify\"><span style=\"font-family: Times New Roman, serif;\"><span style=\"font-size: medium;\">Instagram e X:\u00a0 @mspontocom<\/span><\/span><\/p>\n<\/div>\n","protected":false},"excerpt":{"rendered":"<p>O governador de S\u00e3o Paulo, Tarc\u00edsio de Freitas (Republicanos), comunicou que ficar\u00e1 afastado das fun\u00e7\u00f5es por quatro dias para receber um pr\u00eamio nos Estados Unidos pela privatiza\u00e7\u00e3o da Sabesp. A honraria \u00e9 concedida pela revista\u00a0LatinFinance, principal fonte de informa\u00e7\u00f5es sobre os mercados financeiros e as economias da Am\u00e9rica Latina e do Caribe. A cerim\u00f4nia de [&hellip;]<\/p>\n","protected":false},"author":2,"featured_media":197206,"comment_status":"open","ping_status":"open","sticky":false,"template":"","format":"standard","meta":{"_monsterinsights_skip_tracking":false,"_monsterinsights_sitenote_active":false,"_monsterinsights_sitenote_note":"","_monsterinsights_sitenote_category":0},"categories":[30260,15,30259,12],"tags":[42520,42519,434,21766,38616],"aioseo_notices":[],"_links":{"self":[{"href":"https:\/\/mspontocom.com.br\/site\/wp-json\/wp\/v2\/posts\/197195"}],"collection":[{"href":"https:\/\/mspontocom.com.br\/site\/wp-json\/wp\/v2\/posts"}],"about":[{"href":"https:\/\/mspontocom.com.br\/site\/wp-json\/wp\/v2\/types\/post"}],"author":[{"embeddable":true,"href":"https:\/\/mspontocom.com.br\/site\/wp-json\/wp\/v2\/users\/2"}],"replies":[{"embeddable":true,"href":"https:\/\/mspontocom.com.br\/site\/wp-json\/wp\/v2\/comments?post=197195"}],"version-history":[{"count":2,"href":"https:\/\/mspontocom.com.br\/site\/wp-json\/wp\/v2\/posts\/197195\/revisions"}],"predecessor-version":[{"id":197207,"href":"https:\/\/mspontocom.com.br\/site\/wp-json\/wp\/v2\/posts\/197195\/revisions\/197207"}],"wp:featuredmedia":[{"embeddable":true,"href":"https:\/\/mspontocom.com.br\/site\/wp-json\/wp\/v2\/media\/197206"}],"wp:attachment":[{"href":"https:\/\/mspontocom.com.br\/site\/wp-json\/wp\/v2\/media?parent=197195"}],"wp:term":[{"taxonomy":"category","embeddable":true,"href":"https:\/\/mspontocom.com.br\/site\/wp-json\/wp\/v2\/categories?post=197195"},{"taxonomy":"post_tag","embeddable":true,"href":"https:\/\/mspontocom.com.br\/site\/wp-json\/wp\/v2\/tags?post=197195"}],"curies":[{"name":"wp","href":"https:\/\/api.w.org\/{rel}","templated":true}]}}