{"id":197222,"date":"2025-01-30T06:27:23","date_gmt":"2025-01-30T10:27:23","guid":{"rendered":"https:\/\/mspontocom.com.br\/site\/?p=197222"},"modified":"2025-01-30T06:27:23","modified_gmt":"2025-01-30T10:27:23","slug":"lula-deixou-de-ser-o-presidente-para-se-tornar-um-meme-na-internet","status":"publish","type":"post","link":"https:\/\/mspontocom.com.br\/site\/lula-deixou-de-ser-o-presidente-para-se-tornar-um-meme-na-internet\/","title":{"rendered":"Lula deixou de ser o presidente para se tornar um meme na internet"},"content":{"rendered":"<p>&nbsp;<\/p>\n<p><b><img loading=\"lazy\" class=\"alignnone size-full wp-image-197235\" src=\"https:\/\/mspontocom.com.br\/site\/wp-content\/uploads\/2025\/01\/site-lula-deixou-de-ser-o-presidente-para-se-tornar-um-meme-na-internet-meme.jpeg\" alt=\"\" width=\"500\" height=\"281\" srcset=\"https:\/\/mspontocom.com.br\/site\/wp-content\/uploads\/2025\/01\/site-lula-deixou-de-ser-o-presidente-para-se-tornar-um-meme-na-internet-meme.jpeg 500w, https:\/\/mspontocom.com.br\/site\/wp-content\/uploads\/2025\/01\/site-lula-deixou-de-ser-o-presidente-para-se-tornar-um-meme-na-internet-meme-260x146.jpeg 260w\" sizes=\"(max-width: 500px) 100vw, 500px\" \/>Opini\u00e3o<\/b>\u00a0por\u00a0J.R. Guzzo<\/p>\n<p style=\"text-align: justify;\"><a href=\"https:\/\/www.estadao.com.br\/tudo-sobre\/lula-luiz-inacio-lula-da-silva\/\" target=\"_blank\" rel=\"noopener\">Lula<\/a>, pela impress\u00e3o que d\u00e1 em quase tudo aquilo que faz hoje em dia,<strong> deixou de ser o presidente da Rep\u00fablica e passou a ser um meme.<\/strong><\/p>\n<p style=\"text-align: justify;\">Essa parece ser a sua principal ocupa\u00e7\u00e3o, ap\u00f3s dois anos de governo: fornecer material para piadinhas e ditos espirituosos na internet.<\/p>\n<p style=\"text-align: justify;\">N\u00e3o d\u00e1 para ser diferente, vendo o jeito como ele se comporta em p\u00fablico.<\/p>\n<p style=\"text-align: justify;\">Em sua \u00faltima revela\u00e7\u00e3o, achou uma boa ideia (ou acharam por ele) aparecer num v\u00eddeo fantasiado de \u201ccampesino\u201d para tentar convencer as pessoas de que \u00e9 um governante que tem \u201co p\u00e9 na ro\u00e7a\u201d e, como tal, conhece melhor que ningu\u00e9m o caminho para acabar com a alta nos pre\u00e7os dos alimentos.<\/p>\n<p style=\"text-align: justify;\"><strong>Acabou, como sempre, fazendo apenas o papel de um homem rid\u00edculo. <\/strong><\/p>\n<p style=\"text-align: justify;\">Nessa opera\u00e7\u00e3o do seu novo servi\u00e7o de propaganda, filmada no que descrevem como \u201ca horta do Pal\u00e1cio\u201d, com camisa, chap\u00e9u e \u00f3culos de urbanoide que acaba de sair do shopping, Lula disse basicamente o seguinte:<\/p>\n<p style=\"text-align: justify;\">Vai fazer \u201creuni\u00f5es\u201d com \u201catacadistas\u201d e resolver o problema. E o que ele vai dizer nessas reuni\u00f5es &#8211; uma coisa s\u00f3 que seja? Que propostas vai fazer? E, mais que tudo, porque n\u00e3o fez o raio das \u201creuni\u00f5es\u201d antes?<\/p>\n<p style=\"text-align: justify;\"><strong> \u00c9 puro Lula, o \u201cnegociador\u201d. S\u00f3 faltou a ab\u00f3bora.<\/strong><\/p>\n<p style=\"text-align: justify;\">\u00c9 evidente que esse tipo de coisa s\u00f3 pode mesmo acabar em piada nas redes sociais.<\/p>\n<p style=\"text-align: justify;\">N\u00e3o adianta, a\u00ed, a\u00a0<a href=\"https:\/\/www.estadao.com.br\/tudo-sobre\/agu-advocacia-geral-da-uniao\/\" target=\"_blank\" rel=\"noopener\">Advocacia-Geral da Uni\u00e3o<\/a>, a PGR e o servi\u00e7o de publicidade do governo no notici\u00e1rio mandarem a Pol\u00edcia Federal atr\u00e1s de quem fez os memes que \u201catacam medidas p\u00fablicas\u201d.<\/p>\n<p style=\"text-align: justify;\">O que se vai fazer com um governo em que o ministro da\u00a0<a href=\"https:\/\/www.estadao.com.br\/tudo-sobre\/casa-civil-presidencia-da-republica\/\" target=\"_blank\" rel=\"noopener\">Casa Civil<\/a>, depois de anunciar e logo \u201cdesanunciar\u201d um \u201ctabelamento\u201d de pre\u00e7os da comida, diz que a popula\u00e7\u00e3o deve comprar menos laranja, que anda muito cara, para vencer a infla\u00e7\u00e3o?<\/p>\n<p class=\"styles__ParagraphStyled-sc-6adecn-0 dXbqCe \" style=\"text-align: justify;\">O que o ministro sugere que o povo chupe no lugar da laranja?<\/p>\n<p class=\"styles__ParagraphStyled-sc-6adecn-0 dXbqCe \" style=\"text-align: justify;\">Ele poderia indicar alguma fruta mais barata?<\/p>\n<p class=\"styles__ParagraphStyled-sc-6adecn-0 dXbqCe \" style=\"text-align: justify;\">E se o governo fornecesse brioches para substituir as laranjas \u2013 ser\u00e1 que n\u00e3o poderia ser uma solu\u00e7\u00e3o, como as \u201creuni\u00f5es\u201d que Lula quer fazer?<\/p>\n<p class=\"styles__ParagraphStyled-sc-6adecn-0 dXbqCe \" style=\"text-align: justify;\">O fato \u00e9 que nem Lula e nem ningu\u00e9m em todo o seu governo tem a mais remota ideia do que fazer a respeito da alta dos alimentos.<\/p>\n<p class=\"styles__ParagraphStyled-sc-6adecn-0 dXbqCe \" style=\"text-align: justify;\"><strong>N\u00e3o sabem absolutamente nada, tamb\u00e9m, a respeito de como lidar com a infla\u00e7\u00e3o em geral, ou com o aumento no pre\u00e7o dos combust\u00edveis, ou qualquer coisa.<\/strong><\/p>\n<p class=\"styles__ParagraphStyled-sc-6adecn-0 dXbqCe \" style=\"text-align: justify;\">Lula, na verdade, nunca teve um plano para a economia brasileira.<\/p>\n<p class=\"styles__ParagraphStyled-sc-6adecn-0 dXbqCe \" style=\"text-align: justify;\">S\u00f3 consegue tratar disso, ou de qualquer outro assunto, por uma \u00f3tica:<\/p>\n<blockquote>\n<p class=\"styles__ParagraphStyled-sc-6adecn-0 dXbqCe \"><span style=\"font-size: 14pt;\"><em>\u00a0\u201cEu vou ser mais esperto do que eles \u2013 e inventar uma pirueta a\u00ed para enganar de novo todos esses boc\u00f3s de mola\u201d. <\/em><\/span><\/p>\n<\/blockquote>\n<p class=\"styles__ParagraphStyled-sc-6adecn-0 dXbqCe \" style=\"text-align: justify;\">Em fidelidade a essa estrat\u00e9gia, n\u00e3o anunciou quem seria o ministro da Economia at\u00e9 o dia da sua posse \u2013 assim ficava todo mundo pendurado nele.<\/p>\n<p class=\"styles__ParagraphStyled-sc-6adecn-0 dXbqCe \" style=\"text-align: justify;\">Passou dois ano jogando a culpa de tudo em cima do presidente do Banco Central.<\/p>\n<p class=\"styles__ParagraphStyled-sc-6adecn-0 dXbqCe \" style=\"text-align: justify;\"><strong>Colocou na chefia do IBGE um fabricante de estat\u00edsticas que se tornou uma bomba \u00e0 espera da explos\u00e3o. <\/strong><\/p>\n<p class=\"styles__ParagraphStyled-sc-6adecn-0 dXbqCe \" style=\"text-align: justify;\">\u201cPol\u00edtica econ\u00f4mica\u201d, para Lula, \u00e9 isso.<\/p>\n<p class=\"styles__ParagraphStyled-sc-6adecn-0 dXbqCe \" style=\"text-align: justify;\">O presidente nunca teve, sequer, a preocupa\u00e7\u00e3o de formar um governo \u2013 s\u00f3 pensou, com a sua \u201cequipe de transi\u00e7\u00e3o\u201d de 900 \u201cespecialistas\u201d, em nomear gente para encher as vagas de maraj\u00e1 que criou no governo.<\/p>\n<p class=\"styles__ParagraphStyled-sc-6adecn-0 dXbqCe \" style=\"text-align: justify;\">Inventou minist\u00e9rios como nenhum outro chefe de governo da Hist\u00f3ria do Brasil \u2013 minist\u00e9rio do \u00edndio, da mulher, dos negros, da criatividade, da \u201creforma agr\u00e1ria e por a\u00ed vai.<\/p>\n<p class=\"styles__ParagraphStyled-sc-6adecn-0 dXbqCe \" style=\"text-align: justify;\">Somando todos os nomeados, mais os seus aspones, n\u00e3o se junta compet\u00eancia para cuidar de um \u00fanico dog\u00e3o.<\/p>\n<p class=\"styles__ParagraphStyled-sc-6adecn-0 dXbqCe \" style=\"text-align: justify;\">O governo Lula n\u00e3o consegue aprender nada.<\/p>\n<p class=\"styles__ParagraphStyled-sc-6adecn-0 dXbqCe \" style=\"text-align: justify;\">Continua falando em \u201cabrasileirar\u201d o pre\u00e7o da gasolina; o consumidor logo vai ver, na bomba, se h\u00e1 bala para sustentar essa miragem.<\/p>\n<p class=\"styles__ParagraphStyled-sc-6adecn-0 dXbqCe \" style=\"text-align: justify;\"><strong>Continua achando que quem causou a calamidade das mudan\u00e7as do pix foram as \u201c<em>fake news<\/em>\u201d, n\u00e3o a medida est\u00fapida que eles pr\u00f3prios tomaram. <\/strong><\/p>\n<p class=\"styles__ParagraphStyled-sc-6adecn-0 dXbqCe \" style=\"text-align: justify;\">Continua com a ideia fixa de que a prioridade absoluta do Brasil \u00e9 brigar com os Estados Unidos \u2013 e ganhar a briga com a ajuda da China, que vai largar tudo para ficar com Lula.<\/p>\n<p class=\"styles__ParagraphStyled-sc-6adecn-0 dXbqCe \" style=\"text-align: justify;\">\u00c9 por a\u00ed.<\/p>\n","protected":false},"excerpt":{"rendered":"<p>&nbsp; Opini\u00e3o\u00a0por\u00a0J.R. Guzzo Lula, pela impress\u00e3o que d\u00e1 em quase tudo aquilo que faz hoje em dia, deixou de ser o presidente da Rep\u00fablica e passou a ser um meme. Essa parece ser a sua principal ocupa\u00e7\u00e3o, ap\u00f3s dois anos de governo: fornecer material para piadinhas e ditos espirituosos na internet. N\u00e3o d\u00e1 para ser [&hellip;]<\/p>\n","protected":false},"author":2,"featured_media":197235,"comment_status":"open","ping_status":"open","sticky":false,"template":"","format":"standard","meta":{"_monsterinsights_skip_tracking":false,"_monsterinsights_sitenote_active":false,"_monsterinsights_sitenote_note":"","_monsterinsights_sitenote_category":0},"categories":[12],"tags":[204,37846,480,38560,583],"aioseo_notices":[],"_links":{"self":[{"href":"https:\/\/mspontocom.com.br\/site\/wp-json\/wp\/v2\/posts\/197222"}],"collection":[{"href":"https:\/\/mspontocom.com.br\/site\/wp-json\/wp\/v2\/posts"}],"about":[{"href":"https:\/\/mspontocom.com.br\/site\/wp-json\/wp\/v2\/types\/post"}],"author":[{"embeddable":true,"href":"https:\/\/mspontocom.com.br\/site\/wp-json\/wp\/v2\/users\/2"}],"replies":[{"embeddable":true,"href":"https:\/\/mspontocom.com.br\/site\/wp-json\/wp\/v2\/comments?post=197222"}],"version-history":[{"count":2,"href":"https:\/\/mspontocom.com.br\/site\/wp-json\/wp\/v2\/posts\/197222\/revisions"}],"predecessor-version":[{"id":197236,"href":"https:\/\/mspontocom.com.br\/site\/wp-json\/wp\/v2\/posts\/197222\/revisions\/197236"}],"wp:featuredmedia":[{"embeddable":true,"href":"https:\/\/mspontocom.com.br\/site\/wp-json\/wp\/v2\/media\/197235"}],"wp:attachment":[{"href":"https:\/\/mspontocom.com.br\/site\/wp-json\/wp\/v2\/media?parent=197222"}],"wp:term":[{"taxonomy":"category","embeddable":true,"href":"https:\/\/mspontocom.com.br\/site\/wp-json\/wp\/v2\/categories?post=197222"},{"taxonomy":"post_tag","embeddable":true,"href":"https:\/\/mspontocom.com.br\/site\/wp-json\/wp\/v2\/tags?post=197222"}],"curies":[{"name":"wp","href":"https:\/\/api.w.org\/{rel}","templated":true}]}}