{"id":197243,"date":"2025-01-30T05:22:14","date_gmt":"2025-01-30T09:22:14","guid":{"rendered":"https:\/\/mspontocom.com.br\/site\/?p=197243"},"modified":"2025-01-30T07:37:31","modified_gmt":"2025-01-30T11:37:31","slug":"governo-ms-lanca-edital-para-bolsas-culturais-e-incentivo-a-pesquisa-e-intercambio","status":"publish","type":"post","link":"https:\/\/mspontocom.com.br\/site\/governo-ms-lanca-edital-para-bolsas-culturais-e-incentivo-a-pesquisa-e-intercambio\/","title":{"rendered":"Governo MS lan\u00e7a edital para bolsas culturais e incentivo \u00e0 pesquisa e interc\u00e2mbio"},"content":{"rendered":"<p style=\"text-align: justify;\"><img loading=\"lazy\" class=\"alignnone size-full wp-image-197258\" src=\"https:\/\/mspontocom.com.br\/site\/wp-content\/uploads\/2025\/01\/site-governo-do-estado-lanca-edital-para-bolsas-culturais-e-incentivo-a-pesquisa-e-intercambio-edital.jpg\" alt=\"\" width=\"730\" height=\"480\" srcset=\"https:\/\/mspontocom.com.br\/site\/wp-content\/uploads\/2025\/01\/site-governo-do-estado-lanca-edital-para-bolsas-culturais-e-incentivo-a-pesquisa-e-intercambio-edital.jpg 730w, https:\/\/mspontocom.com.br\/site\/wp-content\/uploads\/2025\/01\/site-governo-do-estado-lanca-edital-para-bolsas-culturais-e-incentivo-a-pesquisa-e-intercambio-edital-260x171.jpg 260w\" sizes=\"(max-width: 730px) 100vw, 730px\" \/>O Governo de Mato Grosso do Sul anuncia o lan\u00e7amento de edital de sele\u00e7\u00e3o de propostas voltadas \u00e0 realiza\u00e7\u00e3o de projetos de pesquisa, interc\u00e2mbio cultural e aprimoramento art\u00edstico <em>(<\/em><a href=\"https:\/\/www.setesc.ms.gov.br\/wp-content\/uploads\/2025\/01\/DO11731_29_01_2025-bolsas.pdf\">clique aqui para acessar<\/a><em>)<\/em>.<\/p>\n<p style=\"text-align: justify;\">A iniciativa visa fortalecer o setor cultural e impulsionar o desenvolvimento de artistas e pesquisadores no estado.<\/p>\n<p style=\"text-align: justify;\">O edital disponibiliza um total de R$ 600 mil para apoiar 32 projetos, divididos em duas categorias:<\/p>\n<ul style=\"text-align: justify;\" data-spread=\"false\">\n<li><strong>Categoria 1 &#8211; Bolsas de Pesquisa e Forma\u00e7\u00e3o:<\/strong>\u00a0Voltada \u00e0 realiza\u00e7\u00e3o de estudos e pesquisas em diversas \u00e1reas culturais, incluindo educa\u00e7\u00e3o patrimonial, economia criativa, pol\u00edticas p\u00fablicas culturais, al\u00e9m de investiga\u00e7\u00f5es sobre acervos e bens hist\u00f3ricos.<\/li>\n<li><strong>Categoria 2 &#8211; Bolsas de Interc\u00e2mbio e Resid\u00eancias Art\u00edsticas, T\u00e9cnicas ou em Gest\u00e3o Cultural:<\/strong>\u00a0Destinada ao aperfei\u00e7oamento profissional por meio de interc\u00e2mbios e resid\u00eancias art\u00edsticas, t\u00e9cnicas ou em gest\u00e3o cultural, permitindo a troca de experi\u00eancias e conhecimentos com outros profissionais do setor.<\/li>\n<\/ul>\n<p style=\"text-align: justify;\">Os valores das bolsas s\u00e3o:<\/p>\n<ul style=\"text-align: justify;\" data-spread=\"false\">\n<li><strong>Categoria 1:<\/strong>\u00a0R$ 15.000,00 por projeto (totalizando R$ 300.000,00);<\/li>\n<li><strong>Categoria 2:<\/strong>\u00a0R$ 25.000,00 por projeto (totalizando R$ 300.000,00).<\/li>\n<\/ul>\n<p style=\"text-align: justify;\"><strong>Crit\u00e9rios de participa\u00e7\u00e3o<\/strong><\/p>\n<p style=\"text-align: justify;\">Podem se inscrever agentes culturais, artistas, produtores culturais, pesquisadores e arte-educadores residentes em Mato Grosso do Sul h\u00e1 pelo menos dois anos.<\/p>\n<p style=\"text-align: justify;\">\u00c9 exigida a comprova\u00e7\u00e3o de experi\u00eancia no setor cultural por meio de portf\u00f3lio.<\/p>\n<p style=\"text-align: justify;\">Cada proponente poder\u00e1 ser contemplado com apenas uma bolsa.<\/p>\n<p style=\"text-align: justify;\">As inscri\u00e7\u00f5es s\u00e3o gratuitas e poder\u00e3o ser realizadas entre os dias 30 de janeiro e 18 de fevereiro de 2025, pelo site Prosas (<a href=\"https:\/\/editaisms.prosas.com.br\/\">https:\/\/editaisms.prosas.com.br\/<\/a>).<\/p>\n<p style=\"text-align: justify;\" align=\"justify\"><span style=\"font-family: Times New Roman, serif;\"><span style=\"font-size: medium;\"><span style=\"color: #ff0000;\">Continue ao nosso lado. Veja mais not\u00edcias em<\/span>: <span style=\"color: #0000ff;\"><u><a href=\"http:\/\/www.mspontocom.com.br\/\">www.mspontocom.com.br<\/a><\/u><\/span><\/span><\/span><\/p>\n<p style=\"text-align: justify;\" align=\"justify\"><span style=\"font-family: Times New Roman, serif;\"><span style=\"font-size: medium;\">Instagram e X:\u00a0 @mspontocom<\/span><\/span><\/p>\n<p style=\"text-align: justify;\"><em>fonte: Karina Lima, Comunica\u00e7\u00e3o<\/em><br \/>\n<em>Foto: Ricardo Gomes\/Setesc<\/em><\/p>\n","protected":false},"excerpt":{"rendered":"<p>O Governo de Mato Grosso do Sul anuncia o lan\u00e7amento de edital de sele\u00e7\u00e3o de propostas voltadas \u00e0 realiza\u00e7\u00e3o de projetos de pesquisa, interc\u00e2mbio cultural e aprimoramento art\u00edstico (clique aqui para acessar). A iniciativa visa fortalecer o setor cultural e impulsionar o desenvolvimento de artistas e pesquisadores no estado. O edital disponibiliza um total de [&hellip;]<\/p>\n","protected":false},"author":2,"featured_media":197258,"comment_status":"open","ping_status":"open","sticky":false,"template":"","format":"standard","meta":{"_monsterinsights_skip_tracking":false,"_monsterinsights_sitenote_active":false,"_monsterinsights_sitenote_note":"","_monsterinsights_sitenote_category":0},"categories":[74],"tags":[16375,174,125,78,81,733],"aioseo_notices":[],"_links":{"self":[{"href":"https:\/\/mspontocom.com.br\/site\/wp-json\/wp\/v2\/posts\/197243"}],"collection":[{"href":"https:\/\/mspontocom.com.br\/site\/wp-json\/wp\/v2\/posts"}],"about":[{"href":"https:\/\/mspontocom.com.br\/site\/wp-json\/wp\/v2\/types\/post"}],"author":[{"embeddable":true,"href":"https:\/\/mspontocom.com.br\/site\/wp-json\/wp\/v2\/users\/2"}],"replies":[{"embeddable":true,"href":"https:\/\/mspontocom.com.br\/site\/wp-json\/wp\/v2\/comments?post=197243"}],"version-history":[{"count":2,"href":"https:\/\/mspontocom.com.br\/site\/wp-json\/wp\/v2\/posts\/197243\/revisions"}],"predecessor-version":[{"id":197259,"href":"https:\/\/mspontocom.com.br\/site\/wp-json\/wp\/v2\/posts\/197243\/revisions\/197259"}],"wp:featuredmedia":[{"embeddable":true,"href":"https:\/\/mspontocom.com.br\/site\/wp-json\/wp\/v2\/media\/197258"}],"wp:attachment":[{"href":"https:\/\/mspontocom.com.br\/site\/wp-json\/wp\/v2\/media?parent=197243"}],"wp:term":[{"taxonomy":"category","embeddable":true,"href":"https:\/\/mspontocom.com.br\/site\/wp-json\/wp\/v2\/categories?post=197243"},{"taxonomy":"post_tag","embeddable":true,"href":"https:\/\/mspontocom.com.br\/site\/wp-json\/wp\/v2\/tags?post=197243"}],"curies":[{"name":"wp","href":"https:\/\/api.w.org\/{rel}","templated":true}]}}