{"id":197245,"date":"2025-01-30T05:37:54","date_gmt":"2025-01-30T09:37:54","guid":{"rendered":"https:\/\/mspontocom.com.br\/site\/?p=197245"},"modified":"2025-01-30T07:46:05","modified_gmt":"2025-01-30T11:46:05","slug":"mato-grosso-do-sul-se-destaca-nacionalmente-na-reducao-da-extrema-pobreza","status":"publish","type":"post","link":"https:\/\/mspontocom.com.br\/site\/mato-grosso-do-sul-se-destaca-nacionalmente-na-reducao-da-extrema-pobreza\/","title":{"rendered":"Mato Grosso do Sul se destaca nacionalmente na redu\u00e7\u00e3o da extrema pobreza"},"content":{"rendered":"<p style=\"text-align: justify;\"><img loading=\"lazy\" class=\"alignnone size-full wp-image-197260\" src=\"https:\/\/mspontocom.com.br\/site\/wp-content\/uploads\/2025\/01\/site-mato-grosso-do-sul-se-destaca-nacionalmente-na-reducao-da-extrema-pobreza-reducao-pobreza-grafico-1024x551-1.jpeg\" alt=\"\" width=\"1024\" height=\"551\" srcset=\"https:\/\/mspontocom.com.br\/site\/wp-content\/uploads\/2025\/01\/site-mato-grosso-do-sul-se-destaca-nacionalmente-na-reducao-da-extrema-pobreza-reducao-pobreza-grafico-1024x551-1.jpeg 1024w, https:\/\/mspontocom.com.br\/site\/wp-content\/uploads\/2025\/01\/site-mato-grosso-do-sul-se-destaca-nacionalmente-na-reducao-da-extrema-pobreza-reducao-pobreza-grafico-1024x551-1-260x140.jpeg 260w, https:\/\/mspontocom.com.br\/site\/wp-content\/uploads\/2025\/01\/site-mato-grosso-do-sul-se-destaca-nacionalmente-na-reducao-da-extrema-pobreza-reducao-pobreza-grafico-1024x551-1-768x413.jpeg 768w\" sizes=\"(max-width: 1024px) 100vw, 1024px\" \/>A premissa de prosperidade pregada pelo Governo de Mato Grosso do Sul \u00e9 demonstrada na queda de 25% da extrema pobreza no Estado em 2023, conforme n\u00fameros divulgados pelo <strong>IBGE<\/strong> (Instituto Brasileiro de Geogragia e Estat\u00edstica), colocando o Estado em posi\u00e7\u00e3o de destaque.<\/p>\n<p style=\"text-align: justify;\">A\u00e7\u00f5es governamentais de atra\u00e7\u00e3o de investimentos privados fomentam a economia, gerando oportunidades diversas, emprego e renda para a popula\u00e7\u00e3o.<\/p>\n<p style=\"text-align: justify;\">Isso, aliado ao investimento p\u00fablico em infraestrutura, na educa\u00e7\u00e3o e na esfera da assist\u00eancia social, conduzem Mato Grosso do Sul a uma guinada contra a extrema pobreza.<\/p>\n<p style=\"text-align: justify;\">O \u00edndice anterior de pessoas que vivem com menos de US$ 2,15 por dia, ou seja, cerca de R$ 13, caiu de 2,7%, caiu para 2% no Estado.<\/p>\n<p style=\"text-align: justify;\">Essa \u00e9 a faixa considerada de extrema pobreza pelo Banco Mundial.<\/p>\n<p style=\"text-align: justify;\"><strong>Mato Grosso do Sul est\u00e1 entre os estados brasileiros com menores \u00edndices em todas as faixas de pobreza, com n\u00fameros muito abaixo das m\u00e9dias nacionais.<\/strong><\/p>\n<p style=\"text-align: justify;\">J\u00e1 no \u00edndice adotado pelo <strong>Banco Mundial<\/strong>, Mato Grosso do Sul tem 19,3% de pessoas na faixa de pobreza, enquanto o percentual nacional \u00e9 27,4%.<\/p>\n<p style=\"text-align: justify;\">Para gerar mais empregos e oportunidades, Mato Grosso do Sul tem a menor al\u00edquota de ICMS do pa\u00eds (17%) e benef\u00edcios fiscais para diversas categorias.<\/p>\n<p style=\"text-align: justify;\"><strong>Mobilidade social<\/strong><\/p>\n<p style=\"text-align: justify;\">Por tr\u00e1s das pol\u00edticas p\u00fablicas vigentes em MS existem cruzamento de dados, geolocaliza\u00e7\u00e3o, digitaliza\u00e7\u00e3o dos servi\u00e7os de assist\u00eancia social que retiraram as pessoas da situa\u00e7\u00e3o de vulnerabilidade, promovendo a mobilidade social.<\/p>\n<p style=\"text-align: justify;\">Entre os principais programas sociais do Governo do Estado est\u00e3o o<strong> Mais Social, Cuidar de Quem Cuida, MS Supera e o Energia Social: Conta de Luz Zero.<\/strong><\/p>\n<p style=\"text-align: justify;\" align=\"justify\"><span style=\"font-family: Times New Roman, serif;\"><span style=\"font-size: medium;\"><span style=\"color: #ff0000;\">Continue ao nosso lado. Veja mais not\u00edcias em<\/span>: <span style=\"color: #0000ff;\"><u><a href=\"http:\/\/www.mspontocom.com.br\/\">www.mspontocom.com.br<\/a><\/u><\/span><\/span><\/span><\/p>\n<p style=\"text-align: justify;\" align=\"justify\"><span style=\"font-family: Times New Roman, serif;\"><span style=\"font-size: medium;\">Instagram e X:\u00a0 @mspontocom<\/span><\/span><\/p>\n<p style=\"text-align: justify;\">\n<p style=\"text-align: justify;\"><em>Fonte: Paulo Fernandes, Comunica\u00e7\u00e3o<br \/>\n<\/em><em>Fotos: Monique Alves<\/em><\/p>\n","protected":false},"excerpt":{"rendered":"<p>A premissa de prosperidade pregada pelo Governo de Mato Grosso do Sul \u00e9 demonstrada na queda de 25% da extrema pobreza no Estado em 2023, conforme n\u00fameros divulgados pelo IBGE (Instituto Brasileiro de Geogragia e Estat\u00edstica), colocando o Estado em posi\u00e7\u00e3o de destaque. A\u00e7\u00f5es governamentais de atra\u00e7\u00e3o de investimentos privados fomentam a economia, gerando oportunidades [&hellip;]<\/p>\n","protected":false},"author":2,"featured_media":197260,"comment_status":"open","ping_status":"open","sticky":false,"template":"","format":"standard","meta":{"_monsterinsights_skip_tracking":false,"_monsterinsights_sitenote_active":false,"_monsterinsights_sitenote_note":"","_monsterinsights_sitenote_category":0},"categories":[74],"tags":[38332,3316,81,21922],"aioseo_notices":[],"_links":{"self":[{"href":"https:\/\/mspontocom.com.br\/site\/wp-json\/wp\/v2\/posts\/197245"}],"collection":[{"href":"https:\/\/mspontocom.com.br\/site\/wp-json\/wp\/v2\/posts"}],"about":[{"href":"https:\/\/mspontocom.com.br\/site\/wp-json\/wp\/v2\/types\/post"}],"author":[{"embeddable":true,"href":"https:\/\/mspontocom.com.br\/site\/wp-json\/wp\/v2\/users\/2"}],"replies":[{"embeddable":true,"href":"https:\/\/mspontocom.com.br\/site\/wp-json\/wp\/v2\/comments?post=197245"}],"version-history":[{"count":2,"href":"https:\/\/mspontocom.com.br\/site\/wp-json\/wp\/v2\/posts\/197245\/revisions"}],"predecessor-version":[{"id":197261,"href":"https:\/\/mspontocom.com.br\/site\/wp-json\/wp\/v2\/posts\/197245\/revisions\/197261"}],"wp:featuredmedia":[{"embeddable":true,"href":"https:\/\/mspontocom.com.br\/site\/wp-json\/wp\/v2\/media\/197260"}],"wp:attachment":[{"href":"https:\/\/mspontocom.com.br\/site\/wp-json\/wp\/v2\/media?parent=197245"}],"wp:term":[{"taxonomy":"category","embeddable":true,"href":"https:\/\/mspontocom.com.br\/site\/wp-json\/wp\/v2\/categories?post=197245"},{"taxonomy":"post_tag","embeddable":true,"href":"https:\/\/mspontocom.com.br\/site\/wp-json\/wp\/v2\/tags?post=197245"}],"curies":[{"name":"wp","href":"https:\/\/api.w.org\/{rel}","templated":true}]}}