{"id":197251,"date":"2025-01-30T05:06:47","date_gmt":"2025-01-30T09:06:47","guid":{"rendered":"https:\/\/mspontocom.com.br\/site\/?p=197251"},"modified":"2025-01-30T07:19:38","modified_gmt":"2025-01-30T11:19:38","slug":"sebrae-e-governo-do-estado-lancam-o-ms-empreende-mais","status":"publish","type":"post","link":"https:\/\/mspontocom.com.br\/site\/sebrae-e-governo-do-estado-lancam-o-ms-empreende-mais\/","title":{"rendered":"Sebrae e Governo do Estado lan\u00e7am o MS Empreende Mais"},"content":{"rendered":"<p style=\"text-align: justify;\"><img loading=\"lazy\" class=\"alignnone size-full wp-image-197252\" src=\"https:\/\/mspontocom.com.br\/site\/wp-content\/uploads\/2025\/01\/site-sebrae-e-governo-do-estado-lancam-o-ms-empreende-mais-msempreende.jpg\" alt=\"\" width=\"686\" height=\"386\" srcset=\"https:\/\/mspontocom.com.br\/site\/wp-content\/uploads\/2025\/01\/site-sebrae-e-governo-do-estado-lancam-o-ms-empreende-mais-msempreende.jpg 686w, https:\/\/mspontocom.com.br\/site\/wp-content\/uploads\/2025\/01\/site-sebrae-e-governo-do-estado-lancam-o-ms-empreende-mais-msempreende-260x146.jpg 260w\" sizes=\"(max-width: 686px) 100vw, 686px\" \/>Na pr\u00f3xima quarta-feira (5), o Sebrae e o Governo do Estado realizam a segunda edi\u00e7\u00e3o do<strong> \u201cMS Empreende Mais\u201d,<\/strong> evento que refor\u00e7a a parceria entre as institui\u00e7\u00f5es para o desenvolvimento sustent\u00e1vel de Mato Grosso do Sul.<\/p>\n<p style=\"text-align: justify;\">A agenda acontece \u00e0s 8h30, na sede do Sebrae\/MS em Campo Grande (Av. Mato Grosso, n\u00ba 1661).<\/p>\n<p style=\"text-align: justify;\">Durante o evento, ser\u00e3o apresentadas as iniciativas do Governo do Estado para o desenvolvimento territorial e a estrat\u00e9gia do Sebrae\/MS voltada aos <strong>pequenos neg\u00f3cios<\/strong> em 2025.<\/p>\n<blockquote><p>A abertura oficial ter\u00e1 a presen\u00e7a do governador <strong>Eduardo Riedel<\/strong>, que trar\u00e1 em uma palestra insights sobre as a\u00e7\u00f5es governamentais que est\u00e3o impulsionando o crescimento econ\u00f4mico de Mato Grosso do Sul.<\/p>\n<p><em><span style=\"font-size: 14pt;\">\u201cO MS Empreende Mais refor\u00e7a o papel do Sebrae como um aliado estrat\u00e9gico do Governo do Estado, do setor produtivo e dos empreendedores, contribuindo para um Mato Grosso do Sul mais pr\u00f3spero a partir da inclus\u00e3o do pequeno neg\u00f3cio\u201d, afirma o diretor-superintendente do Sebrae\/MS, Claudio Mendon\u00e7a.<\/span><\/em><\/p><\/blockquote>\n<p style=\"text-align: justify;\">Outro momento importante ser\u00e1 o lan\u00e7amento de tr\u00eas novos editais:<\/p>\n<p style=\"text-align: justify;\"><strong>MS Valoriza<\/strong>, que promove produtos locais; <strong>Cidade Empreendedora<\/strong>, focado no desenvolvimento da economia dos munic\u00edpios sul-mato-grossenses;<strong> e Sebrae Delas,<\/strong> que acelera neg\u00f3cios liderados por mulheres.<\/p>\n<p style=\"text-align: justify;\"><span style=\"font-size: 14pt;\"><b>Servi\u00e7o: MS Empreende Mais<\/b><\/span><\/p>\n<p>Data: 05\/02<\/p>\n<p>Hora: 8h30<\/p>\n<p>Local: Sebrae\/MS em Campo Grande (Av. Mato Grosso, n\u00ba 1661).<\/p>\n<p align=\"justify\"><span style=\"font-family: Times New Roman, serif;\"><span style=\"font-size: medium;\"><span style=\"color: #ff0000;\">Continue ao nosso lado. Veja mais not\u00edcias em:<\/span> <span style=\"color: #0000ff;\"><u><a href=\"http:\/\/www.mspontocom.com.br\/\">www.mspontocom.com.br<\/a><\/u><\/span><\/span><\/span><\/p>\n<p align=\"justify\"><span style=\"font-family: Times New Roman, serif;\"><span style=\"font-size: medium;\">Instagram e X:\u00a0 @mspontocom<\/span><\/span><\/p>\n<p>&nbsp;<\/p>\n<table class=\"m_591128038477206290container\" border=\"0\" width=\"600\" cellspacing=\"0\" cellpadding=\"0\" align=\"center\">\n<tbody>\n<tr>\n<td>\n<table width=\"100%\" cellspacing=\"0\" cellpadding=\"0\" bgcolor=\"#ffffff\">\n<tbody>\n<tr>\n<td align=\"center\" valign=\"top\"><\/td>\n<\/tr>\n<\/tbody>\n<\/table>\n<\/td>\n<\/tr>\n<\/tbody>\n<\/table>\n","protected":false},"excerpt":{"rendered":"<p>Na pr\u00f3xima quarta-feira (5), o Sebrae e o Governo do Estado realizam a segunda edi\u00e7\u00e3o do \u201cMS Empreende Mais\u201d, evento que refor\u00e7a a parceria entre as institui\u00e7\u00f5es para o desenvolvimento sustent\u00e1vel de Mato Grosso do Sul. A agenda acontece \u00e0s 8h30, na sede do Sebrae\/MS em Campo Grande (Av. Mato Grosso, n\u00ba 1661). Durante o [&hellip;]<\/p>\n","protected":false},"author":2,"featured_media":197252,"comment_status":"open","ping_status":"open","sticky":false,"template":"","format":"standard","meta":{"_monsterinsights_skip_tracking":false,"_monsterinsights_sitenote_active":false,"_monsterinsights_sitenote_note":"","_monsterinsights_sitenote_category":0},"categories":[74],"tags":[3860,81,42525,536],"aioseo_notices":[],"_links":{"self":[{"href":"https:\/\/mspontocom.com.br\/site\/wp-json\/wp\/v2\/posts\/197251"}],"collection":[{"href":"https:\/\/mspontocom.com.br\/site\/wp-json\/wp\/v2\/posts"}],"about":[{"href":"https:\/\/mspontocom.com.br\/site\/wp-json\/wp\/v2\/types\/post"}],"author":[{"embeddable":true,"href":"https:\/\/mspontocom.com.br\/site\/wp-json\/wp\/v2\/users\/2"}],"replies":[{"embeddable":true,"href":"https:\/\/mspontocom.com.br\/site\/wp-json\/wp\/v2\/comments?post=197251"}],"version-history":[{"count":1,"href":"https:\/\/mspontocom.com.br\/site\/wp-json\/wp\/v2\/posts\/197251\/revisions"}],"predecessor-version":[{"id":197253,"href":"https:\/\/mspontocom.com.br\/site\/wp-json\/wp\/v2\/posts\/197251\/revisions\/197253"}],"wp:featuredmedia":[{"embeddable":true,"href":"https:\/\/mspontocom.com.br\/site\/wp-json\/wp\/v2\/media\/197252"}],"wp:attachment":[{"href":"https:\/\/mspontocom.com.br\/site\/wp-json\/wp\/v2\/media?parent=197251"}],"wp:term":[{"taxonomy":"category","embeddable":true,"href":"https:\/\/mspontocom.com.br\/site\/wp-json\/wp\/v2\/categories?post=197251"},{"taxonomy":"post_tag","embeddable":true,"href":"https:\/\/mspontocom.com.br\/site\/wp-json\/wp\/v2\/tags?post=197251"}],"curies":[{"name":"wp","href":"https:\/\/api.w.org\/{rel}","templated":true}]}}