{"id":197353,"date":"2025-02-04T04:46:58","date_gmt":"2025-02-04T08:46:58","guid":{"rendered":"https:\/\/mspontocom.com.br\/site\/?p=197353"},"modified":"2025-02-04T05:58:46","modified_gmt":"2025-02-04T09:58:46","slug":"associacao-comercial-abre-cursos-para-capacitar-empresarios-e-publico-em-geral","status":"publish","type":"post","link":"https:\/\/mspontocom.com.br\/site\/associacao-comercial-abre-cursos-para-capacitar-empresarios-e-publico-em-geral\/","title":{"rendered":"Associa\u00e7\u00e3o Comercial abre cursos para capacitar empres\u00e1rios e p\u00fablico em geral"},"content":{"rendered":"<p style=\"font-weight: 400; text-align: justify;\"><img loading=\"lazy\" class=\"alignnone size-full wp-image-197354\" src=\"https:\/\/mspontocom.com.br\/site\/wp-content\/uploads\/2025\/02\/site-associacao-comercial-inicia-calendario-de-cursos-para-capacitar-empresarios-e-profissionais-acig-e1738662948101.webp\" alt=\"\" width=\"1145\" height=\"748\" srcset=\"https:\/\/mspontocom.com.br\/site\/wp-content\/uploads\/2025\/02\/site-associacao-comercial-inicia-calendario-de-cursos-para-capacitar-empresarios-e-profissionais-acig-e1738662948101.webp 1145w, https:\/\/mspontocom.com.br\/site\/wp-content\/uploads\/2025\/02\/site-associacao-comercial-inicia-calendario-de-cursos-para-capacitar-empresarios-e-profissionais-acig-e1738662948101-260x170.webp 260w, https:\/\/mspontocom.com.br\/site\/wp-content\/uploads\/2025\/02\/site-associacao-comercial-inicia-calendario-de-cursos-para-capacitar-empresarios-e-profissionais-acig-e1738662948101-1024x669.webp 1024w, https:\/\/mspontocom.com.br\/site\/wp-content\/uploads\/2025\/02\/site-associacao-comercial-inicia-calendario-de-cursos-para-capacitar-empresarios-e-profissionais-acig-e1738662948101-768x502.webp 768w\" sizes=\"(max-width: 1145px) 100vw, 1145px\" \/>Empres\u00e1rios e empreendedores interessados em expandir seus neg\u00f3cios podem participar dos cursos oferecidos pela <strong>Associa\u00e7\u00e3o Comercial e Industrial de Campo Grande (ACICG)<\/strong>, por meio da Escola de Neg\u00f3cios.<\/p>\n<p style=\"font-weight: 400; text-align: justify;\"><strong>As aulas s\u00e3o abertas ao p\u00fablico em geral,<\/strong> incluindo a participa\u00e7\u00e3o de gestores e profissionais de todas as \u00e1reas que desejam aprimorar habilidades.<\/p>\n<p style=\"font-weight: 400; text-align: justify;\">O calend\u00e1rio com a data e o nome dos cursos, bem como o acesso \u00e0 inscri\u00e7\u00e3o, est\u00e3o dispon\u00edveis na internet. Clique\u00a0<a href=\"https:\/\/linktr.ee\/comunicacaoacicg?utm_source=linktree_profile_share&amp;ltsid=429768ed-64ce-4cb4-b704-3c06aaa58b51\" data-saferedirecturl=\"https:\/\/www.google.com\/url?q=https:\/\/linktr.ee\/comunicacaoacicg?utm_source%3Dlinktree_profile_share%26ltsid%3D429768ed-64ce-4cb4-b704-3c06aaa58b51&amp;source=gmail&amp;ust=1738748510630000&amp;usg=AOvVaw0IrUIUoPjwz-SDqNZakIkS\">aqui<\/a>\u00a0e fa\u00e7a o seu cadastro.<\/p>\n<p style=\"font-weight: 400; text-align: justify;\"><span style=\"font-size: 14pt;\"><strong>Veja abaixo o calend\u00e1rio com a data dos cursos:<\/strong><\/span><\/p>\n<ul style=\"text-align: justify;\">\n<li style=\"font-weight: 400;\">10\/02 &#8211; Consultoria de Imagem e Estilo com Renata Fialho<\/li>\n<li style=\"font-weight: 400;\">15\/02 &#8211; LinkedIn na Pr\u00e1tica, potencialize sua carreira e networking<\/li>\n<li style=\"font-weight: 400;\">08\/03 &#8211; Excel, do b\u00e1sico ao intermedi\u00e1rio<\/li>\n<li style=\"font-weight: 400;\">10\/03 &#8211; Orat\u00f3ria, comunica\u00e7\u00e3o e t\u00e9cnica de apresenta\u00e7\u00e3o<\/li>\n<li style=\"font-weight: 400;\">18\/03 &#8211; Marketing Digital para pequenas empresas<\/li>\n<li style=\"font-weight: 400;\">27\/03 &#8211; Rodada de neg\u00f3cios<\/li>\n<li style=\"font-weight: 400;\">07\/04 &#8211; Atendimento Humanizado em Sa\u00fade, excel\u00eancia e aperfei\u00e7oamento<\/li>\n<li style=\"font-weight: 400;\">12\/04 &#8211; Imers\u00e3o em vendas com Fabr\u00edcio Medeiros<\/li>\n<li style=\"font-weight: 400;\">12\/05 &#8211; Venda digital, domine o e-commerce<\/li>\n<li style=\"font-weight: 400;\">07\/06 &#8211; Design Gr\u00e1fico Canva, profissional<\/li>\n<li style=\"font-weight: 400;\">09\/06 &#8211; Tr\u00e1fego Pago, como anunciar no Instagram e Facebook<\/li>\n<\/ul>\n<p style=\"font-weight: 400; text-align: justify;\"><strong>Cr\u00e9dito: Divulga\u00e7\u00e3o\/ACICG <\/strong><strong>Juliana Rezende<\/strong><\/p>\n<p style=\"text-align: justify;\" align=\"justify\"><span style=\"font-family: Times New Roman, serif;\"><span style=\"font-size: medium;\"><span style=\"color: #ff0000;\">Continue ao nosso lado. Veja mais not\u00edcias em<\/span>: <span style=\"color: #0000ff;\"><u><a href=\"http:\/\/www.mspontocom.com.br\/\">www.mspontocom.com.br<\/a><\/u><\/span><\/span><\/span><\/p>\n<p style=\"text-align: justify;\" align=\"justify\"><span style=\"font-family: Times New Roman, serif;\"><span style=\"font-size: medium;\">Instagram e X:\u00a0 @mspontocom<\/span><\/span><\/p>\n","protected":false},"excerpt":{"rendered":"<p>Empres\u00e1rios e empreendedores interessados em expandir seus neg\u00f3cios podem participar dos cursos oferecidos pela Associa\u00e7\u00e3o Comercial e Industrial de Campo Grande (ACICG), por meio da Escola de Neg\u00f3cios. As aulas s\u00e3o abertas ao p\u00fablico em geral, incluindo a participa\u00e7\u00e3o de gestores e profissionais de todas as \u00e1reas que desejam aprimorar habilidades. O calend\u00e1rio com a [&hellip;]<\/p>\n","protected":false},"author":2,"featured_media":197354,"comment_status":"open","ping_status":"open","sticky":false,"template":"","format":"standard","meta":{"_monsterinsights_skip_tracking":false,"_monsterinsights_sitenote_active":false,"_monsterinsights_sitenote_note":"","_monsterinsights_sitenote_category":0},"categories":[4328],"tags":[1440,123,435,3720,42537],"aioseo_notices":[],"_links":{"self":[{"href":"https:\/\/mspontocom.com.br\/site\/wp-json\/wp\/v2\/posts\/197353"}],"collection":[{"href":"https:\/\/mspontocom.com.br\/site\/wp-json\/wp\/v2\/posts"}],"about":[{"href":"https:\/\/mspontocom.com.br\/site\/wp-json\/wp\/v2\/types\/post"}],"author":[{"embeddable":true,"href":"https:\/\/mspontocom.com.br\/site\/wp-json\/wp\/v2\/users\/2"}],"replies":[{"embeddable":true,"href":"https:\/\/mspontocom.com.br\/site\/wp-json\/wp\/v2\/comments?post=197353"}],"version-history":[{"count":1,"href":"https:\/\/mspontocom.com.br\/site\/wp-json\/wp\/v2\/posts\/197353\/revisions"}],"predecessor-version":[{"id":197355,"href":"https:\/\/mspontocom.com.br\/site\/wp-json\/wp\/v2\/posts\/197353\/revisions\/197355"}],"wp:featuredmedia":[{"embeddable":true,"href":"https:\/\/mspontocom.com.br\/site\/wp-json\/wp\/v2\/media\/197354"}],"wp:attachment":[{"href":"https:\/\/mspontocom.com.br\/site\/wp-json\/wp\/v2\/media?parent=197353"}],"wp:term":[{"taxonomy":"category","embeddable":true,"href":"https:\/\/mspontocom.com.br\/site\/wp-json\/wp\/v2\/categories?post=197353"},{"taxonomy":"post_tag","embeddable":true,"href":"https:\/\/mspontocom.com.br\/site\/wp-json\/wp\/v2\/tags?post=197353"}],"curies":[{"name":"wp","href":"https:\/\/api.w.org\/{rel}","templated":true}]}}