{"id":197426,"date":"2025-02-06T05:15:29","date_gmt":"2025-02-06T09:15:29","guid":{"rendered":"https:\/\/mspontocom.com.br\/site\/?p=197426"},"modified":"2025-02-06T08:12:47","modified_gmt":"2025-02-06T12:12:47","slug":"parceria-entre-governo-de-ms-e-sebrae-fomenta-o-empreendedorismo-feminino","status":"publish","type":"post","link":"https:\/\/mspontocom.com.br\/site\/parceria-entre-governo-de-ms-e-sebrae-fomenta-o-empreendedorismo-feminino\/","title":{"rendered":"Parceria entre Governo de MS e Sebrae fomenta o empreendedorismo feminino"},"content":{"rendered":"<p style=\"text-align: justify;\"><img loading=\"lazy\" class=\"alignnone size-full wp-image-197433\" src=\"https:\/\/mspontocom.com.br\/site\/wp-content\/uploads\/2025\/02\/site-parceria-entre-governo-de-ms-e-sebrae-fomenta-o-empreendedorismo-feminino-parceria-ms-sebrae.jpg\" alt=\"\" width=\"1024\" height=\"683\" srcset=\"https:\/\/mspontocom.com.br\/site\/wp-content\/uploads\/2025\/02\/site-parceria-entre-governo-de-ms-e-sebrae-fomenta-o-empreendedorismo-feminino-parceria-ms-sebrae.jpg 1024w, https:\/\/mspontocom.com.br\/site\/wp-content\/uploads\/2025\/02\/site-parceria-entre-governo-de-ms-e-sebrae-fomenta-o-empreendedorismo-feminino-parceria-ms-sebrae-260x173.jpg 260w, https:\/\/mspontocom.com.br\/site\/wp-content\/uploads\/2025\/02\/site-parceria-entre-governo-de-ms-e-sebrae-fomenta-o-empreendedorismo-feminino-parceria-ms-sebrae-768x512.jpg 768w\" sizes=\"(max-width: 1024px) 100vw, 1024px\" \/>Aliado estrat\u00e9gico do Governo de Mato Grosso do Sul no fomento do setor produtivo e de empreendedores, o <strong>Sebrae <\/strong>lan\u00e7ou nesta quarta-feira (5) tr\u00eas novos editais dentro da segunda edi\u00e7\u00e3o do programa MS Empreende Mais:<\/p>\n<p style=\"text-align: justify;\">O <strong>MS Valoriza<\/strong>, que que promove produtos locais; o<strong> Cidade Empreendedora,<\/strong> focado no desenvolvimento da economia dos munic\u00edpios sul-mato-grossenses; e o <strong>Sebrae Delas<\/strong>, que acelera neg\u00f3cios liderados por mulheres.<\/p>\n<p style=\"text-align: justify;\">Artes\u00e3os, prefeituras e mulheres empreendedoras j\u00e1 podem se inscrever nas iniciativas, que contam com investimentos de R$ 50 milh\u00f5es.<\/p>\n<p style=\"text-align: justify;\">O <strong>governador Riedel<\/strong> ainda pontuou que na esteira dos investimentos privados em bioenergia, celulose, citricultura, outros servi\u00e7os e produtos s\u00e3o necess\u00e1rios.<\/p>\n<blockquote><p><span style=\"font-size: 14pt;\"><em> &#8220;\u00c9 o restaurante, o hotel, o borracheiro, a oficina, a loca\u00e7\u00e3o do carro, todo um complexo de servi\u00e7os e neg\u00f3cios que v\u00e3o dar suporte para aquele grande empreendimento&#8221;, afirmou.<\/em><\/span><\/p><\/blockquote>\n<p style=\"text-align: justify;\">O evento contou uma mostra de projetos do Sebrae-MS, com iniciativas de mercado, internacionaliza\u00e7\u00e3o, desenvolvimento local e empreendedorismo feminino.<\/p>\n<p style=\"text-align: justify;\"><em>fonte: Alexandre Gonzaga, Comunica\u00e7\u00e3o\u00a0<\/em><br \/>\n<em>Foto: Bruno Rezende<\/em><\/p>\n<p style=\"text-align: justify;\" align=\"justify\"><span style=\"font-family: Times New Roman, serif;\"><span style=\"font-size: medium;\"><span style=\"color: #ff0000;\">Continue ao nosso lado. Veja mais not\u00edcias em<\/span>: <span style=\"color: #0000ff;\"><u><a href=\"http:\/\/www.mspontocom.com.br\/\">www.mspontocom.com.br<\/a><\/u><\/span><\/span><\/span><\/p>\n<p style=\"text-align: justify;\" align=\"justify\"><span style=\"font-family: Times New Roman, serif;\"><span style=\"font-size: medium;\">Instagram e X:\u00a0 @mspontocom<\/span><\/span><\/p>\n","protected":false},"excerpt":{"rendered":"<p>Aliado estrat\u00e9gico do Governo de Mato Grosso do Sul no fomento do setor produtivo e de empreendedores, o Sebrae lan\u00e7ou nesta quarta-feira (5) tr\u00eas novos editais dentro da segunda edi\u00e7\u00e3o do programa MS Empreende Mais: O MS Valoriza, que que promove produtos locais; o Cidade Empreendedora, focado no desenvolvimento da economia dos munic\u00edpios sul-mato-grossenses; e [&hellip;]<\/p>\n","protected":false},"author":2,"featured_media":197433,"comment_status":"open","ping_status":"open","sticky":false,"template":"","format":"standard","meta":{"_monsterinsights_skip_tracking":false,"_monsterinsights_sitenote_active":false,"_monsterinsights_sitenote_note":"","_monsterinsights_sitenote_category":0},"categories":[74],"tags":[4124,30941,649,1194,536],"aioseo_notices":[],"_links":{"self":[{"href":"https:\/\/mspontocom.com.br\/site\/wp-json\/wp\/v2\/posts\/197426"}],"collection":[{"href":"https:\/\/mspontocom.com.br\/site\/wp-json\/wp\/v2\/posts"}],"about":[{"href":"https:\/\/mspontocom.com.br\/site\/wp-json\/wp\/v2\/types\/post"}],"author":[{"embeddable":true,"href":"https:\/\/mspontocom.com.br\/site\/wp-json\/wp\/v2\/users\/2"}],"replies":[{"embeddable":true,"href":"https:\/\/mspontocom.com.br\/site\/wp-json\/wp\/v2\/comments?post=197426"}],"version-history":[{"count":2,"href":"https:\/\/mspontocom.com.br\/site\/wp-json\/wp\/v2\/posts\/197426\/revisions"}],"predecessor-version":[{"id":197434,"href":"https:\/\/mspontocom.com.br\/site\/wp-json\/wp\/v2\/posts\/197426\/revisions\/197434"}],"wp:featuredmedia":[{"embeddable":true,"href":"https:\/\/mspontocom.com.br\/site\/wp-json\/wp\/v2\/media\/197433"}],"wp:attachment":[{"href":"https:\/\/mspontocom.com.br\/site\/wp-json\/wp\/v2\/media?parent=197426"}],"wp:term":[{"taxonomy":"category","embeddable":true,"href":"https:\/\/mspontocom.com.br\/site\/wp-json\/wp\/v2\/categories?post=197426"},{"taxonomy":"post_tag","embeddable":true,"href":"https:\/\/mspontocom.com.br\/site\/wp-json\/wp\/v2\/tags?post=197426"}],"curies":[{"name":"wp","href":"https:\/\/api.w.org\/{rel}","templated":true}]}}