{"id":197489,"date":"2025-02-08T07:49:43","date_gmt":"2025-02-08T11:49:43","guid":{"rendered":"https:\/\/mspontocom.com.br\/site\/?p=197489"},"modified":"2025-02-08T07:49:43","modified_gmt":"2025-02-08T11:49:43","slug":"fundo-clima-pantanal-e-regulamentado-para-preservar-o-bioma-em-ms","status":"publish","type":"post","link":"https:\/\/mspontocom.com.br\/site\/fundo-clima-pantanal-e-regulamentado-para-preservar-o-bioma-em-ms\/","title":{"rendered":"Fundo Clima Pantanal \u00e9 regulamentado para preservar o bioma em MS"},"content":{"rendered":"<p style=\"text-align: justify;\"><img loading=\"lazy\" class=\"alignnone size-full wp-image-197490\" src=\"https:\/\/mspontocom.com.br\/site\/wp-content\/uploads\/2025\/02\/site-pantanal-tempo-foto-bruno-rezende-18-1536x1024-1.jpg\" alt=\"\" width=\"1536\" height=\"1024\" srcset=\"https:\/\/mspontocom.com.br\/site\/wp-content\/uploads\/2025\/02\/site-pantanal-tempo-foto-bruno-rezende-18-1536x1024-1.jpg 1536w, https:\/\/mspontocom.com.br\/site\/wp-content\/uploads\/2025\/02\/site-pantanal-tempo-foto-bruno-rezende-18-1536x1024-1-260x173.jpg 260w, https:\/\/mspontocom.com.br\/site\/wp-content\/uploads\/2025\/02\/site-pantanal-tempo-foto-bruno-rezende-18-1536x1024-1-1024x683.jpg 1024w, https:\/\/mspontocom.com.br\/site\/wp-content\/uploads\/2025\/02\/site-pantanal-tempo-foto-bruno-rezende-18-1536x1024-1-768x512.jpg 768w\" sizes=\"(max-width: 1536px) 100vw, 1536px\" \/>Para manter e expandir as a\u00e7\u00f5es de prote\u00e7\u00e3o ambiental do Pantanal sul-mato-grossense, o Governo do Estado regulamentou o Fundo Estadual de Desenvolvimento Sustent\u00e1vel do <strong>Bioma Pantanal.<\/strong><\/p>\n<p style=\"text-align: justify;\">O governador <strong>Eduardo Riedel<\/strong>, no ato de assinatura do decreto, pontuou sobre a import\u00e2ncia do aporte de R$ 40 milh\u00f5es, que j\u00e1 est\u00e3o destinados no Fundo Clima Pantanal, para o pagamento de servi\u00e7os ambientais.<\/p>\n<blockquote><p><span style=\"font-size: 14pt;\"><em>\u201cO Fundo Clima Pantanal \u00e9 consequ\u00eancia de toda a constru\u00e7\u00e3o que n\u00f3s estamos fazendo em rela\u00e7\u00e3o a Lei do Pantanal, at\u00e9 a\u00e7\u00f5es concretas para o bioma. E o fundo \u00e9 um instrumento que a gente tem para financiar essas a\u00e7\u00f5es, com pagamentos de servi\u00e7os ambientais e todas as a\u00e7\u00f5es que envolvem o bioma e seus moradores, pantaneiros, produtores, ribeirinhos, pequenos, m\u00e9dios, grandes, todos que tem a capacidade de preservar mais ou menos e o nosso objetivo \u00e9 a preserva\u00e7\u00e3o. O fundo vem com esse objetivo, o Estado garante o aporte de R$ 40 milh\u00f5es por ano. E n\u00f3s vamos buscar recursos de todos os interessados no projeto, que \u00e9 do estado de Mato Grosso do Sul\u201d, afirmou Riedel.<\/em><\/span><\/p><\/blockquote>\n<p style=\"text-align: justify;\">O Fundo Clima Pantanal foi criado pela Lei do Pantanal, de dezembro de 2023, e tem como objetivo promover o desenvolvimento sustent\u00e1vel do bioma.<\/p>\n<p style=\"text-align: justify;\">O edital para ades\u00e3o ao programa dever\u00e1 ser lan\u00e7ado at\u00e9 fim do m\u00eas de mar\u00e7o, com previs\u00e3o de pagamento em duas parcelas, a primeira delas ainda neste semestre, com tempo h\u00e1bil para a realiza\u00e7\u00e3o do monitoramento das \u00e1reas e dos servi\u00e7os realizados.<\/p>\n<p style=\"text-align: justify;\" align=\"justify\"><span style=\"font-family: Times New Roman, serif;\"><span style=\"font-size: medium;\"><span style=\"color: #ff0000;\">Continue ao nosso lado. Veja mais not\u00edcias em:<\/span> <span style=\"color: #0000ff;\"><u><a href=\"http:\/\/www.mspontocom.com.br\/\">www.mspontocom.com.br<\/a><\/u><\/span><\/span><\/span><\/p>\n<p style=\"text-align: justify;\" align=\"justify\"><span style=\"font-family: Times New Roman, serif;\"><span style=\"font-size: medium;\">Instagram e X:\u00a0 @mspontocom<\/span><\/span><\/p>\n<p style=\"text-align: justify;\"><em>fonte: Natalia Yahn, Comunica\u00e7\u00e3o<\/em><br \/>\n<em>Foto: Bruno Rezende<\/em><\/p>\n","protected":false},"excerpt":{"rendered":"<p>Para manter e expandir as a\u00e7\u00f5es de prote\u00e7\u00e3o ambiental do Pantanal sul-mato-grossense, o Governo do Estado regulamentou o Fundo Estadual de Desenvolvimento Sustent\u00e1vel do Bioma Pantanal. O governador Eduardo Riedel, no ato de assinatura do decreto, pontuou sobre a import\u00e2ncia do aporte de R$ 40 milh\u00f5es, que j\u00e1 est\u00e3o destinados no Fundo Clima Pantanal, para [&hellip;]<\/p>\n","protected":false},"author":2,"featured_media":197490,"comment_status":"open","ping_status":"open","sticky":false,"template":"","format":"standard","meta":{"_monsterinsights_skip_tracking":false,"_monsterinsights_sitenote_active":false,"_monsterinsights_sitenote_note":"","_monsterinsights_sitenote_category":0},"categories":[74],"tags":[42561,42560],"aioseo_notices":[],"_links":{"self":[{"href":"https:\/\/mspontocom.com.br\/site\/wp-json\/wp\/v2\/posts\/197489"}],"collection":[{"href":"https:\/\/mspontocom.com.br\/site\/wp-json\/wp\/v2\/posts"}],"about":[{"href":"https:\/\/mspontocom.com.br\/site\/wp-json\/wp\/v2\/types\/post"}],"author":[{"embeddable":true,"href":"https:\/\/mspontocom.com.br\/site\/wp-json\/wp\/v2\/users\/2"}],"replies":[{"embeddable":true,"href":"https:\/\/mspontocom.com.br\/site\/wp-json\/wp\/v2\/comments?post=197489"}],"version-history":[{"count":1,"href":"https:\/\/mspontocom.com.br\/site\/wp-json\/wp\/v2\/posts\/197489\/revisions"}],"predecessor-version":[{"id":197491,"href":"https:\/\/mspontocom.com.br\/site\/wp-json\/wp\/v2\/posts\/197489\/revisions\/197491"}],"wp:featuredmedia":[{"embeddable":true,"href":"https:\/\/mspontocom.com.br\/site\/wp-json\/wp\/v2\/media\/197490"}],"wp:attachment":[{"href":"https:\/\/mspontocom.com.br\/site\/wp-json\/wp\/v2\/media?parent=197489"}],"wp:term":[{"taxonomy":"category","embeddable":true,"href":"https:\/\/mspontocom.com.br\/site\/wp-json\/wp\/v2\/categories?post=197489"},{"taxonomy":"post_tag","embeddable":true,"href":"https:\/\/mspontocom.com.br\/site\/wp-json\/wp\/v2\/tags?post=197489"}],"curies":[{"name":"wp","href":"https:\/\/api.w.org\/{rel}","templated":true}]}}