{"id":197527,"date":"2025-02-10T05:10:10","date_gmt":"2025-02-10T09:10:10","guid":{"rendered":"https:\/\/mspontocom.com.br\/site\/?p=197527"},"modified":"2025-02-10T07:23:47","modified_gmt":"2025-02-10T11:23:47","slug":"mato-grosso-do-sul-e-protagonista-em-tecnicas-de-gestao-do-pais","status":"publish","type":"post","link":"https:\/\/mspontocom.com.br\/site\/mato-grosso-do-sul-e-protagonista-em-tecnicas-de-gestao-do-pais\/","title":{"rendered":"Mato Grosso do Sul \u00e9 protagonista em t\u00e9cnicas de gest\u00e3o do pa\u00eds"},"content":{"rendered":"<p style=\"text-align: justify;\"><img loading=\"lazy\" class=\"alignnone size-full wp-image-197531\" src=\"https:\/\/mspontocom.com.br\/site\/wp-content\/uploads\/2025\/02\/site-mato-grosso-do-sul-e-protagonismo-das-decisoes-tecnicas-e-de-gestao-do-pais-gestao.webp\" alt=\"\" width=\"672\" height=\"372\" srcset=\"https:\/\/mspontocom.com.br\/site\/wp-content\/uploads\/2025\/02\/site-mato-grosso-do-sul-e-protagonismo-das-decisoes-tecnicas-e-de-gestao-do-pais-gestao.webp 672w, https:\/\/mspontocom.com.br\/site\/wp-content\/uploads\/2025\/02\/site-mato-grosso-do-sul-e-protagonismo-das-decisoes-tecnicas-e-de-gestao-do-pais-gestao-260x144.webp 260w\" sizes=\"(max-width: 672px) 100vw, 672px\" \/>O Comsefaz (Comit\u00ea de Secret\u00e1rios de Fazenda dos Estados e do Distrito Federal) elegeu\u00a0 por unanimidade, <strong>Fl\u00e1vio C\u00e9sar Mendes de Oliveira,<\/strong> secret\u00e1rio de Fazenda de Mato Grosso do Sul, como seu novo presidente para o bi\u00eanio (2025-2027).<\/p>\n<p style=\"text-align: justify;\"><strong>A escolha \u00e9 hist\u00f3rica:<\/strong> \u00e9 a primeira vez que um representante do Centro-Oeste assume a lideran\u00e7a do comit\u00ea, que re\u00fane os secret\u00e1rios de Fazenda de todos os estados brasileiros e do Distrito Federal.<\/p>\n<p style=\"text-align: justify;\">O Estado, que tem se destacado como um dos mais din\u00e2micos do pa\u00eds, ganha agora voz ativa nas discuss\u00f5es nacionais sobre pol\u00edticas tribut\u00e1rias e fiscais, posicionando-se como pe\u00e7a-chave no desenvolvimento do federalismo brasileiro.<\/p>\n<p style=\"text-align: justify;\">Mato Grosso do Sul vive um momento de crescimento e consolida\u00e7\u00e3o como um dos estados mais promissores do Brasil.<\/p>\n<p style=\"text-align: justify;\"><strong> Com um PIB de R$ 190 bilh\u00f5es em 2024<\/strong> e proje\u00e7\u00e3o de crescimento de 4,2% em 2025, o estado ocupa o <strong>terceiro lugar no ranking de liberdade econ\u00f4mica<\/strong> e se consolida como um dos melhores ambientes para investimentos e empreendedorismo.<\/p>\n<p style=\"text-align: justify;\">Fl\u00e1vio C\u00e9sar assume a presid\u00eancia do Comsefaz diante de grandes desafios para os estados e o Distrito Federal.<\/p>\n<p style=\"text-align: justify;\">Sua gest\u00e3o ter\u00e1 como prioridade acompanhar as discuss\u00f5es sobre a reforma tribut\u00e1ria, garantindo que os interesses estaduais sejam preservados, especialmente no que se refere ao ICMS.<\/p>\n<p style=\"text-align: justify;\">Al\u00e9m disso, buscar\u00e1 solu\u00e7\u00f5es para evitar a guerra fiscal entre os estados, promovendo um ambiente mais equilibrado na atra\u00e7\u00e3o de investimentos.<\/p>\n<p style=\"text-align: justify;\">Outro foco ser\u00e1 a moderniza\u00e7\u00e3o da gest\u00e3o fiscal, incentivando o uso de tecnologias e pr\u00e1ticas inovadoras para melhorar a arrecada\u00e7\u00e3o e a administra\u00e7\u00e3o dos recursos p\u00fablicos.<\/p>\n<p style=\"text-align: justify;\">Para o governador de Mato Grosso do Sul, <strong>Eduardo Riedel,<\/strong> a elei\u00e7\u00e3o de Fl\u00e1vio C\u00e9sar \u00e9 uma conquista que reflete a maturidade da gest\u00e3o fiscal do estado.<\/p>\n<blockquote><p><em> &#8220;Ter um sul-mato-grossense \u00e0 frente do Comsefaz \u00e9 um reconhecimento do trabalho s\u00e9rio e transparente que temos realizado em nossa gest\u00e3o. Fl\u00e1vio Cesar levar\u00e1 para o comit\u00ea a experi\u00eancia e a vis\u00e3o de um estado que cresce com responsabilidade fiscal&#8221;, afirmou Riedel.<\/em><\/p><\/blockquote>\n<p style=\"text-align: justify;\">A elei\u00e7\u00e3o de Fl\u00e1vio C\u00e9sar para a presid\u00eancia do Comsefaz \u00e9 um marco hist\u00f3rico para Mato Grosso do Sul e para o Centro-Oeste. Sob sua lideran\u00e7a, o estado ter\u00e1 a oportunidade de protagonizar \u00e0s discuss\u00f5es pol\u00edticas fiscais e tribut\u00e1rias do pa\u00eds, garantindo que suas demandas e vis\u00f5es sejam ouvidas em \u00e2mbito nacional.<\/p>\n<p style=\"text-align: justify;\"><em>fonte: Comunica\u00e7\u00e3o Sefaz<\/em><br \/>\n<em>Foto: Saul Schramm<\/em><\/p>\n","protected":false},"excerpt":{"rendered":"<p>O Comsefaz (Comit\u00ea de Secret\u00e1rios de Fazenda dos Estados e do Distrito Federal) elegeu\u00a0 por unanimidade, Fl\u00e1vio C\u00e9sar Mendes de Oliveira, secret\u00e1rio de Fazenda de Mato Grosso do Sul, como seu novo presidente para o bi\u00eanio (2025-2027). A escolha \u00e9 hist\u00f3rica: \u00e9 a primeira vez que um representante do Centro-Oeste assume a lideran\u00e7a do comit\u00ea, [&hellip;]<\/p>\n","protected":false},"author":2,"featured_media":197531,"comment_status":"open","ping_status":"open","sticky":false,"template":"","format":"standard","meta":{"_monsterinsights_skip_tracking":false,"_monsterinsights_sitenote_active":false,"_monsterinsights_sitenote_note":"","_monsterinsights_sitenote_category":0},"categories":[74],"tags":[931,3316,21822,42565,33021],"aioseo_notices":[],"_links":{"self":[{"href":"https:\/\/mspontocom.com.br\/site\/wp-json\/wp\/v2\/posts\/197527"}],"collection":[{"href":"https:\/\/mspontocom.com.br\/site\/wp-json\/wp\/v2\/posts"}],"about":[{"href":"https:\/\/mspontocom.com.br\/site\/wp-json\/wp\/v2\/types\/post"}],"author":[{"embeddable":true,"href":"https:\/\/mspontocom.com.br\/site\/wp-json\/wp\/v2\/users\/2"}],"replies":[{"embeddable":true,"href":"https:\/\/mspontocom.com.br\/site\/wp-json\/wp\/v2\/comments?post=197527"}],"version-history":[{"count":2,"href":"https:\/\/mspontocom.com.br\/site\/wp-json\/wp\/v2\/posts\/197527\/revisions"}],"predecessor-version":[{"id":197532,"href":"https:\/\/mspontocom.com.br\/site\/wp-json\/wp\/v2\/posts\/197527\/revisions\/197532"}],"wp:featuredmedia":[{"embeddable":true,"href":"https:\/\/mspontocom.com.br\/site\/wp-json\/wp\/v2\/media\/197531"}],"wp:attachment":[{"href":"https:\/\/mspontocom.com.br\/site\/wp-json\/wp\/v2\/media?parent=197527"}],"wp:term":[{"taxonomy":"category","embeddable":true,"href":"https:\/\/mspontocom.com.br\/site\/wp-json\/wp\/v2\/categories?post=197527"},{"taxonomy":"post_tag","embeddable":true,"href":"https:\/\/mspontocom.com.br\/site\/wp-json\/wp\/v2\/tags?post=197527"}],"curies":[{"name":"wp","href":"https:\/\/api.w.org\/{rel}","templated":true}]}}