{"id":197574,"date":"2025-02-12T05:00:35","date_gmt":"2025-02-12T09:00:35","guid":{"rendered":"https:\/\/mspontocom.com.br\/site\/?p=197574"},"modified":"2025-02-11T13:21:45","modified_gmt":"2025-02-11T17:21:45","slug":"ifms-abre-vaga-de-professor-substituto-em-campo-grande","status":"publish","type":"post","link":"https:\/\/mspontocom.com.br\/site\/ifms-abre-vaga-de-professor-substituto-em-campo-grande\/","title":{"rendered":"IFMS abre vaga de professor substituto em Campo Grande"},"content":{"rendered":"<p style=\"text-align: justify;\"><img loading=\"lazy\" class=\"alignnone size-full wp-image-197575\" src=\"https:\/\/mspontocom.com.br\/site\/wp-content\/uploads\/2025\/02\/site-fms-abre-vaga-de-professor-substituto-em-campo-grande-ifms.jpg\" alt=\"\" width=\"940\" height=\"500\" srcset=\"https:\/\/mspontocom.com.br\/site\/wp-content\/uploads\/2025\/02\/site-fms-abre-vaga-de-professor-substituto-em-campo-grande-ifms.jpg 940w, https:\/\/mspontocom.com.br\/site\/wp-content\/uploads\/2025\/02\/site-fms-abre-vaga-de-professor-substituto-em-campo-grande-ifms-260x138.jpg 260w, https:\/\/mspontocom.com.br\/site\/wp-content\/uploads\/2025\/02\/site-fms-abre-vaga-de-professor-substituto-em-campo-grande-ifms-768x409.jpg 768w\" sizes=\"(max-width: 940px) 100vw, 940px\" \/>O Campus Campo Grande do Instituto Federal de Mato Grosso do Sul (IFMS) est\u00e1 com inscri\u00e7\u00f5es abertas no processo seletivo simplificado para\u00a0 professor substituto na \u00e1rea de Engenharia Mec\u00e2nica.<\/p>\n<p style=\"text-align: justify;\">As inscri\u00e7\u00f5es est\u00e3o abertas at\u00e9\u00a0<strong>20 de fevereiro<\/strong>,\u00a0pela\u00a0<a title=\"P\u00e1gina do Candidato\" href=\"https:\/\/email.ifms.edu.br\/lists\/lt.php?tid=KxkNBFQNVVQAAksAA1NcTlBcUQFOAA8OBBsMUlMDUFAAXAcEVg4fAFpVAFsCBQFOBlEBUU4ND10GG1kAUwJPB1pRBwpdDAAABgdSHwBWVQdcUQtQTlsBCFIbDFIAVk9TAgBTH1IAAgUBVlFXAlgBVQ\" target=\"_blank\" rel=\"noopener\" data-saferedirecturl=\"https:\/\/www.google.com\/url?q=https:\/\/email.ifms.edu.br\/lists\/lt.php?tid%3DKxkNBFQNVVQAAksAA1NcTlBcUQFOAA8OBBsMUlMDUFAAXAcEVg4fAFpVAFsCBQFOBlEBUU4ND10GG1kAUwJPB1pRBwpdDAAABgdSHwBWVQdcUQtQTlsBCFIbDFIAVk9TAgBTH1IAAgUBVlFXAlgBVQ&amp;source=gmail&amp;ust=1739379905797000&amp;usg=AOvVaw2zsZUN9MtRZQhnavvYEDpZ\">P\u00e1gina do Candidato<\/a>\u00a0da Central de Sele\u00e7\u00e3o, onde \u00e9 poss\u00edvel consultar o\u00a0<a title=\"edital de abertura do processo seletivo\" href=\"https:\/\/email.ifms.edu.br\/lists\/lt.php?tid=KxkAVgYNVwhVUUtXBlQBTlBUA1ZOWwtbVBtcVQYKUwNVBwBXAQgfAFpVAFsCBQFOBlEBUU4ND10GG1kAUwJPB1pRBwpdDAAABgdSHwBWVQdcUQtQTlsBCFIbDFIAVk9TAgBTH1IAAgUBVlFXAlgBVQ\" target=\"_blank\" rel=\"noopener\" data-saferedirecturl=\"https:\/\/www.google.com\/url?q=https:\/\/email.ifms.edu.br\/lists\/lt.php?tid%3DKxkAVgYNVwhVUUtXBlQBTlBUA1ZOWwtbVBtcVQYKUwNVBwBXAQgfAFpVAFsCBQFOBlEBUU4ND10GG1kAUwJPB1pRBwpdDAAABgdSHwBWVQdcUQtQTlsBCFIbDFIAVk9TAgBTH1IAAgUBVlFXAlgBVQ&amp;source=gmail&amp;ust=1739379905798000&amp;usg=AOvVaw1C64aRLh4_lsBa8By9e2-X\">edital de abertura do processo seletivo<\/a>.<\/p>\n<p style=\"text-align: justify;\">A\u00a0taxa de inscri\u00e7\u00e3o \u00e9 de R$ 50 e deve ser paga em qualquer ag\u00eancia do Banco do Brasil at\u00e9 o dia 21 de fevereiro.<\/p>\n<p style=\"text-align: justify;\">Al\u00e9m da forma\u00e7\u00e3o m\u00ednima exigida, o candidato deve atender aos demais requisitos listados no edital de abertura, como n\u00e3o ser ocupante de cargo com dedica\u00e7\u00e3o exclusiva, n\u00e3o ter atuado como\u00a0professor\u00a0substituto\u00a0nos \u00faltimos dois anos ou participar de sociedade privada na condi\u00e7\u00e3o de administrador ou s\u00f3cio gerente.<\/p>\n<p style=\"text-align: justify;\"><strong>Sele\u00e7\u00e3o\u00a0<\/strong>&#8211;\u00a0Ser\u00e1 feita por meio de provas did\u00e1tica e de t\u00edtulos, marcadas para 8 de mar\u00e7o, \u00e0s 8 horas. As duas etapas s\u00e3o eliminat\u00f3rias e classificat\u00f3rias.<\/p>\n<p style=\"text-align: justify;\">Demais informa\u00e7\u00f5es sobre as provas est\u00e3o dispostas no\u00a0<a title=\"edital de abertura do processo seletivo\" href=\"https:\/\/email.ifms.edu.br\/lists\/lt.php?tid=KxkAVgYNVwhVUUtXBlQBTlBUA1ZOWwtbVBtcVQYKUwNVBwBXAQgfAFpVAFsCBQFOBlEBUU4ND10GG1kAUwJPB1pRBwpdDAAABgdSHwBWVQdcUQtQTlsBCFIbDFIAVk9TAgBTH1IAAgUBVlFXAlgBVQ\" target=\"_blank\" rel=\"noopener\" data-saferedirecturl=\"https:\/\/www.google.com\/url?q=https:\/\/email.ifms.edu.br\/lists\/lt.php?tid%3DKxkAVgYNVwhVUUtXBlQBTlBUA1ZOWwtbVBtcVQYKUwNVBwBXAQgfAFpVAFsCBQFOBlEBUU4ND10GG1kAUwJPB1pRBwpdDAAABgdSHwBWVQdcUQtQTlsBCFIbDFIAVk9TAgBTH1IAAgUBVlFXAlgBVQ&amp;source=gmail&amp;ust=1739379905798000&amp;usg=AOvVaw1C64aRLh4_lsBa8By9e2-X\">edital de abertura do processo seletivo simplificado<\/a>.<\/p>\n<p style=\"text-align: justify;\">A previs\u00e3o \u00e9 de que o resultado preliminar da sele\u00e7\u00e3o seja divulgado no dia 10 de mar\u00e7o.<\/p>\n<p style=\"text-align: justify;\"><strong>Contrato\u00a0<\/strong>&#8211; Entrar\u00e1 em vigor a partir da publica\u00e7\u00e3o do extrato no Di\u00e1rio Oficial da Uni\u00e3o (DOU), com possibilidade de prorroga\u00e7\u00e3o at\u00e9 o limite legal de dois anos, de acordo com a necessidade do IFMS.<\/p>\n<p style=\"text-align: justify;\">A remunera\u00e7\u00e3o varia de R$ 4.412,63 a R$ 7.356,02, dependendo da titula\u00e7\u00e3o do selecionado, por 40 horas de trabalho semanais.<\/p>\n<p style=\"text-align: justify;\">Em caso de d\u00favidas, o contato pode ser feito pelo correio eletr\u00f4nico\u00a0<a title=\"pss.cg@ifms.edu.br\" href=\"mailto:pss.cg@ifms.edu.br?subject=E-mail\" target=\"_blank\" rel=\"noopener\">pss.cg@ifms.edu.br<\/a>.<\/p>\n<p style=\"text-align: justify;\"><strong>Vaga<\/strong><\/p>\n<table border=\"1\">\n<tbody>\n<tr>\n<td><strong>\u00c1rea<\/strong><\/td>\n<td><strong>Habilita\u00e7\u00e3o M\u00ednima<\/strong><\/td>\n<td><strong>Vagas<\/strong><\/td>\n<\/tr>\n<tr>\n<td>Engenharia Mec\u00e2nica<\/td>\n<td>Gradua\u00e7\u00e3o em Engenharia Mec\u00e2nica<\/td>\n<td>1<\/td>\n<\/tr>\n<\/tbody>\n<\/table>\n","protected":false},"excerpt":{"rendered":"<p>O Campus Campo Grande do Instituto Federal de Mato Grosso do Sul (IFMS) est\u00e1 com inscri\u00e7\u00f5es abertas no processo seletivo simplificado para\u00a0 professor substituto na \u00e1rea de Engenharia Mec\u00e2nica. As inscri\u00e7\u00f5es est\u00e3o abertas at\u00e9\u00a020 de fevereiro,\u00a0pela\u00a0P\u00e1gina do Candidato\u00a0da Central de Sele\u00e7\u00e3o, onde \u00e9 poss\u00edvel consultar o\u00a0edital de abertura do processo seletivo. A\u00a0taxa de inscri\u00e7\u00e3o \u00e9 [&hellip;]<\/p>\n","protected":false},"author":2,"featured_media":197575,"comment_status":"open","ping_status":"open","sticky":false,"template":"","format":"standard","meta":{"_monsterinsights_skip_tracking":false,"_monsterinsights_sitenote_active":false,"_monsterinsights_sitenote_note":"","_monsterinsights_sitenote_category":0},"categories":[4328,76],"tags":[123,972,7482,25398,347],"aioseo_notices":[],"_links":{"self":[{"href":"https:\/\/mspontocom.com.br\/site\/wp-json\/wp\/v2\/posts\/197574"}],"collection":[{"href":"https:\/\/mspontocom.com.br\/site\/wp-json\/wp\/v2\/posts"}],"about":[{"href":"https:\/\/mspontocom.com.br\/site\/wp-json\/wp\/v2\/types\/post"}],"author":[{"embeddable":true,"href":"https:\/\/mspontocom.com.br\/site\/wp-json\/wp\/v2\/users\/2"}],"replies":[{"embeddable":true,"href":"https:\/\/mspontocom.com.br\/site\/wp-json\/wp\/v2\/comments?post=197574"}],"version-history":[{"count":1,"href":"https:\/\/mspontocom.com.br\/site\/wp-json\/wp\/v2\/posts\/197574\/revisions"}],"predecessor-version":[{"id":197576,"href":"https:\/\/mspontocom.com.br\/site\/wp-json\/wp\/v2\/posts\/197574\/revisions\/197576"}],"wp:featuredmedia":[{"embeddable":true,"href":"https:\/\/mspontocom.com.br\/site\/wp-json\/wp\/v2\/media\/197575"}],"wp:attachment":[{"href":"https:\/\/mspontocom.com.br\/site\/wp-json\/wp\/v2\/media?parent=197574"}],"wp:term":[{"taxonomy":"category","embeddable":true,"href":"https:\/\/mspontocom.com.br\/site\/wp-json\/wp\/v2\/categories?post=197574"},{"taxonomy":"post_tag","embeddable":true,"href":"https:\/\/mspontocom.com.br\/site\/wp-json\/wp\/v2\/tags?post=197574"}],"curies":[{"name":"wp","href":"https:\/\/api.w.org\/{rel}","templated":true}]}}