{"id":197661,"date":"2025-02-14T07:22:54","date_gmt":"2025-02-14T11:22:54","guid":{"rendered":"https:\/\/mspontocom.com.br\/site\/?p=197661"},"modified":"2025-02-14T07:22:54","modified_gmt":"2025-02-14T11:22:54","slug":"governo-ms-e-energisa-anunciam-r-771-milhoes-em-investimentos","status":"publish","type":"post","link":"https:\/\/mspontocom.com.br\/site\/governo-ms-e-energisa-anunciam-r-771-milhoes-em-investimentos\/","title":{"rendered":"Governo MS e Energisa anunciam R$ 771 milh\u00f5es em investimentos"},"content":{"rendered":"<p style=\"text-align: justify;\"><img loading=\"lazy\" class=\"alignnone size-full wp-image-197662\" src=\"https:\/\/mspontocom.com.br\/site\/wp-content\/uploads\/2025\/02\/site-governo-ms-e-energisa-anunciam-r-771-milhoes-em-investimentos-energisa.jpg\" alt=\"\" width=\"730\" height=\"480\" srcset=\"https:\/\/mspontocom.com.br\/site\/wp-content\/uploads\/2025\/02\/site-governo-ms-e-energisa-anunciam-r-771-milhoes-em-investimentos-energisa.jpg 730w, https:\/\/mspontocom.com.br\/site\/wp-content\/uploads\/2025\/02\/site-governo-ms-e-energisa-anunciam-r-771-milhoes-em-investimentos-energisa-260x171.jpg 260w\" sizes=\"(max-width: 730px) 100vw, 730px\" \/>O governador Eduardo Riedel se reuniu nesta quinta-feira (13) com a dire\u00e7\u00e3o da Energisa, empresa respons\u00e1vel pela concess\u00e3o de energia no Estado.<\/p>\n<p style=\"text-align: justify;\">O grupo empresarial anunciou o investimento de R$ 771 milh\u00f5es em Mato Grosso do Sul no ano de 2025.<\/p>\n<blockquote><p><span style=\"font-size: 14pt;\"><em>\u201cRecebemos hoje aqui a dire\u00e7\u00e3o da Energisa para discutir os investimentos da empresa no Estado neste ano. Foi anunciado o investimento de R$ 771 milh\u00f5es em diversas \u00e1reas, como subesta\u00e7\u00f5es, linhas de transmiss\u00e3o, para melhorar a capacidade do servi\u00e7o para o nosso desenvolvimento e crescimento. O papel da empresa \u00e9 fundamental neste processo, e eles t\u00eam correspondido as nossas demandas\u201d,<\/em><\/span> afirmou o governador.<\/p><\/blockquote>\n<p style=\"text-align: justify;\">Dos novos investimentos da Energisa o foco ser\u00e1 em refor\u00e7o do sistema el\u00e9trico, com amplia\u00e7\u00e3o e constru\u00e7\u00e3o de subesta\u00e7\u00f5es. Atualmente, a Energisa MS atende 1,15 milh\u00e3o de clientes em 74 munic\u00edpios, empregando cerca de 1.600 pessoas.<\/p>\n<p style=\"text-align: justify;\">Entre as obras previstas est\u00e1 a constru\u00e7\u00e3o de subesta\u00e7\u00f5es em Japor\u00e3 e Campo Grande, amplia\u00e7\u00e3o das subesta\u00e7\u00f5es de Bodoquena, Ribas do Rio Pardo e Maracaju.<\/p>\n<p style=\"text-align: justify;\">Al\u00e9m dos investimentos em redes de distribui\u00e7\u00e3o, o combate ao furto de energia tamb\u00e9m est\u00e1 entre as prioridades, com aporte de R$ 18,5 milh\u00f5es para coibir esse crime.<\/p>\n<blockquote><p><span style=\"font-size: 14pt;\">\u201cA Energisa anuncia este investimento em uma data especial, j\u00e1 que neste m\u00eas a empresa completa 120 anos, sendo um dos maiores grupos de capital nacional no setor de energia el\u00e9trica. Dos recursos no Mato Grosso do Sul, metade disto segue para qualidade da energia, para atender os novos consumidores, novos clientes\u201d, afirmou Paulo Roberto dos Santos, diretor-presidente da Energisa Mato Grosso do Sul<\/span>.<\/p><\/blockquote>\n<p style=\"text-align: justify;\">O Grupo Energisa ainda divulgou o investimento de R$ 6,2 bilh\u00f5es neste ano em todo Brasil.<\/p>\n<p style=\"text-align: justify;\">O segmento de distribui\u00e7\u00e3o de energia el\u00e9trica, que \u00e9 o principal neg\u00f3cio da empresa, ter\u00e1 um aporte de R$ 5,5 bilh\u00f5es.<\/p>\n<p style=\"text-align: justify;\" align=\"justify\"><span style=\"font-family: Times New Roman, serif;\"><span style=\"font-size: medium;\"><span style=\"color: #ff0000;\">Continue ao nosso lado. Veja mais not\u00edcias em<\/span>: <span style=\"color: #0000ff;\"><u><a href=\"http:\/\/www.mspontocom.com.br\/\">www.mspontocom.com.br<\/a><\/u><\/span><\/span><\/span><\/p>\n<p style=\"text-align: justify;\" align=\"justify\"><span style=\"font-family: Times New Roman, serif;\"><span style=\"font-size: medium;\">Instagram e X:\u00a0 @mspontocom<\/span><\/span><\/p>\n<p style=\"text-align: justify;\"><em>Leonardo Rocha, Comunica\u00e7\u00e3o<\/em><br \/>\n<em>Foto: Bruno Rezende<\/em><\/p>\n","protected":false},"excerpt":{"rendered":"<p>O governador Eduardo Riedel se reuniu nesta quinta-feira (13) com a dire\u00e7\u00e3o da Energisa, empresa respons\u00e1vel pela concess\u00e3o de energia no Estado. O grupo empresarial anunciou o investimento de R$ 771 milh\u00f5es em Mato Grosso do Sul no ano de 2025. \u201cRecebemos hoje aqui a dire\u00e7\u00e3o da Energisa para discutir os investimentos da empresa no [&hellip;]<\/p>\n","protected":false},"author":2,"featured_media":197662,"comment_status":"open","ping_status":"open","sticky":false,"template":"","format":"standard","meta":{"_monsterinsights_skip_tracking":false,"_monsterinsights_sitenote_active":false,"_monsterinsights_sitenote_note":"","_monsterinsights_sitenote_category":0},"categories":[74],"tags":[26044,649,608,2325],"aioseo_notices":[],"_links":{"self":[{"href":"https:\/\/mspontocom.com.br\/site\/wp-json\/wp\/v2\/posts\/197661"}],"collection":[{"href":"https:\/\/mspontocom.com.br\/site\/wp-json\/wp\/v2\/posts"}],"about":[{"href":"https:\/\/mspontocom.com.br\/site\/wp-json\/wp\/v2\/types\/post"}],"author":[{"embeddable":true,"href":"https:\/\/mspontocom.com.br\/site\/wp-json\/wp\/v2\/users\/2"}],"replies":[{"embeddable":true,"href":"https:\/\/mspontocom.com.br\/site\/wp-json\/wp\/v2\/comments?post=197661"}],"version-history":[{"count":1,"href":"https:\/\/mspontocom.com.br\/site\/wp-json\/wp\/v2\/posts\/197661\/revisions"}],"predecessor-version":[{"id":197663,"href":"https:\/\/mspontocom.com.br\/site\/wp-json\/wp\/v2\/posts\/197661\/revisions\/197663"}],"wp:featuredmedia":[{"embeddable":true,"href":"https:\/\/mspontocom.com.br\/site\/wp-json\/wp\/v2\/media\/197662"}],"wp:attachment":[{"href":"https:\/\/mspontocom.com.br\/site\/wp-json\/wp\/v2\/media?parent=197661"}],"wp:term":[{"taxonomy":"category","embeddable":true,"href":"https:\/\/mspontocom.com.br\/site\/wp-json\/wp\/v2\/categories?post=197661"},{"taxonomy":"post_tag","embeddable":true,"href":"https:\/\/mspontocom.com.br\/site\/wp-json\/wp\/v2\/tags?post=197661"}],"curies":[{"name":"wp","href":"https:\/\/api.w.org\/{rel}","templated":true}]}}