{"id":197786,"date":"2025-02-19T05:16:33","date_gmt":"2025-02-19T09:16:33","guid":{"rendered":"https:\/\/mspontocom.com.br\/site\/?p=197786"},"modified":"2025-02-19T07:47:42","modified_gmt":"2025-02-19T11:47:42","slug":"governo-ms-lanca-cuidando-em-casa-para-atendimento-de-saude-domiciliar","status":"publish","type":"post","link":"https:\/\/mspontocom.com.br\/site\/governo-ms-lanca-cuidando-em-casa-para-atendimento-de-saude-domiciliar\/","title":{"rendered":"Governo MS lan\u00e7a &#8220;Cuidando em Casa&#8221; para atendimento de sa\u00fade domiciliar"},"content":{"rendered":"<p style=\"text-align: justify;\"><img loading=\"lazy\" class=\"alignnone size-full wp-image-197792\" src=\"https:\/\/mspontocom.com.br\/site\/wp-content\/uploads\/2025\/02\/site-governo-ms-lanca-cuidando-em-casa-para-atendimento-de-saude-domiciliar-cuidando-emcasa.jpeg\" alt=\"\" width=\"730\" height=\"480\" srcset=\"https:\/\/mspontocom.com.br\/site\/wp-content\/uploads\/2025\/02\/site-governo-ms-lanca-cuidando-em-casa-para-atendimento-de-saude-domiciliar-cuidando-emcasa.jpeg 730w, https:\/\/mspontocom.com.br\/site\/wp-content\/uploads\/2025\/02\/site-governo-ms-lanca-cuidando-em-casa-para-atendimento-de-saude-domiciliar-cuidando-emcasa-260x171.jpeg 260w\" sizes=\"(max-width: 730px) 100vw, 730px\" \/>O Governo do Estado de Mato Grosso do Sul lan\u00e7a o<strong> Programa Cuidando em Casa,<\/strong> com o objetivo de fortalecer o SAD (Servi\u00e7o de Aten\u00e7\u00e3o Domiciliar) nos munic\u00edpios do estado.<\/p>\n<p style=\"text-align: justify;\">A iniciativa visa garantir a continuidade do atendimento multiprofissional em casa, proporcionando mais qualidade de vida aos pacientes e efici\u00eancia no sistema p\u00fablico de sa\u00fade.<\/p>\n<p style=\"text-align: justify;\">A proposta da resolu\u00e7\u00e3o \u00e9 fomentar as equipes de cuidado domiciliar j\u00e1 existentes e possibilitar mais atendimentos a pacientes com patologias espec\u00edficas, muitas vezes judicializados para servi\u00e7os de <strong>home care<\/strong>, favorecendo a desospitaliza\u00e7\u00e3o segura e a gest\u00e3o do cuidado, proporcionando assist\u00eancia qualificada no ambiente domiciliar, explica a Superintendente de Aten\u00e7\u00e3o \u00e0 Sa\u00fade da SES, Ang\u00e9lica Cristina Segatto Congro.<\/p>\n<blockquote><p><em>\u201cCom o apoio do Estado e financiamento estadual, ser\u00e1 poss\u00edvel realizar esses atendimentos com equipamentos do SUS e equipes qualificadas\u201d, adianta. <\/em><\/p><\/blockquote>\n<p style=\"text-align: justify;\">A medida busca, assim, proporcionar a aquisi\u00e7\u00e3o de insumos e equipamentos necess\u00e1rios para os cuidados domiciliares.<\/p>\n<p style=\"text-align: justify;\"><span style=\"font-size: 18pt;\"><strong>Financiamento<\/strong><\/span><\/p>\n<p style=\"text-align: justify;\">O programa prev\u00ea o financiamento complementar das Equipes Multiprofissionais de Aten\u00e7\u00e3o Domiciliar que prestam atendimento aos usu\u00e1rios do tipo AD3, j\u00e1 habilitadas pelo Minist\u00e9rio da Sa\u00fade, <strong>com um incentivo estadual de R$ 30 mil mensais<\/strong>.<\/p>\n<p style=\"text-align: justify;\">Essas equipes atendem pacientes com dificuldades severas de locomo\u00e7\u00e3o, que requerem acompanhamento cont\u00ednuo e o uso de equipamentos m\u00e9dicos essenciais.<\/p>\n<p style=\"text-align: justify;\"><span style=\"font-size: 18pt;\"><strong>Incentivos<\/strong><\/span><\/p>\n<p style=\"text-align: justify;\">Al\u00e9m disso, um eixo espec\u00edfico do programa destina-se ao Suporte Ventilat\u00f3rio Domiciliar, com incentivo para a aquisi\u00e7\u00e3o de equipamentos e assist\u00eancia a pacientes que necessitam de ventila\u00e7\u00e3o mec\u00e2nica invasiva ou n\u00e3o invasiva.<\/p>\n<p style=\"text-align: justify;\"><strong>Os valores dos incentivos podem chegar at\u00e9 R$ 11.400 por m\u00eas, dependendo da complexidade do caso.<\/strong><\/p>\n<p style=\"text-align: justify;\"><span style=\"font-size: 18pt;\"><strong>Munic\u00edpios<\/strong><\/span><\/p>\n<p style=\"text-align: justify;\">Os munic\u00edpios interessados em participar devem formalizar sua ades\u00e3o ao programa por meio de um Termo de Ades\u00e3o, atendendo a crit\u00e9rios como a comprova\u00e7\u00e3o do n\u00famero de pacientes assistidos e a taxa de altas hospitalares.<\/p>\n<blockquote><p><em>\u201cO Programa Cuidando em Casa \u00e9 mais um passo para fortalecer a aten\u00e7\u00e3o domiciliar como estrat\u00e9gia de desospitaliza\u00e7\u00e3o e de melhoria da qualidade do atendimento a pacientes que precisam de cuidados prolongados. Com ele, buscamos reduzir a superlota\u00e7\u00e3o hospitalar e garantir que mais pessoas recebam os cuidados necess\u00e1rios em casa, com a efici\u00eancia e a qualidade que a sa\u00fade p\u00fablica precisa oferecer\u201d, destacou o secret\u00e1rio de Estado de Sa\u00fade<\/em>, Maur\u00edcio Sim\u00f5es Corr\u00eaa.<\/p><\/blockquote>\n<p style=\"text-align: justify;\"><em>fonte: Dan\u00fabia Burema, Comunica\u00e7\u00e3o<br \/>\nFoto: Banco de Imagens<\/em><\/p>\n<p style=\"text-align: justify;\" align=\"justify\"><span style=\"font-family: Times New Roman, serif;\"><span style=\"font-size: medium;\"><span style=\"color: #ff0000;\">Continue ao nosso lado. Veja mais not\u00edcias em:<\/span> <span style=\"color: #0000ff;\"><u><a href=\"http:\/\/www.mspontocom.com.br\/\">www.mspontocom.com.br<\/a><\/u><\/span><\/span><\/span><\/p>\n<p style=\"text-align: justify;\" align=\"justify\"><span style=\"font-family: Times New Roman, serif;\"><span style=\"font-size: medium;\">Instagram e X:\u00a0 @mspontocom<\/span><\/span><\/p>\n<p style=\"text-align: justify;\" align=\"justify\">\n","protected":false},"excerpt":{"rendered":"<p>O Governo do Estado de Mato Grosso do Sul lan\u00e7a o Programa Cuidando em Casa, com o objetivo de fortalecer o SAD (Servi\u00e7o de Aten\u00e7\u00e3o Domiciliar) nos munic\u00edpios do estado. A iniciativa visa garantir a continuidade do atendimento multiprofissional em casa, proporcionando mais qualidade de vida aos pacientes e efici\u00eancia no sistema p\u00fablico de sa\u00fade. [&hellip;]<\/p>\n","protected":false},"author":2,"featured_media":197792,"comment_status":"open","ping_status":"open","sticky":false,"template":"","format":"standard","meta":{"_monsterinsights_skip_tracking":false,"_monsterinsights_sitenote_active":false,"_monsterinsights_sitenote_note":"","_monsterinsights_sitenote_category":0},"categories":[74],"tags":[42614,26393,649,1859,82],"aioseo_notices":[],"_links":{"self":[{"href":"https:\/\/mspontocom.com.br\/site\/wp-json\/wp\/v2\/posts\/197786"}],"collection":[{"href":"https:\/\/mspontocom.com.br\/site\/wp-json\/wp\/v2\/posts"}],"about":[{"href":"https:\/\/mspontocom.com.br\/site\/wp-json\/wp\/v2\/types\/post"}],"author":[{"embeddable":true,"href":"https:\/\/mspontocom.com.br\/site\/wp-json\/wp\/v2\/users\/2"}],"replies":[{"embeddable":true,"href":"https:\/\/mspontocom.com.br\/site\/wp-json\/wp\/v2\/comments?post=197786"}],"version-history":[{"count":2,"href":"https:\/\/mspontocom.com.br\/site\/wp-json\/wp\/v2\/posts\/197786\/revisions"}],"predecessor-version":[{"id":197793,"href":"https:\/\/mspontocom.com.br\/site\/wp-json\/wp\/v2\/posts\/197786\/revisions\/197793"}],"wp:featuredmedia":[{"embeddable":true,"href":"https:\/\/mspontocom.com.br\/site\/wp-json\/wp\/v2\/media\/197792"}],"wp:attachment":[{"href":"https:\/\/mspontocom.com.br\/site\/wp-json\/wp\/v2\/media?parent=197786"}],"wp:term":[{"taxonomy":"category","embeddable":true,"href":"https:\/\/mspontocom.com.br\/site\/wp-json\/wp\/v2\/categories?post=197786"},{"taxonomy":"post_tag","embeddable":true,"href":"https:\/\/mspontocom.com.br\/site\/wp-json\/wp\/v2\/tags?post=197786"}],"curies":[{"name":"wp","href":"https:\/\/api.w.org\/{rel}","templated":true}]}}