{"id":197817,"date":"2025-02-20T05:14:19","date_gmt":"2025-02-20T09:14:19","guid":{"rendered":"https:\/\/mspontocom.com.br\/site\/?p=197817"},"modified":"2025-02-20T09:01:33","modified_gmt":"2025-02-20T13:01:33","slug":"aberto-mapeamento-do-mscriativo-participe","status":"publish","type":"post","link":"https:\/\/mspontocom.com.br\/site\/aberto-mapeamento-do-mscriativo-participe\/","title":{"rendered":"Aberto Mapeamento do MS+Criativo: Participe!"},"content":{"rendered":"<p style=\"text-align: justify;\" data-pm-slice=\"1 1 []\"><img loading=\"lazy\" class=\"alignnone size-full wp-image-197826\" src=\"https:\/\/mspontocom.com.br\/site\/wp-content\/uploads\/2025\/02\/site-mapeamento-de-criativos-de-mato-grosso-do-sul-avanca-e-reforca-importancia-do-cadastro-ms-criativo-logomarca-horizontal-01-1-2.png\" alt=\"\" width=\"475\" height=\"292\" srcset=\"https:\/\/mspontocom.com.br\/site\/wp-content\/uploads\/2025\/02\/site-mapeamento-de-criativos-de-mato-grosso-do-sul-avanca-e-reforca-importancia-do-cadastro-ms-criativo-logomarca-horizontal-01-1-2.png 475w, https:\/\/mspontocom.com.br\/site\/wp-content\/uploads\/2025\/02\/site-mapeamento-de-criativos-de-mato-grosso-do-sul-avanca-e-reforca-importancia-do-cadastro-ms-criativo-logomarca-horizontal-01-1-2-260x160.png 260w\" sizes=\"(max-width: 475px) 100vw, 475px\" \/>O mapeamento de agentes criativos de Mato Grosso do Sul segue em andamento e j\u00e1 apresenta resultados\u00a0 para a formula\u00e7\u00e3o de pol\u00edticas p\u00fablicas voltadas ao setor.<\/p>\n<p style=\"text-align: justify;\" data-pm-slice=\"1 1 []\">A iniciativa, conduzida pela Superintend\u00eancia de Economia Criativa e Pol\u00edticas Integradas busca mapear os profissionais da economia criativa no estado e construir um banco de dados estrat\u00e9gico para futuras a\u00e7\u00f5es e investimentos.<\/p>\n<p style=\"text-align: justify;\">At\u00e9 o momento, de acordo com dados da Superintend\u00eancia, representantes de 18 munic\u00edpios j\u00e1 responderam ao formul\u00e1rio.<\/p>\n<p style=\"text-align: justify;\">Os primeiros dados revelam que 67% dos cadastrados s\u00e3o mulheres, e a faixa et\u00e1ria mais comum entre os criativos \u00e9 de 30 a 49 anos (55%).<\/p>\n<p style=\"text-align: justify;\">Al\u00e9m disso, as \u00e1reas mais citadas pelos participantes incluem artesanato (42%), audiovisual (16%), m\u00fasica (13,5%), gastronomia (13,5%), artes visuais (11%), design (10,5%), moda (9,5%) e literatura (8,5%).<\/p>\n<p style=\"text-align: justify;\">Outro dado relevante \u00e9 que, para 50% dos participantes, a atividade criativa \u00e9 a principal fonte de renda familiar.<\/p>\n<p style=\"text-align: justify;\"><span style=\"font-size: 18pt;\"><strong>Participe do mapeamento<\/strong><\/span><\/p>\n<p style=\"text-align: justify;\">Os agentes criativos que ainda n\u00e3o se cadastraram podem preencher o formul\u00e1rio online e contribuir para a constru\u00e7\u00e3o do banco de dados<strong> &#8220;MS + Criativo&#8221;<\/strong>.<\/p>\n<p style=\"text-align: justify;\">O cadastro pode ser realizado por meio deste link:\u00a0<a href=\"https:\/\/www.pesquisa.ms.gov.br\/pesquisa\/69\" target=\"_blank\" rel=\"noopener\">https:\/\/www.pesquisa.ms.gov.br\/pesquisa\/69<\/a>. Mais informa\u00e7\u00f5es podem ser obtidas pelo e-mail\u00a0<a href=\"mailto:economiacriativa@setesc.ms.gov.br\" target=\"_blank\" rel=\"noopener\">economiacriativa@setesc.ms.gov.br<\/a>\u00a0ou pelo telefone (67) 3316-9320.<\/p>\n<p style=\"text-align: justify;\" align=\"justify\"><span style=\"font-family: Times New Roman, serif;\"><span style=\"font-size: medium;\"><span style=\"color: #ff0000;\">Continue ao nosso lado. Veja mais not\u00edcias em:<\/span> <span style=\"color: #0000ff;\"><u><a href=\"http:\/\/www.mspontocom.com.br\/\">www.mspontocom.com.br<\/a><\/u><\/span><\/span><\/span><\/p>\n<p style=\"text-align: justify;\" align=\"justify\"><span style=\"font-family: Times New Roman, serif;\"><span style=\"font-size: medium;\">Instagram e X:\u00a0 @mspontocom<\/span><\/span><\/p>\n<p style=\"text-align: justify;\"><em>fonte: Lucas Castro, Comunica\u00e7\u00e3o\u00a0<\/em><br \/>\n<em>Foto: Daniel Reino\/Setesc<\/em><\/p>\n","protected":false},"excerpt":{"rendered":"<p>O mapeamento de agentes criativos de Mato Grosso do Sul segue em andamento e j\u00e1 apresenta resultados\u00a0 para a formula\u00e7\u00e3o de pol\u00edticas p\u00fablicas voltadas ao setor. A iniciativa, conduzida pela Superintend\u00eancia de Economia Criativa e Pol\u00edticas Integradas busca mapear os profissionais da economia criativa no estado e construir um banco de dados estrat\u00e9gico para futuras [&hellip;]<\/p>\n","protected":false},"author":2,"featured_media":197826,"comment_status":"open","ping_status":"open","sticky":false,"template":"","format":"standard","meta":{"_monsterinsights_skip_tracking":false,"_monsterinsights_sitenote_active":false,"_monsterinsights_sitenote_note":"","_monsterinsights_sitenote_category":0},"categories":[74],"tags":[42624,42226,24154],"aioseo_notices":[],"_links":{"self":[{"href":"https:\/\/mspontocom.com.br\/site\/wp-json\/wp\/v2\/posts\/197817"}],"collection":[{"href":"https:\/\/mspontocom.com.br\/site\/wp-json\/wp\/v2\/posts"}],"about":[{"href":"https:\/\/mspontocom.com.br\/site\/wp-json\/wp\/v2\/types\/post"}],"author":[{"embeddable":true,"href":"https:\/\/mspontocom.com.br\/site\/wp-json\/wp\/v2\/users\/2"}],"replies":[{"embeddable":true,"href":"https:\/\/mspontocom.com.br\/site\/wp-json\/wp\/v2\/comments?post=197817"}],"version-history":[{"count":2,"href":"https:\/\/mspontocom.com.br\/site\/wp-json\/wp\/v2\/posts\/197817\/revisions"}],"predecessor-version":[{"id":197827,"href":"https:\/\/mspontocom.com.br\/site\/wp-json\/wp\/v2\/posts\/197817\/revisions\/197827"}],"wp:featuredmedia":[{"embeddable":true,"href":"https:\/\/mspontocom.com.br\/site\/wp-json\/wp\/v2\/media\/197826"}],"wp:attachment":[{"href":"https:\/\/mspontocom.com.br\/site\/wp-json\/wp\/v2\/media?parent=197817"}],"wp:term":[{"taxonomy":"category","embeddable":true,"href":"https:\/\/mspontocom.com.br\/site\/wp-json\/wp\/v2\/categories?post=197817"},{"taxonomy":"post_tag","embeddable":true,"href":"https:\/\/mspontocom.com.br\/site\/wp-json\/wp\/v2\/tags?post=197817"}],"curies":[{"name":"wp","href":"https:\/\/api.w.org\/{rel}","templated":true}]}}