{"id":197876,"date":"2025-02-22T08:23:15","date_gmt":"2025-02-22T12:23:15","guid":{"rendered":"https:\/\/mspontocom.com.br\/site\/?p=197876"},"modified":"2025-02-22T08:23:15","modified_gmt":"2025-02-22T12:23:15","slug":"ifms-abre-inscricoes-para-cursos-a-distancia-que-habilitam-para-exercicio-profissional","status":"publish","type":"post","link":"https:\/\/mspontocom.com.br\/site\/ifms-abre-inscricoes-para-cursos-a-distancia-que-habilitam-para-exercicio-profissional\/","title":{"rendered":"IFMS abre inscri\u00e7\u00f5es para cursos a dist\u00e2ncia que habilitam para exerc\u00edcio profissional"},"content":{"rendered":"<p style=\"text-align: justify;\"><img loading=\"lazy\" class=\"alignnone size-full wp-image-197877\" src=\"https:\/\/mspontocom.com.br\/site\/wp-content\/uploads\/2025\/02\/site-ifms-abre-inscricoes-para-cursos-a-distancia-que-habilitam-para-exercicio-profissional-ead.png\" alt=\"\" width=\"1600\" height=\"980\" srcset=\"https:\/\/mspontocom.com.br\/site\/wp-content\/uploads\/2025\/02\/site-ifms-abre-inscricoes-para-cursos-a-distancia-que-habilitam-para-exercicio-profissional-ead.png 1600w, https:\/\/mspontocom.com.br\/site\/wp-content\/uploads\/2025\/02\/site-ifms-abre-inscricoes-para-cursos-a-distancia-que-habilitam-para-exercicio-profissional-ead-260x159.png 260w, https:\/\/mspontocom.com.br\/site\/wp-content\/uploads\/2025\/02\/site-ifms-abre-inscricoes-para-cursos-a-distancia-que-habilitam-para-exercicio-profissional-ead-1024x627.png 1024w, https:\/\/mspontocom.com.br\/site\/wp-content\/uploads\/2025\/02\/site-ifms-abre-inscricoes-para-cursos-a-distancia-que-habilitam-para-exercicio-profissional-ead-768x470.png 768w, https:\/\/mspontocom.com.br\/site\/wp-content\/uploads\/2025\/02\/site-ifms-abre-inscricoes-para-cursos-a-distancia-que-habilitam-para-exercicio-profissional-ead-1536x941.png 1536w\" sizes=\"(max-width: 1600px) 100vw, 1600px\" \/>Interessados em se qualificar profissionalmente ainda neste primeiro semestre de 2025 j\u00e1 podem se inscrever na\u00a0<a title=\"sele\u00e7\u00e3o\" href=\"https:\/\/email.ifms.edu.br\/lists\/lt.php?tid=KxkNBgcBUlYAVktaA1UATlAHBwROAQkAARsIBFYEBwIAUgVQUw0fCFYCVVdTAAdOXAYCB04NDwpUG1kFClBPAgZVUQNdCFEEVgVTHwBWVQdcUQtQTlsBCFIbDFIAVk9TAgBTH1IAAgUBVlFXAlgBVQ\" target=\"_blank\" rel=\"noopener\" data-saferedirecturl=\"https:\/\/www.google.com\/url?q=https:\/\/email.ifms.edu.br\/lists\/lt.php?tid%3DKxkNBgcBUlYAVktaA1UATlAHBwROAQkAARsIBFYEBwIAUgVQUw0fCFYCVVdTAAdOXAYCB04NDwpUG1kFClBPAgZVUQNdCFEEVgVTHwBWVQdcUQtQTlsBCFIbDFIAVk9TAgBTH1IAAgUBVlFXAlgBVQ&amp;source=gmail&amp;ust=1740312270562000&amp;usg=AOvVaw2o_qk9woPrN03Kv7R2FbMD\">sele\u00e7\u00e3o<\/a>\u00a0do Instituto Federal de Mato Grosso do Sul (IFMS) que oferta tr\u00eas op\u00e7\u00f5es de cursos de Forma\u00e7\u00e3o Inicial e Continuada (FIC).<\/p>\n<p style=\"text-align: justify;\">Com dura\u00e7\u00e3o de tr\u00eas meses, as op\u00e7\u00f5es s\u00e3o\u00a0Assistente Administrativo, Operador de Computador e Vendedor. Todos os cursos s\u00e3o gratuitos e ofertados a dist\u00e2ncia.<\/p>\n<p style=\"text-align: justify;\">O requisito para participa\u00e7\u00e3o depende do curso escolhido: ou \u00e9 o ensino fundamental completo ou \u00e9 necess\u00e1rio apenas ter estudado o ensino fundamental I, que compreende o 1\u00ba ao 5\u00ba ano.<\/p>\n<p style=\"text-align: justify;\">O certificado de conclus\u00e3o tem validade nacional e habilita para o exerc\u00edcio profissional na \u00e1rea do curso realizado.<\/p>\n<p style=\"text-align: justify;\">Os interessados podem se inscrever gratuitamente\u00a0<strong>at\u00e9 17 de mar\u00e7o<\/strong>\u00a0na<strong>\u00a0<a title=\"P\u00e1gina do Candidato\" href=\"https:\/\/email.ifms.edu.br\/lists\/lt.php?tid=KxkNBFQNVVQAAksAA1NcTlBcUQFOAA8OBBsMUlMDUFAAXAcEVg4fCFYCVVdTAAdOXAYCB04NDwpUG1kFClBPAgZVUQNdCFEEVgVTHwBWVQdcUQtQTlsBCFIbDFIAVk9TAgBTH1IAAgUBVlFXAlgBVQ\" target=\"_blank\" rel=\"noopener\" data-saferedirecturl=\"https:\/\/www.google.com\/url?q=https:\/\/email.ifms.edu.br\/lists\/lt.php?tid%3DKxkNBFQNVVQAAksAA1NcTlBcUQFOAA8OBBsMUlMDUFAAXAcEVg4fCFYCVVdTAAdOXAYCB04NDwpUG1kFClBPAgZVUQNdCFEEVgVTHwBWVQdcUQtQTlsBCFIbDFIAVk9TAgBTH1IAAgUBVlFXAlgBVQ&amp;source=gmail&amp;ust=1740312270562000&amp;usg=AOvVaw1jzi8Gpktbf8um3Vn7NTVl\">P\u00e1gina do Candidato<\/a><\/strong>\u00a0da Central de Sele\u00e7\u00e3o.<\/p>\n<p style=\"text-align: justify;\">Confira o passo a passo da inscri\u00e7\u00e3o e todas as demais regras no\u00a0<strong><a title=\"Edital n\u00ba 13\/2025\" href=\"https:\/\/email.ifms.edu.br\/lists\/lt.php?tid=KxkNBgcBUlYAVktaA1UATlAHBwROAQkAARsIBFYEBwIAUgVQUw0fCFYCVVdTAAdOXAYCB04NDwpUG1kFClBPAgZVUQNdCFEEVgVTHwBWVQdcUQtQTlsBCFIbDFIAVk9TAgBTH1IAAgUBVlFXAlgBVQ\" target=\"_blank\" rel=\"noopener\" data-saferedirecturl=\"https:\/\/www.google.com\/url?q=https:\/\/email.ifms.edu.br\/lists\/lt.php?tid%3DKxkNBgcBUlYAVktaA1UATlAHBwROAQkAARsIBFYEBwIAUgVQUw0fCFYCVVdTAAdOXAYCB04NDwpUG1kFClBPAgZVUQNdCFEEVgVTHwBWVQdcUQtQTlsBCFIbDFIAVk9TAgBTH1IAAgUBVlFXAlgBVQ&amp;source=gmail&amp;ust=1740312270562000&amp;usg=AOvVaw2o_qk9woPrN03Kv7R2FbMD\">Edital n\u00ba 13\/2025<\/a><\/strong>!<\/p>\n<p style=\"text-align: justify;\">O quadro completo das cursos, vagas e requisitos est\u00e1 dispon\u00edvel no\u00a0<strong><a title=\"Anexo II do edital\" href=\"https:\/\/email.ifms.edu.br\/lists\/lt.php?tid=KxkDBFwIBglQBEtaVgBQTlBTUFVOAVoJVBsIXlACVlVbUAxRA1kfCFYCVVdTAAdOXAYCB04NDwpUG1kFClBPAgZVUQNdCFEEVgVTHwBWVQdcUQtQTlsBCFIbDFIAVk9TAgBTH1IAAgUBVlFXAlgBVQ\" target=\"_blank\" rel=\"noopener\" data-saferedirecturl=\"https:\/\/www.google.com\/url?q=https:\/\/email.ifms.edu.br\/lists\/lt.php?tid%3DKxkDBFwIBglQBEtaVgBQTlBTUFVOAVoJVBsIXlACVlVbUAxRA1kfCFYCVVdTAAdOXAYCB04NDwpUG1kFClBPAgZVUQNdCFEEVgVTHwBWVQdcUQtQTlsBCFIbDFIAVk9TAgBTH1IAAgUBVlFXAlgBVQ&amp;source=gmail&amp;ust=1740312270562000&amp;usg=AOvVaw2QcykLsE8cMSp913st3wvn\">Anexo II do edital<\/a><\/strong>.<\/p>\n<p style=\"text-align: justify;\"><strong>Sele\u00e7\u00e3o\u00a0<\/strong>&#8211;\u00a0Para os cursos em que o n\u00famero de vagas \u00e9 limitado, a sele\u00e7\u00e3o dos candidatos inscritos ocorrer\u00e1 por meio de sorteio eletr\u00f4nico, previsto para 21 de mar\u00e7o, cuja realiza\u00e7\u00e3o \u00e9 de responsabilidade do Centro de Refer\u00eancia em Tecnologias Educacionais e Educa\u00e7\u00e3o a Dist\u00e2ncia (Cread).<\/p>\n<p style=\"text-align: justify;\">A divulga\u00e7\u00e3o da primeira chamada est\u00e1 prevista para 2 de abril. J\u00e1 as aulas ter\u00e3o in\u00edcio em maio.\u00a0O cronograma completo da sele\u00e7\u00e3o pode ser consultado no\u00a0<a title=\"Anexo I do edital\" href=\"https:\/\/email.ifms.edu.br\/lists\/lt.php?tid=KxlRA1AMVQRXV0tUDlEDTlBcA1dOAQgODhsIXlMCW1BVBlNRUQ0fCFYCVVdTAAdOXAYCB04NDwpUG1kFClBPAgZVUQNdCFEEVgVTHwBWVQdcUQtQTlsBCFIbDFIAVk9TAgBTH1IAAgUBVlFXAlgBVQ\" target=\"_blank\" rel=\"noopener\" data-saferedirecturl=\"https:\/\/www.google.com\/url?q=https:\/\/email.ifms.edu.br\/lists\/lt.php?tid%3DKxlRA1AMVQRXV0tUDlEDTlBcA1dOAQgODhsIXlMCW1BVBlNRUQ0fCFYCVVdTAAdOXAYCB04NDwpUG1kFClBPAgZVUQNdCFEEVgVTHwBWVQdcUQtQTlsBCFIbDFIAVk9TAgBTH1IAAgUBVlFXAlgBVQ&amp;source=gmail&amp;ust=1740312270562000&amp;usg=AOvVaw2n0R4ooP6Ya8GKNy6UT42p\">Anexo I do edital<\/a>.<\/p>\n<p style=\"text-align: justify;\">Em caso de d\u00favidas o contato deve ser feito para o endere\u00e7o eletr\u00f4nico\u00a0<a href=\"mailto:cursos.ead@ifms.edu.br\" target=\"_blank\" rel=\"noopener\">cursos.ead@ifms.<wbr \/>edu.br<\/a>.<\/p>\n<p style=\"text-align: justify;\">Saiba mais os cursos ofertados:<\/p>\n<ul>\n<li style=\"text-align: justify;\"><a title=\"Assistente Administrativo\" href=\"https:\/\/email.ifms.edu.br\/lists\/lt.php?tid=KxkCBFJcBQhRUksAD1RSTlBQBFFOAAENAxsBB1YCAVRaU1MBXQEfCFYCVVdTAAdOXAYCB04NDwpUG1kFClBPAgZVUQNdCFEEVgVTHwBWVQdcUQtQTlsBCFIbDFIAVk9TAgBTH1IAAgUBVlFXAlgBVQ\" target=\"_blank\" rel=\"noopener\" data-saferedirecturl=\"https:\/\/www.google.com\/url?q=https:\/\/email.ifms.edu.br\/lists\/lt.php?tid%3DKxkCBFJcBQhRUksAD1RSTlBQBFFOAAENAxsBB1YCAVRaU1MBXQEfCFYCVVdTAAdOXAYCB04NDwpUG1kFClBPAgZVUQNdCFEEVgVTHwBWVQdcUQtQTlsBCFIbDFIAVk9TAgBTH1IAAgUBVlFXAlgBVQ&amp;source=gmail&amp;ust=1740312270562000&amp;usg=AOvVaw0hGSQZkC98eLBCZX_L5Z2T\">Assistente Administrativo<\/a><\/li>\n<li style=\"text-align: justify;\"><a title=\"Operador de Computador\" href=\"https:\/\/email.ifms.edu.br\/lists\/lt.php?tid=KxkHUQNbBwgBUktQVVAATlBVAlpOAAkLAxsIAAtVUAVSAFBXXAofCFYCVVdTAAdOXAYCB04NDwpUG1kFClBPAgZVUQNdCFEEVgVTHwBWVQdcUQtQTlsBCFIbDFIAVk9TAgBTH1IAAgUBVlFXAlgBVQ\" target=\"_blank\" rel=\"noopener\" data-saferedirecturl=\"https:\/\/www.google.com\/url?q=https:\/\/email.ifms.edu.br\/lists\/lt.php?tid%3DKxkHUQNbBwgBUktQVVAATlBVAlpOAAkLAxsIAAtVUAVSAFBXXAofCFYCVVdTAAdOXAYCB04NDwpUG1kFClBPAgZVUQNdCFEEVgVTHwBWVQdcUQtQTlsBCFIbDFIAVk9TAgBTH1IAAgUBVlFXAlgBVQ&amp;source=gmail&amp;ust=1740312270562000&amp;usg=AOvVaw3dXGrb-eLJKVAm2acWhHd-\">Operador de Computador<\/a><\/li>\n<li style=\"text-align: justify;\"><a title=\"Vendedor\" href=\"https:\/\/email.ifms.edu.br\/lists\/lt.php?tid=KxlRU1QAAlNRV0tQAARQTlBdB1dOAVwOVRsKAAMHUVdRBlFWU1sfCFYCVVdTAAdOXAYCB04NDwpUG1kFClBPAgZVUQNdCFEEVgVTHwBWVQdcUQtQTlsBCFIbDFIAVk9TAgBTH1IAAgUBVlFXAlgBVQ\" target=\"_blank\" rel=\"noopener\" data-saferedirecturl=\"https:\/\/www.google.com\/url?q=https:\/\/email.ifms.edu.br\/lists\/lt.php?tid%3DKxlRU1QAAlNRV0tQAARQTlBdB1dOAVwOVRsKAAMHUVdRBlFWU1sfCFYCVVdTAAdOXAYCB04NDwpUG1kFClBPAgZVUQNdCFEEVgVTHwBWVQdcUQtQTlsBCFIbDFIAVk9TAgBTH1IAAgUBVlFXAlgBVQ&amp;source=gmail&amp;ust=1740312270562000&amp;usg=AOvVaw3N8JdidhIhtDHP1c3DNF3m\">Vendedor<\/a><\/li>\n<\/ul>\n","protected":false},"excerpt":{"rendered":"<p>Interessados em se qualificar profissionalmente ainda neste primeiro semestre de 2025 j\u00e1 podem se inscrever na\u00a0sele\u00e7\u00e3o\u00a0do Instituto Federal de Mato Grosso do Sul (IFMS) que oferta tr\u00eas op\u00e7\u00f5es de cursos de Forma\u00e7\u00e3o Inicial e Continuada (FIC). Com dura\u00e7\u00e3o de tr\u00eas meses, as op\u00e7\u00f5es s\u00e3o\u00a0Assistente Administrativo, Operador de Computador e Vendedor. Todos os cursos s\u00e3o gratuitos [&hellip;]<\/p>\n","protected":false},"author":2,"featured_media":197877,"comment_status":"open","ping_status":"open","sticky":false,"template":"","format":"standard","meta":{"_monsterinsights_skip_tracking":false,"_monsterinsights_sitenote_active":false,"_monsterinsights_sitenote_note":"","_monsterinsights_sitenote_category":0},"categories":[74],"tags":[7831,972,2163],"aioseo_notices":[],"_links":{"self":[{"href":"https:\/\/mspontocom.com.br\/site\/wp-json\/wp\/v2\/posts\/197876"}],"collection":[{"href":"https:\/\/mspontocom.com.br\/site\/wp-json\/wp\/v2\/posts"}],"about":[{"href":"https:\/\/mspontocom.com.br\/site\/wp-json\/wp\/v2\/types\/post"}],"author":[{"embeddable":true,"href":"https:\/\/mspontocom.com.br\/site\/wp-json\/wp\/v2\/users\/2"}],"replies":[{"embeddable":true,"href":"https:\/\/mspontocom.com.br\/site\/wp-json\/wp\/v2\/comments?post=197876"}],"version-history":[{"count":1,"href":"https:\/\/mspontocom.com.br\/site\/wp-json\/wp\/v2\/posts\/197876\/revisions"}],"predecessor-version":[{"id":197878,"href":"https:\/\/mspontocom.com.br\/site\/wp-json\/wp\/v2\/posts\/197876\/revisions\/197878"}],"wp:featuredmedia":[{"embeddable":true,"href":"https:\/\/mspontocom.com.br\/site\/wp-json\/wp\/v2\/media\/197877"}],"wp:attachment":[{"href":"https:\/\/mspontocom.com.br\/site\/wp-json\/wp\/v2\/media?parent=197876"}],"wp:term":[{"taxonomy":"category","embeddable":true,"href":"https:\/\/mspontocom.com.br\/site\/wp-json\/wp\/v2\/categories?post=197876"},{"taxonomy":"post_tag","embeddable":true,"href":"https:\/\/mspontocom.com.br\/site\/wp-json\/wp\/v2\/tags?post=197876"}],"curies":[{"name":"wp","href":"https:\/\/api.w.org\/{rel}","templated":true}]}}