{"id":197909,"date":"2025-02-24T05:15:00","date_gmt":"2025-02-24T09:15:00","guid":{"rendered":"https:\/\/mspontocom.com.br\/site\/?p=197909"},"modified":"2025-02-24T09:25:06","modified_gmt":"2025-02-24T13:25:06","slug":"governo-ms-preve-pagamento-de-aluguel-social-para-vitimas-de-violencia-domestica","status":"publish","type":"post","link":"https:\/\/mspontocom.com.br\/site\/governo-ms-preve-pagamento-de-aluguel-social-para-vitimas-de-violencia-domestica\/","title":{"rendered":"Governo MS prev\u00ea pagamento de \u2018aluguel social\u2019 para v\u00edtimas de viol\u00eancia dom\u00e9stica"},"content":{"rendered":"<p style=\"text-align: justify;\"><img loading=\"lazy\" class=\"alignnone size-full wp-image-197911\" src=\"https:\/\/mspontocom.com.br\/site\/wp-content\/uploads\/2025\/02\/site-governo-ms-preve-pagamento-de-aluguel-social-para-vitimas-de-violencia-domestica-governo-ms.jpg\" alt=\"\" width=\"730\" height=\"480\" srcset=\"https:\/\/mspontocom.com.br\/site\/wp-content\/uploads\/2025\/02\/site-governo-ms-preve-pagamento-de-aluguel-social-para-vitimas-de-violencia-domestica-governo-ms.jpg 730w, https:\/\/mspontocom.com.br\/site\/wp-content\/uploads\/2025\/02\/site-governo-ms-preve-pagamento-de-aluguel-social-para-vitimas-de-violencia-domestica-governo-ms-260x171.jpg 260w\" sizes=\"(max-width: 730px) 100vw, 730px\" \/>Mais uma iniciativa do governo de Mato Grosso do Sul visa ampliar o acolhimento p\u00fablico oferecido a essas mulheres e seus dependentes:<strong> o programa Recome\u00e7os.<\/strong><\/p>\n<p style=\"text-align: justify;\">Constru\u00eddo pela Sead (Secretaria de Estado de Assist\u00eancia Social e Direitos Humanos), o Projeto de Lei para instituir a iniciativa j\u00e1 foi enviado \u00e0 Assembleia Legislativa de Mato Grosso do Sul, onde os deputados estaduais apreciam e autorizam a sua cria\u00e7\u00e3o.<\/p>\n<p style=\"text-align: justify;\">De acordo com o texto do programa, <strong>ser\u00e1 concedido aux\u00edlio aluguel para mulheres v\u00edtimas de viol\u00eancia dom\u00e9stica<\/strong> e que, em decorr\u00eancia da viol\u00eancia sofrida, estejam em situa\u00e7\u00e3o de acolhimento na Casa Abrigo para Mulheres.<\/p>\n<p style=\"text-align: justify;\">Esse aux\u00edlio ter\u00e1 dura\u00e7\u00e3o de seis meses, podendo ser prorrogado por mais seis se houver parecer social para tal.<\/p>\n<p style=\"text-align: justify;\">O valor do &#8216;aluguel social&#8217; ser\u00e1 de um sal\u00e1rio m\u00ednimo nacional vigente, a ser creditado diretamente na conta banc\u00e1ria em nome da v\u00edtima.<\/p>\n<p style=\"text-align: justify;\">Tamb\u00e9m existe a possibilidade de oferecimento de quatro sal\u00e1rios m\u00ednimos, em parcela \u00fanica, ap\u00f3s desenvolvimento de parecer social.<\/p>\n<p style=\"text-align: justify;\">A quantia deve ser usada para a compra de mobili\u00e1rio e utens\u00edlios dom\u00e9sticos.<\/p>\n<blockquote>\n<p style=\"text-align: justify;\"><em>&#8220;O programa Recome\u00e7os poder\u00e1 garantir \u00e0s mulheres em situa\u00e7\u00e3o de viol\u00eancia dom\u00e9stica e familiar a possibilidade de buscar apoio do Poder P\u00fablico para a sua independ\u00eancia pessoal e financeira&#8221;, frisa trecho do texto assinado pelo governador Eduardo Riedel e enviado aos deputados estaduais<\/em><\/p>\n<\/blockquote>\n<figure id=\"attachment_452117\" class=\"wp-caption alignright\" aria-describedby=\"caption-attachment-452117\"><a href=\"https:\/\/agenciadenoticias.ms.gov.br\/wp-content\/uploads\/2023\/09\/Personagem-atendida-no-CEAM-Foto-Bruno-Rezende-03-scaled.jpg\"><img loading=\"lazy\" class=\"wp-image-452117\" src=\"https:\/\/agenciadenoticias.ms.gov.br\/wp-content\/uploads\/2023\/09\/Personagem-atendida-no-CEAM-Foto-Bruno-Rezende-03-1024x683.jpg\" sizes=\"(max-width: 350px) 100vw, 350px\" srcset=\"https:\/\/agenciadenoticias.ms.gov.br\/wp-content\/uploads\/2023\/09\/Personagem-atendida-no-CEAM-Foto-Bruno-Rezende-03-1024x683.jpg 1024w, https:\/\/agenciadenoticias.ms.gov.br\/wp-content\/uploads\/2023\/09\/Personagem-atendida-no-CEAM-Foto-Bruno-Rezende-03-300x200.jpg 300w, https:\/\/agenciadenoticias.ms.gov.br\/wp-content\/uploads\/2023\/09\/Personagem-atendida-no-CEAM-Foto-Bruno-Rezende-03-768x512.jpg 768w, https:\/\/agenciadenoticias.ms.gov.br\/wp-content\/uploads\/2023\/09\/Personagem-atendida-no-CEAM-Foto-Bruno-Rezende-03-1536x1024.jpg 1536w, https:\/\/agenciadenoticias.ms.gov.br\/wp-content\/uploads\/2023\/09\/Personagem-atendida-no-CEAM-Foto-Bruno-Rezende-03-2048x1365.jpg 2048w, https:\/\/agenciadenoticias.ms.gov.br\/wp-content\/uploads\/2023\/09\/Personagem-atendida-no-CEAM-Foto-Bruno-Rezende-03-350x232.jpg 350w, https:\/\/agenciadenoticias.ms.gov.br\/wp-content\/uploads\/2023\/09\/Personagem-atendida-no-CEAM-Foto-Bruno-Rezende-03-scaled.jpg 1920w\" alt=\"\" width=\"350\" height=\"233\" \/><\/a><figcaption id=\"caption-attachment-452117\" class=\"wp-caption-text\"><\/figcaption><\/figure>\n<p>Al\u00e9m das mulheres v\u00edtimas de viol\u00eancia, filhos e dependentes de v\u00edtimas de feminic\u00eddio tamb\u00e9m podem ter acesso ao benef\u00edcio do Recome\u00e7os, desde que tenham menos de 18 anos de idade.<\/p>\n<p>Eles devem apresentar situa\u00e7\u00e3o de vulnerabilidade econ\u00f4mica no requerimento feito pelos seus representantes legais, comprovando a guarda dos mesmos, ainda que tempor\u00e1ria.<\/p>\n<p><strong>Outras medidas j\u00e1 em pr\u00e1tica<\/strong><\/p>\n<p>Diversas medidas j\u00e1 foram tomadas pelo Governo do Estado para\u00a0<a href=\"https:\/\/agenciadenoticias.ms.gov.br\/governo-de-mato-grosso-do-sul-atua-de-forma-abrangente-e-integrada-para-protecao-das-mulheres\/\">combater a viol\u00eancia dom\u00e9stica e dar suporte para as mulheres v\u00edtimas<\/a>\u00a0desse crime em Mato Grosso do Sul.<\/p>\n<p>Nos \u00faltimos oito anos, por exemplo,\u00a0<a href=\"https:\/\/agenciadenoticias.ms.gov.br\/protecao-acoes-do-governo-de-ms-garantem-distancia-entre-agressores-e-vitimas-de-violencia\/\">cerca de 11 mil agressores foram monitorados e 1,3 mil v\u00edtimas receberam o bot\u00e3o do p\u00e2nico<\/a>, dentro das a\u00e7\u00f5es do programa Promuse (Programa de Monitoramento e Prote\u00e7\u00e3o das Mulheres em Situa\u00e7\u00e3o de Viol\u00eancia Dom\u00e9stica e Familiar), da Pol\u00edcia Militar.<\/p>\n<p>Os agressores s\u00e3o monitorados em tempo real com tornozeleiras eletr\u00f4nicas que emitem alertas autom\u00e1ticos em caso de viola\u00e7\u00e3o das condi\u00e7\u00f5es estabelecidas.<\/p>\n<p>Se um monitorado se afastar de \u00e1reas restritas ou tentar remover o dispositivo, o sistema gera alertas imediatos.<\/p>\n<p>Al\u00e9m do monitoramento eletr\u00f4nico e apoio do Promuse, a Sala Lil\u00e1s &#8211; espa\u00e7o dedicado ao atendimento das v\u00edtimas dentro das delegacias &#8211; tamb\u00e9m se mostra ponto crucial para garantir que as necessidades das mulheres sejam atendidas de maneira sens\u00edvel e eficaz.<\/p>\n<p>Presente em 48 cidades sul-mato-grossenses, a iniciativa da Salas Lil\u00e1s deve ser expandida para at\u00e9 76 munic\u00edpios onde n\u00e3o h\u00e1 Casa da Mulher Brasileira ativa ou em processo de implanta\u00e7\u00e3o.<\/p>\n<p>O objetivo \u00e9 oferecer um lugar de acolhimento e atendimento humanizado, buscando\u00a0<a href=\"https:\/\/agenciadenoticias.ms.gov.br\/com-terapia-e-apoio-mulheres-dao-fim-a-violencia-e-iniciam-ciclo-de-conquistas\/\">quebrar o ciclo de viol\u00eancia e dar nova vida \u00e0s v\u00edtimas<\/a>.<\/p>\n<p align=\"justify\"><span style=\"font-family: Times New Roman, serif;\"><span style=\"font-size: medium;\"><span style=\"color: #ff0000;\">Continue ao nosso lado. Veja mais not\u00edcias em:<\/span> <span style=\"color: #0000ff;\"><u><a href=\"http:\/\/www.mspontocom.com.br\/\">www.mspontocom.com.br<\/a><\/u><\/span><\/span><\/span><\/p>\n<p align=\"justify\"><span style=\"font-family: Times New Roman, serif;\"><span style=\"font-size: medium;\">Instagram e X:\u00a0 @mspontocom<\/span><\/span><\/p>\n<p><em>fonte: Nyelder Rodrigues, Comunica\u00e7\u00e3o\u00a0<\/em><br \/>\n<em>Fotos: Bruno Rezende\/Secom\/Arquivo<\/em><\/p>\n","protected":false},"excerpt":{"rendered":"<p>Mais uma iniciativa do governo de Mato Grosso do Sul visa ampliar o acolhimento p\u00fablico oferecido a essas mulheres e seus dependentes: o programa Recome\u00e7os. Constru\u00eddo pela Sead (Secretaria de Estado de Assist\u00eancia Social e Direitos Humanos), o Projeto de Lei para instituir a iniciativa j\u00e1 foi enviado \u00e0 Assembleia Legislativa de Mato Grosso do [&hellip;]<\/p>\n","protected":false},"author":2,"featured_media":197911,"comment_status":"open","ping_status":"open","sticky":false,"template":"","format":"standard","meta":{"_monsterinsights_skip_tracking":false,"_monsterinsights_sitenote_active":false,"_monsterinsights_sitenote_note":"","_monsterinsights_sitenote_category":0},"categories":[74],"tags":[42642,649,33480,2984],"aioseo_notices":[],"_links":{"self":[{"href":"https:\/\/mspontocom.com.br\/site\/wp-json\/wp\/v2\/posts\/197909"}],"collection":[{"href":"https:\/\/mspontocom.com.br\/site\/wp-json\/wp\/v2\/posts"}],"about":[{"href":"https:\/\/mspontocom.com.br\/site\/wp-json\/wp\/v2\/types\/post"}],"author":[{"embeddable":true,"href":"https:\/\/mspontocom.com.br\/site\/wp-json\/wp\/v2\/users\/2"}],"replies":[{"embeddable":true,"href":"https:\/\/mspontocom.com.br\/site\/wp-json\/wp\/v2\/comments?post=197909"}],"version-history":[{"count":2,"href":"https:\/\/mspontocom.com.br\/site\/wp-json\/wp\/v2\/posts\/197909\/revisions"}],"predecessor-version":[{"id":197912,"href":"https:\/\/mspontocom.com.br\/site\/wp-json\/wp\/v2\/posts\/197909\/revisions\/197912"}],"wp:featuredmedia":[{"embeddable":true,"href":"https:\/\/mspontocom.com.br\/site\/wp-json\/wp\/v2\/media\/197911"}],"wp:attachment":[{"href":"https:\/\/mspontocom.com.br\/site\/wp-json\/wp\/v2\/media?parent=197909"}],"wp:term":[{"taxonomy":"category","embeddable":true,"href":"https:\/\/mspontocom.com.br\/site\/wp-json\/wp\/v2\/categories?post=197909"},{"taxonomy":"post_tag","embeddable":true,"href":"https:\/\/mspontocom.com.br\/site\/wp-json\/wp\/v2\/tags?post=197909"}],"curies":[{"name":"wp","href":"https:\/\/api.w.org\/{rel}","templated":true}]}}