{"id":198007,"date":"2025-02-27T05:32:17","date_gmt":"2025-02-27T09:32:17","guid":{"rendered":"https:\/\/mspontocom.com.br\/site\/?p=198007"},"modified":"2025-02-27T08:12:05","modified_gmt":"2025-02-27T12:12:05","slug":"governo-de-ms-poe-fim-ao-regime-especial-de-tributacao-no-agronegocio","status":"publish","type":"post","link":"https:\/\/mspontocom.com.br\/site\/governo-de-ms-poe-fim-ao-regime-especial-de-tributacao-no-agronegocio\/","title":{"rendered":"Governo de MS p\u00f5e fim ao regime especial de tributa\u00e7\u00e3o no agroneg\u00f3cio"},"content":{"rendered":"<p style=\"text-align: justify;\"><img loading=\"lazy\" class=\"alignnone size-full wp-image-198022\" src=\"https:\/\/mspontocom.com.br\/site\/wp-content\/uploads\/2025\/02\/site-governo-de-ms-poe-fim-ao-regime-especial-de-tributacao-no-agronegocio-agroms-1.jpg\" alt=\"\" width=\"1024\" height=\"683\" srcset=\"https:\/\/mspontocom.com.br\/site\/wp-content\/uploads\/2025\/02\/site-governo-de-ms-poe-fim-ao-regime-especial-de-tributacao-no-agronegocio-agroms-1.jpg 1024w, https:\/\/mspontocom.com.br\/site\/wp-content\/uploads\/2025\/02\/site-governo-de-ms-poe-fim-ao-regime-especial-de-tributacao-no-agronegocio-agroms-1-260x173.jpg 260w, https:\/\/mspontocom.com.br\/site\/wp-content\/uploads\/2025\/02\/site-governo-de-ms-poe-fim-ao-regime-especial-de-tributacao-no-agronegocio-agroms-1-768x512.jpg 768w\" sizes=\"(max-width: 1024px) 100vw, 1024px\" \/>Atendendo um compromisso pol\u00edtico com o setor do agroneg\u00f3cio, que reivindicava mais liberdade de mercado e comercializa\u00e7\u00e3o, o <strong>Governo de Mato Grosso do Sul<\/strong> decidiu p\u00f4r fim ao regime de\u00a0 paridade das exporta\u00e7\u00f5es de soja e milho no Estado, que vigorava h\u00e1 quase 20 anos.<\/p>\n<p style=\"text-align: justify;\">A decis\u00e3o foi poss\u00edvel diante de um panorama de expans\u00e3o econ\u00f4mica e agroindustrializa\u00e7\u00e3o, que est\u00e1 demandando a produ\u00e7\u00e3o do campo que est\u00e1 sendo direcionada \u00e0s plantas fabris instaladas no Estado.<\/p>\n<p style=\"text-align: justify;\">Em solenidade ocorrida na Famasul (Federa\u00e7\u00e3o da Agricultura e Pecu\u00e1ria de Mato Grosso do Sul), na presen\u00e7a de dirigentes do setor produtivo, secret\u00e1rios de Estado e parlamentares das bancada federal e estadual, o governador <strong>Eduardo Riedel<\/strong> assinou decreto colocando fim ao regime especial de tributa\u00e7\u00e3o de gr\u00e3os.<\/p>\n<p><img loading=\"lazy\" class=\"alignnone size-full wp-image-198021\" src=\"https:\/\/mspontocom.com.br\/site\/wp-content\/uploads\/2025\/02\/site-governo-de-ms-poe-fim-ao-regime-especial-de-tributacao-no-agronegocio-agro-ms.jpg\" alt=\"\" width=\"730\" height=\"480\" srcset=\"https:\/\/mspontocom.com.br\/site\/wp-content\/uploads\/2025\/02\/site-governo-de-ms-poe-fim-ao-regime-especial-de-tributacao-no-agronegocio-agro-ms.jpg 730w, https:\/\/mspontocom.com.br\/site\/wp-content\/uploads\/2025\/02\/site-governo-de-ms-poe-fim-ao-regime-especial-de-tributacao-no-agronegocio-agro-ms-260x171.jpg 260w\" sizes=\"(max-width: 730px) 100vw, 730px\" \/><\/p>\n<p style=\"text-align: justify;\">De acordo com o chefe do Executivo estadual, houve um amadurecimento e consolida\u00e7\u00e3o do ambiente de neg\u00f3cios no Estado que permitiu revogar a medida e trazer mais competitividade ao setor produtivo local.<\/p>\n<blockquote><p><em>\u201cN\u00f3s sa\u00edmos de um Estado evidentemente exportador para um que processa boa parte da sua produ\u00e7\u00e3o aqui, que tem um com\u00e9rcio interestadual muito forte tamb\u00e9m, com o Paran\u00e1, Santa Catarina, S\u00e3o Paulo, e n\u00e3o fazia muito mais sentido a gente manter a lei da paridade apesar dela ser sido importante no passado\u201d.<\/em><\/p><\/blockquote>\n<p style=\"text-align: justify;\">Riedel acredita que o fim da paridade n\u00e3o coloca em risco as receitas do Estado e a meta de responsabilidade com o sistema fiscal e tribut\u00e1rio.<\/p>\n<p style=\"text-align: justify;\">Segundo o secret\u00e1rio da Semadesc (Secretaria de Meio Ambiente, Desenvolvimento, Ci\u00eancia, Tecnologia e Inova\u00e7\u00e3o), Jaime Verruck, desde 2005, a equival\u00eancia da exporta\u00e7\u00e3o, tamb\u00e9m conhecida como paridade de exporta\u00e7\u00e3o, era um importante mecanismo regulat\u00f3rio aplicado ao setor agropecu\u00e1rio em Mato Grosso do Sul.<\/p>\n<blockquote><p><em>&#8220;Ele funcionava como uma forma de evitar perdas de receita para o Estado, uma vez que as exporta\u00e7\u00f5es s\u00e3o isentas de ICMS&#8221;, explica.<\/em><\/p><\/blockquote>\n<p style=\"text-align: justify;\">O titular da Semadesc tamb\u00e9m destacou que o equil\u00edbrio das contas p\u00fablicas e da arrecada\u00e7\u00e3o de ICMS, assim como a expans\u00e3o da produ\u00e7\u00e3o de gr\u00e3os e a atra\u00e7\u00e3o de novas agroind\u00fastrias, deram condi\u00e7\u00f5es para que o governo tomasse esta decis\u00e3o.<\/p>\n<p style=\"text-align: justify;\">Para o presidente da Famasul, Marcelo Bertoni,\u00a0 a medida vai contribuir para aumentar a produ\u00e7\u00e3o local com um consumo interno aquecido.<\/p>\n<blockquote><p><em> &#8220;\u00c9 uma atitude de grande de relev\u00e2ncia, estamos trabalhando para produzir e ter um pre\u00e7o competitivo&#8221;, comenta.<\/em><\/p><\/blockquote>\n<p style=\"text-align: justify;\" align=\"justify\"><span style=\"font-family: Times New Roman, serif;\"><span style=\"font-size: medium;\"><span style=\"color: #ff0000;\">Continue ao nosso lado. Veja mais not\u00edcias em:<\/span> <span style=\"color: #0000ff;\"><u><a href=\"http:\/\/www.mspontocom.com.br\/\">www.mspontocom.com.br<\/a><\/u><\/span><\/span><\/span><\/p>\n<p style=\"text-align: justify;\" align=\"justify\"><span style=\"font-family: Times New Roman, serif;\"><span style=\"font-size: medium;\">Instagram e X:\u00a0 @mspontocom<\/span><\/span><\/p>\n<p><em>fonte: Alexandre Gonzaga, Comunica\u00e7\u00e3o<br \/>\n<\/em><em>Fotos: \u00c1lvaro Rezende\/Secom<\/em><\/p>\n","protected":false},"excerpt":{"rendered":"<p>Atendendo um compromisso pol\u00edtico com o setor do agroneg\u00f3cio, que reivindicava mais liberdade de mercado e comercializa\u00e7\u00e3o, o Governo de Mato Grosso do Sul decidiu p\u00f4r fim ao regime de\u00a0 paridade das exporta\u00e7\u00f5es de soja e milho no Estado, que vigorava h\u00e1 quase 20 anos. A decis\u00e3o foi poss\u00edvel diante de um panorama de expans\u00e3o [&hellip;]<\/p>\n","protected":false},"author":2,"featured_media":198022,"comment_status":"open","ping_status":"open","sticky":false,"template":"","format":"standard","meta":{"_monsterinsights_skip_tracking":false,"_monsterinsights_sitenote_active":false,"_monsterinsights_sitenote_note":"","_monsterinsights_sitenote_category":0},"categories":[74],"tags":[1005,24196,649,42661,28562],"aioseo_notices":[],"_links":{"self":[{"href":"https:\/\/mspontocom.com.br\/site\/wp-json\/wp\/v2\/posts\/198007"}],"collection":[{"href":"https:\/\/mspontocom.com.br\/site\/wp-json\/wp\/v2\/posts"}],"about":[{"href":"https:\/\/mspontocom.com.br\/site\/wp-json\/wp\/v2\/types\/post"}],"author":[{"embeddable":true,"href":"https:\/\/mspontocom.com.br\/site\/wp-json\/wp\/v2\/users\/2"}],"replies":[{"embeddable":true,"href":"https:\/\/mspontocom.com.br\/site\/wp-json\/wp\/v2\/comments?post=198007"}],"version-history":[{"count":2,"href":"https:\/\/mspontocom.com.br\/site\/wp-json\/wp\/v2\/posts\/198007\/revisions"}],"predecessor-version":[{"id":198023,"href":"https:\/\/mspontocom.com.br\/site\/wp-json\/wp\/v2\/posts\/198007\/revisions\/198023"}],"wp:featuredmedia":[{"embeddable":true,"href":"https:\/\/mspontocom.com.br\/site\/wp-json\/wp\/v2\/media\/198022"}],"wp:attachment":[{"href":"https:\/\/mspontocom.com.br\/site\/wp-json\/wp\/v2\/media?parent=198007"}],"wp:term":[{"taxonomy":"category","embeddable":true,"href":"https:\/\/mspontocom.com.br\/site\/wp-json\/wp\/v2\/categories?post=198007"},{"taxonomy":"post_tag","embeddable":true,"href":"https:\/\/mspontocom.com.br\/site\/wp-json\/wp\/v2\/tags?post=198007"}],"curies":[{"name":"wp","href":"https:\/\/api.w.org\/{rel}","templated":true}]}}