{"id":198062,"date":"2025-03-01T06:14:37","date_gmt":"2025-03-01T10:14:37","guid":{"rendered":"https:\/\/mspontocom.com.br\/site\/?p=198062"},"modified":"2025-03-01T06:14:37","modified_gmt":"2025-03-01T10:14:37","slug":"sob-lula-e-stf-brasil-despenca-em-ranking-global-de-democracia","status":"publish","type":"post","link":"https:\/\/mspontocom.com.br\/site\/sob-lula-e-stf-brasil-despenca-em-ranking-global-de-democracia\/","title":{"rendered":"Sob Lula e STF, Brasil despenca em ranking global de democracia"},"content":{"rendered":"<p style=\"text-align: justify;\" data-start=\"0\" data-end=\"294\"><img loading=\"lazy\" class=\"alignnone size-full wp-image-198072\" src=\"https:\/\/mspontocom.com.br\/site\/wp-content\/uploads\/2025\/03\/site-sob-lula-e-stf-brasil-cai-seis-posicoes-em-ranking-global-de-democracia-lula-alexandre-de-moraes-1280x720-1.jpg\" alt=\"\" width=\"1280\" height=\"720\" srcset=\"https:\/\/mspontocom.com.br\/site\/wp-content\/uploads\/2025\/03\/site-sob-lula-e-stf-brasil-cai-seis-posicoes-em-ranking-global-de-democracia-lula-alexandre-de-moraes-1280x720-1.jpg 1280w, https:\/\/mspontocom.com.br\/site\/wp-content\/uploads\/2025\/03\/site-sob-lula-e-stf-brasil-cai-seis-posicoes-em-ranking-global-de-democracia-lula-alexandre-de-moraes-1280x720-1-260x146.jpg 260w, https:\/\/mspontocom.com.br\/site\/wp-content\/uploads\/2025\/03\/site-sob-lula-e-stf-brasil-cai-seis-posicoes-em-ranking-global-de-democracia-lula-alexandre-de-moraes-1280x720-1-1024x576.jpg 1024w, https:\/\/mspontocom.com.br\/site\/wp-content\/uploads\/2025\/03\/site-sob-lula-e-stf-brasil-cai-seis-posicoes-em-ranking-global-de-democracia-lula-alexandre-de-moraes-1280x720-1-768x432.jpg 768w\" sizes=\"(max-width: 1280px) 100vw, 1280px\" \/>O Brasil perdeu seis posi\u00e7\u00f5es no<strong> \u00cdndice de Democracia 2024<\/strong>, elaborado pela revista brit\u00e2nica\u00a0<strong>The Economist,<\/strong> passando do 51\u00ba para o 57\u00ba lugar entre 167 pa\u00edses avaliados.<\/p>\n<p style=\"text-align: justify;\" data-start=\"0\" data-end=\"294\">O pa\u00eds segue classificado como uma <strong>\u201cdemocracia falha\u201d<\/strong>, ficando atr\u00e1s de na\u00e7\u00f5es como Argentina e Hungria.<\/p>\n<p style=\"text-align: justify;\" data-start=\"296\" data-end=\"751\">Segundo o relat\u00f3rio,<strong> algumas decis\u00f5es do STF influenciaram negativamente a avalia\u00e7\u00e3o brasileira. <\/strong><\/p>\n<p style=\"text-align: justify;\" data-start=\"296\" data-end=\"751\">Entre os fatores mencionados est\u00e3o a suspens\u00e3o tempor\u00e1ria da rede social X durante o per\u00edodo eleitoral de 2024 e a imposi\u00e7\u00e3o de multas para usu\u00e1rios que utilizassem VPNs.<\/p>\n<p style=\"text-align: justify;\" data-start=\"753\" data-end=\"1181\">O documento tamb\u00e9m aponta que a democracia global atingiu seu pior n\u00edvel desde 2006, ano em que o \u00edndice foi criado.<\/p>\n<p style=\"text-align: justify;\" data-start=\"753\" data-end=\"1181\">No topo do ranking, a Noruega continua sendo considerada a democracia mais consolidada do mundo.<\/p>\n<p style=\"text-align: justify;\" align=\"justify\"><span style=\"font-family: Times New Roman, serif;\"><span style=\"font-size: medium;\"><span style=\"color: #ff0000;\">Continue ao nosso lado. Veja mais not\u00edcias em:<\/span> <span style=\"color: #0000ff;\"><u><a href=\"http:\/\/www.mspontocom.com.br\/\">www.mspontocom.com.br<\/a><\/u><\/span><\/span><\/span><\/p>\n<p style=\"text-align: justify;\" align=\"justify\"><span style=\"font-family: Times New Roman, serif;\"><span style=\"font-size: medium;\">Instagram e X:\u00a0 @mspontocom<\/span><\/span><\/p>\n<p align=\"justify\">foto: Gazeta do Povo<\/p>\n","protected":false},"excerpt":{"rendered":"<p>O Brasil perdeu seis posi\u00e7\u00f5es no \u00cdndice de Democracia 2024, elaborado pela revista brit\u00e2nica\u00a0The Economist, passando do 51\u00ba para o 57\u00ba lugar entre 167 pa\u00edses avaliados. O pa\u00eds segue classificado como uma \u201cdemocracia falha\u201d, ficando atr\u00e1s de na\u00e7\u00f5es como Argentina e Hungria. Segundo o relat\u00f3rio, algumas decis\u00f5es do STF influenciaram negativamente a avalia\u00e7\u00e3o brasileira. Entre [&hellip;]<\/p>\n","protected":false},"author":2,"featured_media":198072,"comment_status":"open","ping_status":"open","sticky":false,"template":"","format":"standard","meta":{"_monsterinsights_skip_tracking":false,"_monsterinsights_sitenote_active":false,"_monsterinsights_sitenote_note":"","_monsterinsights_sitenote_category":0},"categories":[6,30260,7,30259,12],"tags":[129,480,42667,3014],"aioseo_notices":[],"_links":{"self":[{"href":"https:\/\/mspontocom.com.br\/site\/wp-json\/wp\/v2\/posts\/198062"}],"collection":[{"href":"https:\/\/mspontocom.com.br\/site\/wp-json\/wp\/v2\/posts"}],"about":[{"href":"https:\/\/mspontocom.com.br\/site\/wp-json\/wp\/v2\/types\/post"}],"author":[{"embeddable":true,"href":"https:\/\/mspontocom.com.br\/site\/wp-json\/wp\/v2\/users\/2"}],"replies":[{"embeddable":true,"href":"https:\/\/mspontocom.com.br\/site\/wp-json\/wp\/v2\/comments?post=198062"}],"version-history":[{"count":2,"href":"https:\/\/mspontocom.com.br\/site\/wp-json\/wp\/v2\/posts\/198062\/revisions"}],"predecessor-version":[{"id":198073,"href":"https:\/\/mspontocom.com.br\/site\/wp-json\/wp\/v2\/posts\/198062\/revisions\/198073"}],"wp:featuredmedia":[{"embeddable":true,"href":"https:\/\/mspontocom.com.br\/site\/wp-json\/wp\/v2\/media\/198072"}],"wp:attachment":[{"href":"https:\/\/mspontocom.com.br\/site\/wp-json\/wp\/v2\/media?parent=198062"}],"wp:term":[{"taxonomy":"category","embeddable":true,"href":"https:\/\/mspontocom.com.br\/site\/wp-json\/wp\/v2\/categories?post=198062"},{"taxonomy":"post_tag","embeddable":true,"href":"https:\/\/mspontocom.com.br\/site\/wp-json\/wp\/v2\/tags?post=198062"}],"curies":[{"name":"wp","href":"https:\/\/api.w.org\/{rel}","templated":true}]}}