{"id":198110,"date":"2025-03-06T13:18:44","date_gmt":"2025-03-06T17:18:44","guid":{"rendered":"https:\/\/mspontocom.com.br\/site\/?p=198110"},"modified":"2025-03-06T13:39:46","modified_gmt":"2025-03-06T17:39:46","slug":"campanha-eleitoral-da-prefeita-adriane-lopes-esta-na-final-do-oscar-de-marketing-politico","status":"publish","type":"post","link":"https:\/\/mspontocom.com.br\/site\/campanha-eleitoral-da-prefeita-adriane-lopes-esta-na-final-do-oscar-de-marketing-politico\/","title":{"rendered":"Campanha eleitoral da prefeita Adriane Lopes est\u00e1 na final do &#8220;Oscar&#8221; de marketing pol\u00edtico"},"content":{"rendered":"<p style=\"text-align: justify;\"><img loading=\"lazy\" class=\"alignnone size-full wp-image-198182\" src=\"https:\/\/mspontocom.com.br\/site\/wp-content\/uploads\/2025\/03\/site-campanha-eleitoral-da-prefeita-adriane-lopes-esta-na-final-do-oscar-de-marketing-politico-reed1-1-e1741281986326.webp\" alt=\"\" width=\"1500\" height=\"1284\" srcset=\"https:\/\/mspontocom.com.br\/site\/wp-content\/uploads\/2025\/03\/site-campanha-eleitoral-da-prefeita-adriane-lopes-esta-na-final-do-oscar-de-marketing-politico-reed1-1-e1741281986326.webp 1500w, https:\/\/mspontocom.com.br\/site\/wp-content\/uploads\/2025\/03\/site-campanha-eleitoral-da-prefeita-adriane-lopes-esta-na-final-do-oscar-de-marketing-politico-reed1-1-e1741281986326-260x223.webp 260w, https:\/\/mspontocom.com.br\/site\/wp-content\/uploads\/2025\/03\/site-campanha-eleitoral-da-prefeita-adriane-lopes-esta-na-final-do-oscar-de-marketing-politico-reed1-1-e1741281986326-1024x877.webp 1024w, https:\/\/mspontocom.com.br\/site\/wp-content\/uploads\/2025\/03\/site-campanha-eleitoral-da-prefeita-adriane-lopes-esta-na-final-do-oscar-de-marketing-politico-reed1-1-e1741281986326-768x657.webp 768w\" sizes=\"(max-width: 1500px) 100vw, 1500px\" \/>Os marqueteiros Diego Brandy e Victor Carvalho, coordenadores da campanha vitoriosa de<strong> Adriane Lopes<\/strong> para a Prefeitura de Campo Grande em 2024, est\u00e3o entre os finalistas do <strong>Reed Awards 2025<\/strong>, uma das premia\u00e7\u00f5es mais prestigiadas do marketing pol\u00edtico no mundo, que ser\u00e1 realizada em Austin, Texas (EUA), no dia 21.<\/p>\n<p style=\"text-align: justify;\">A dupla concorre em quatro categorias:<\/p>\n<p style=\"text-align: justify;\">Melhor Campanha Internacional<\/p>\n<p style=\"text-align: justify;\">\u00a0Melhor Campanha Digital Internacional<\/p>\n<p style=\"text-align: justify;\">Melhor Campanha Digital na Am\u00e9rica Latina<\/p>\n<p style=\"text-align: justify;\">Melhor Comercial para TV na Am\u00e9rica Latina.<\/p>\n<p style=\"text-align: justify;\">Adriane \u00e9 a primeira mulher eleita prefeita de Campo Grande.<\/p>\n<p style=\"text-align: justify;\">A vit\u00f3ria de Adriane, do Partido Progressista (PP), foi marcada por desafios significativos, como a desvantagem inicial em alian\u00e7as partid\u00e1rias e o limitado tempo de m\u00eddia tradicional (r\u00e1dio e TV).<\/p>\n<p style=\"text-align: justify;\">A supera\u00e7\u00e3o dessas barreiras s\u00f3 foi poss\u00edvel gra\u00e7as a uma estrat\u00e9gia bem definida e criativa, que garantiu a lideran\u00e7a j\u00e1 no primeiro turno e consolidou a vit\u00f3ria no segundo turno.<\/p>\n<p style=\"text-align: justify;\">A premia\u00e7\u00e3o\u00a0 reunir\u00e1 os melhores profissionais de marketing pol\u00edtico do mundo.<\/p>\n<p style=\"text-align: justify;\" align=\"justify\"><span style=\"font-family: Times New Roman, serif;\"><span style=\"font-size: medium;\"><span style=\"color: #ff0000;\">Continue ao nosso lado. Veja mais not\u00edcias em<\/span>: <span style=\"color: #0000ff;\"><u><a href=\"http:\/\/www.mspontocom.com.br\/\">www.mspontocom.com.br<\/a><\/u><\/span><\/span><\/span><\/p>\n<p style=\"text-align: justify;\" align=\"justify\"><span style=\"font-family: Times New Roman, serif;\"><span style=\"font-size: medium;\">Instagram e X:\u00a0 @mspontocom<\/span><\/span><\/p>\n<p style=\"text-align: justify;\">fonte: correiodoestado.com.br<\/p>\n","protected":false},"excerpt":{"rendered":"<p>Os marqueteiros Diego Brandy e Victor Carvalho, coordenadores da campanha vitoriosa de Adriane Lopes para a Prefeitura de Campo Grande em 2024, est\u00e3o entre os finalistas do Reed Awards 2025, uma das premia\u00e7\u00f5es mais prestigiadas do marketing pol\u00edtico no mundo, que ser\u00e1 realizada em Austin, Texas (EUA), no dia 21. A dupla concorre em quatro [&hellip;]<\/p>\n","protected":false},"author":2,"featured_media":198182,"comment_status":"open","ping_status":"open","sticky":false,"template":"","format":"standard","meta":{"_monsterinsights_skip_tracking":false,"_monsterinsights_sitenote_active":false,"_monsterinsights_sitenote_note":"","_monsterinsights_sitenote_category":0},"categories":[4328],"tags":[42695,4463,8326,8037,4315,42696],"aioseo_notices":[],"_links":{"self":[{"href":"https:\/\/mspontocom.com.br\/site\/wp-json\/wp\/v2\/posts\/198110"}],"collection":[{"href":"https:\/\/mspontocom.com.br\/site\/wp-json\/wp\/v2\/posts"}],"about":[{"href":"https:\/\/mspontocom.com.br\/site\/wp-json\/wp\/v2\/types\/post"}],"author":[{"embeddable":true,"href":"https:\/\/mspontocom.com.br\/site\/wp-json\/wp\/v2\/users\/2"}],"replies":[{"embeddable":true,"href":"https:\/\/mspontocom.com.br\/site\/wp-json\/wp\/v2\/comments?post=198110"}],"version-history":[{"count":5,"href":"https:\/\/mspontocom.com.br\/site\/wp-json\/wp\/v2\/posts\/198110\/revisions"}],"predecessor-version":[{"id":198183,"href":"https:\/\/mspontocom.com.br\/site\/wp-json\/wp\/v2\/posts\/198110\/revisions\/198183"}],"wp:featuredmedia":[{"embeddable":true,"href":"https:\/\/mspontocom.com.br\/site\/wp-json\/wp\/v2\/media\/198182"}],"wp:attachment":[{"href":"https:\/\/mspontocom.com.br\/site\/wp-json\/wp\/v2\/media?parent=198110"}],"wp:term":[{"taxonomy":"category","embeddable":true,"href":"https:\/\/mspontocom.com.br\/site\/wp-json\/wp\/v2\/categories?post=198110"},{"taxonomy":"post_tag","embeddable":true,"href":"https:\/\/mspontocom.com.br\/site\/wp-json\/wp\/v2\/tags?post=198110"}],"curies":[{"name":"wp","href":"https:\/\/api.w.org\/{rel}","templated":true}]}}