{"id":198232,"date":"2025-03-10T06:12:30","date_gmt":"2025-03-10T10:12:30","guid":{"rendered":"https:\/\/mspontocom.com.br\/site\/?p=198232"},"modified":"2025-03-10T07:45:04","modified_gmt":"2025-03-10T11:45:04","slug":"governo-ms-lanca-selo-social-empresa-amiga-da-mulher","status":"publish","type":"post","link":"https:\/\/mspontocom.com.br\/site\/governo-ms-lanca-selo-social-empresa-amiga-da-mulher\/","title":{"rendered":"Governo MS lan\u00e7a Selo Social \u2018Empresa Amiga da Mulher\u2019"},"content":{"rendered":"<p style=\"text-align: justify;\"><img loading=\"lazy\" class=\"alignnone size-full wp-image-198243\" src=\"https:\/\/mspontocom.com.br\/site\/wp-content\/uploads\/2025\/03\/site-governo-ms-lanca-selo-social-empresa-amiga-da-mulher-selo-empresaa-amida-da-mulher-1-730x425-1.jpg\" alt=\"\" width=\"730\" height=\"425\" srcset=\"https:\/\/mspontocom.com.br\/site\/wp-content\/uploads\/2025\/03\/site-governo-ms-lanca-selo-social-empresa-amiga-da-mulher-selo-empresaa-amida-da-mulher-1-730x425-1.jpg 730w, https:\/\/mspontocom.com.br\/site\/wp-content\/uploads\/2025\/03\/site-governo-ms-lanca-selo-social-empresa-amiga-da-mulher-selo-empresaa-amida-da-mulher-1-730x425-1-260x151.jpg 260w\" sizes=\"(max-width: 730px) 100vw, 730px\" \/>Empresas p\u00fablicas, privadas, institui\u00e7\u00f5es e funda\u00e7\u00f5es interessadas em concorrer ao<strong> Selo Social &#8216;Empresa Amiga da Mulher&#8217;<\/strong>, uma iniciativa voltada para a promo\u00e7\u00e3o, valoriza\u00e7\u00e3o e defesa dos direitos da mulher no ambiente de trabalho j\u00e1 podem se inscrever.<\/p>\n<p style=\"text-align: justify;\">Nesta edi\u00e7\u00e3o o edital publicado contemplar\u00e1 al\u00e9m das iniciativas j\u00e1 implementadas, as boas pr\u00e1ticas a serem implementadas fundamentadas nos seguintes eixos:<\/p>\n<p style=\"text-align: justify;\">Contrata\u00e7\u00e3o e valoriza\u00e7\u00e3o da mulher no mercado de trabalho, buscando a igualdade de g\u00eanero no quadro de pessoal;<\/p>\n<p style=\"text-align: justify;\">Fortalecimento ao combate ao ass\u00e9dio moral e sexual no ambiente corporativo;<\/p>\n<p style=\"text-align: justify;\"><strong>Promo\u00e7\u00e3o da igualdade salarial de g\u00eaneros, contribuindo para a redu\u00e7\u00e3o de desigualdades; <\/strong><\/p>\n<p style=\"text-align: justify;\">Sensibiliza\u00e7\u00e3o e promo\u00e7\u00e3o do debate sobre a igualdade de g\u00eanero em todos os espa\u00e7os, especialmente no ambiente de trabalho e o fomento de boas pr\u00e1ticas e o incentivo ao aleitamento materno e \u00e0 valoriza\u00e7\u00e3o da gestante no ambiente de trabalho.<\/p>\n<p style=\"text-align: justify;\">As inscri\u00e7\u00f5es podem ser realizadas at\u00e9 o dia 11 de julho de 2025, atrav\u00e9s do envio da documenta\u00e7\u00e3o para o e-mail:\u00a0<a href=\"mailto:mulheres@sec.ms.gov.br\">mulheres@sec.ms.gov.br<\/a>.<\/p>\n<p style=\"text-align: justify;\">Ressaltando que cada empresa pode inscrever mais de um projeto. O edital completo pode ser acessado\u00a0<a href=\"https:\/\/agenciadenoticias.ms.gov.br\/wp-content\/uploads\/2025\/03\/Edital-Selo-Empresa-Amiga-da-Mulher.pdf\" target=\"_blank\" rel=\"noopener\">aqui<\/a>, com o detalhamento dos crit\u00e9rios e requisitos para a obten\u00e7\u00e3o do selo, que tem validade de um ano.<\/p>\n<p style=\"text-align: justify;\" align=\"justify\"><span style=\"font-family: Times New Roman, serif;\"><span style=\"font-size: medium;\"><span style=\"color: #ff0000;\">Continue em nossa companhia . Veja mais not\u00edcias em:<\/span> <span style=\"color: #0000ff;\"><u><a href=\"http:\/\/www.mspontocom.com.br\/\">www.mspontocom.com.br<\/a><\/u><\/span><\/span><\/span><\/p>\n<p style=\"text-align: justify;\" align=\"justify\"><span style=\"font-family: Times New Roman, serif;\"><span style=\"font-size: medium;\">Instagram e X:\u00a0 @mspontocom<\/span><\/span><\/p>\n<p style=\"text-align: justify;\"><em>fonte:Jaqueline Hahn Tente, Comunica\u00e7\u00e3o\u00a0<\/em><\/p>\n","protected":false},"excerpt":{"rendered":"<p>Empresas p\u00fablicas, privadas, institui\u00e7\u00f5es e funda\u00e7\u00f5es interessadas em concorrer ao Selo Social &#8216;Empresa Amiga da Mulher&#8217;, uma iniciativa voltada para a promo\u00e7\u00e3o, valoriza\u00e7\u00e3o e defesa dos direitos da mulher no ambiente de trabalho j\u00e1 podem se inscrever. Nesta edi\u00e7\u00e3o o edital publicado contemplar\u00e1 al\u00e9m das iniciativas j\u00e1 implementadas, as boas pr\u00e1ticas a serem implementadas fundamentadas [&hellip;]<\/p>\n","protected":false},"author":2,"featured_media":198243,"comment_status":"open","ping_status":"open","sticky":false,"template":"","format":"standard","meta":{"_monsterinsights_skip_tracking":false,"_monsterinsights_sitenote_active":false,"_monsterinsights_sitenote_note":"","_monsterinsights_sitenote_category":0},"categories":[74],"tags":[36306,649,33474],"aioseo_notices":[],"_links":{"self":[{"href":"https:\/\/mspontocom.com.br\/site\/wp-json\/wp\/v2\/posts\/198232"}],"collection":[{"href":"https:\/\/mspontocom.com.br\/site\/wp-json\/wp\/v2\/posts"}],"about":[{"href":"https:\/\/mspontocom.com.br\/site\/wp-json\/wp\/v2\/types\/post"}],"author":[{"embeddable":true,"href":"https:\/\/mspontocom.com.br\/site\/wp-json\/wp\/v2\/users\/2"}],"replies":[{"embeddable":true,"href":"https:\/\/mspontocom.com.br\/site\/wp-json\/wp\/v2\/comments?post=198232"}],"version-history":[{"count":2,"href":"https:\/\/mspontocom.com.br\/site\/wp-json\/wp\/v2\/posts\/198232\/revisions"}],"predecessor-version":[{"id":198244,"href":"https:\/\/mspontocom.com.br\/site\/wp-json\/wp\/v2\/posts\/198232\/revisions\/198244"}],"wp:featuredmedia":[{"embeddable":true,"href":"https:\/\/mspontocom.com.br\/site\/wp-json\/wp\/v2\/media\/198243"}],"wp:attachment":[{"href":"https:\/\/mspontocom.com.br\/site\/wp-json\/wp\/v2\/media?parent=198232"}],"wp:term":[{"taxonomy":"category","embeddable":true,"href":"https:\/\/mspontocom.com.br\/site\/wp-json\/wp\/v2\/categories?post=198232"},{"taxonomy":"post_tag","embeddable":true,"href":"https:\/\/mspontocom.com.br\/site\/wp-json\/wp\/v2\/tags?post=198232"}],"curies":[{"name":"wp","href":"https:\/\/api.w.org\/{rel}","templated":true}]}}