{"id":198293,"date":"2025-03-12T05:20:30","date_gmt":"2025-03-12T09:20:30","guid":{"rendered":"https:\/\/mspontocom.com.br\/site\/?p=198293"},"modified":"2025-03-12T08:24:04","modified_gmt":"2025-03-12T12:24:04","slug":"governo-de-ms-recebe-representantes-do-japao-para-fortalecer-relacoes-economicas","status":"publish","type":"post","link":"https:\/\/mspontocom.com.br\/site\/governo-de-ms-recebe-representantes-do-japao-para-fortalecer-relacoes-economicas\/","title":{"rendered":"Governo de MS recebe representantes do Jap\u00e3o para fortalecer rela\u00e7\u00f5es econ\u00f4micas"},"content":{"rendered":"<p style=\"text-align: justify;\"><img loading=\"lazy\" class=\"alignnone size-full wp-image-198307\" src=\"https:\/\/mspontocom.com.br\/site\/wp-content\/uploads\/2025\/03\/site-governo-de-ms-recebe-representantes-do-japao-para-fortalecer-relacoes-economicas-japao.jpg\" alt=\"\" width=\"730\" height=\"480\" srcset=\"https:\/\/mspontocom.com.br\/site\/wp-content\/uploads\/2025\/03\/site-governo-de-ms-recebe-representantes-do-japao-para-fortalecer-relacoes-economicas-japao.jpg 730w, https:\/\/mspontocom.com.br\/site\/wp-content\/uploads\/2025\/03\/site-governo-de-ms-recebe-representantes-do-japao-para-fortalecer-relacoes-economicas-japao-260x171.jpg 260w\" sizes=\"(max-width: 730px) 100vw, 730px\" \/>Para aproximar as rela\u00e7\u00f5es comerciais e estreitar la\u00e7os culturais, entre o Mato Grosso do Sul e o Jap\u00e3o, o Governo do Estado recebeu representantes do Consulado Geral do Jap\u00e3o em S\u00e3o Paulo e da col\u00f4nia japonesa estadual.<\/p>\n<p style=\"text-align: justify;\">O governador Eduardo Riedel recebeu o c\u00f4nsul-geral do Jap\u00e3o em S\u00e3o Paulo, Toru Shimizu, que apresentou as potencialidades de investimentos e poss\u00edveis parcerias entre ambos.<\/p>\n<blockquote><p><em>\u201cConversamos sobre os diversos temas de interesse comum, do estado de Mato Grosso do Sul e do Jap\u00e3o. E s\u00e3o v\u00e1rios os temas na \u00e1rea comercial, coopera\u00e7\u00e3o cient\u00edfica, educa\u00e7\u00e3o. N\u00f3s estamos prestes a inaugurar uma Rota Bioce\u00e2nica, que vai otimizar o com\u00e9rcio entre a \u00c1sia e o Mato Grosso do Sul e toda essa regi\u00e3o centro-oeste brasileira. E a gente j\u00e1 come\u00e7a as tratativas de discuss\u00e3o dos potenciais existentes entre a cultura e a economia japonesa\u201d, afirmou Riedel.<\/em><\/p><\/blockquote>\n<p style=\"text-align: justify;\">Entre os assuntos abordados na visita, estavam as rela\u00e7\u00f5es bilaterais, assim como o reconhecimento da import\u00e2ncia da col\u00f4nia japonesa, a terceira maior do Brasil \u2013 depois de S\u00e3o Paulo e Paran\u00e1, na hist\u00f3ria do Estado.<\/p>\n<p style=\"text-align: justify;\">\u201cO Jap\u00e3o tem uma economia muito forte, com grandes empresas, mas tamb\u00e9m temos pequenas e m\u00e9dias empresas que exercem papel fundamental\u201d, explicou Shimizu.<\/p>\n<p style=\"text-align: justify;\">Tamb\u00e9m participaram do encontro o c\u00f4nsul para assuntos consulares, Taku Ichiyama, al\u00e9m do deputado estadual Roberto Hashioka, e os representantes da Associa\u00e7\u00e3o Esportiva e Cultural Nipo Brasileira e Associa\u00e7\u00e3o Okinawa de Campo Grande.<\/p>\n<p style=\"text-align: justify;\">\n<p style=\"text-align: justify;\" align=\"justify\"><span style=\"font-family: Times New Roman, serif;\"><span style=\"font-size: medium;\"><span style=\"color: #ff0000;\">Continue em nossa companhia . Veja mais not\u00edcias em:<\/span> <span style=\"color: #0000ff;\"><u><a href=\"http:\/\/www.mspontocom.com.br\/\">www.mspontocom.com.br<\/a><\/u><\/span><\/span><\/span><\/p>\n<p style=\"text-align: justify;\" align=\"justify\"><span style=\"font-family: Times New Roman, serif;\"><span style=\"font-size: medium;\">Instagram e X:\u00a0 @mspontocom<\/span><\/span><\/p>\n<p style=\"text-align: justify;\"><em>fonte: Natalia Yahn, Comunica\u00e7\u00e3o\u00a0<\/em><br \/>\n<em>Foto: \u00c1lvaro Rezende<\/em><\/p>\n","protected":false},"excerpt":{"rendered":"<p>Para aproximar as rela\u00e7\u00f5es comerciais e estreitar la\u00e7os culturais, entre o Mato Grosso do Sul e o Jap\u00e3o, o Governo do Estado recebeu representantes do Consulado Geral do Jap\u00e3o em S\u00e3o Paulo e da col\u00f4nia japonesa estadual. O governador Eduardo Riedel recebeu o c\u00f4nsul-geral do Jap\u00e3o em S\u00e3o Paulo, Toru Shimizu, que apresentou as potencialidades [&hellip;]<\/p>\n","protected":false},"author":2,"featured_media":198307,"comment_status":"open","ping_status":"open","sticky":false,"template":"","format":"standard","meta":{"_monsterinsights_skip_tracking":false,"_monsterinsights_sitenote_active":false,"_monsterinsights_sitenote_note":"","_monsterinsights_sitenote_category":0},"categories":[74],"tags":[649,1393],"aioseo_notices":[],"_links":{"self":[{"href":"https:\/\/mspontocom.com.br\/site\/wp-json\/wp\/v2\/posts\/198293"}],"collection":[{"href":"https:\/\/mspontocom.com.br\/site\/wp-json\/wp\/v2\/posts"}],"about":[{"href":"https:\/\/mspontocom.com.br\/site\/wp-json\/wp\/v2\/types\/post"}],"author":[{"embeddable":true,"href":"https:\/\/mspontocom.com.br\/site\/wp-json\/wp\/v2\/users\/2"}],"replies":[{"embeddable":true,"href":"https:\/\/mspontocom.com.br\/site\/wp-json\/wp\/v2\/comments?post=198293"}],"version-history":[{"count":2,"href":"https:\/\/mspontocom.com.br\/site\/wp-json\/wp\/v2\/posts\/198293\/revisions"}],"predecessor-version":[{"id":198308,"href":"https:\/\/mspontocom.com.br\/site\/wp-json\/wp\/v2\/posts\/198293\/revisions\/198308"}],"wp:featuredmedia":[{"embeddable":true,"href":"https:\/\/mspontocom.com.br\/site\/wp-json\/wp\/v2\/media\/198307"}],"wp:attachment":[{"href":"https:\/\/mspontocom.com.br\/site\/wp-json\/wp\/v2\/media?parent=198293"}],"wp:term":[{"taxonomy":"category","embeddable":true,"href":"https:\/\/mspontocom.com.br\/site\/wp-json\/wp\/v2\/categories?post=198293"},{"taxonomy":"post_tag","embeddable":true,"href":"https:\/\/mspontocom.com.br\/site\/wp-json\/wp\/v2\/tags?post=198293"}],"curies":[{"name":"wp","href":"https:\/\/api.w.org\/{rel}","templated":true}]}}