{"id":198358,"date":"2025-03-14T05:00:41","date_gmt":"2025-03-14T09:00:41","guid":{"rendered":"https:\/\/mspontocom.com.br\/site\/?p=198358"},"modified":"2025-03-14T08:33:51","modified_gmt":"2025-03-14T12:33:51","slug":"ana-hickmann-vem-a-campo-grande-para-o-delas-day","status":"publish","type":"post","link":"https:\/\/mspontocom.com.br\/site\/ana-hickmann-vem-a-campo-grande-para-o-delas-day\/","title":{"rendered":"Ana Hickmann vem a Campo Grande para o Delas Day"},"content":{"rendered":"<p style=\"text-align: justify;\"><strong><img loading=\"lazy\" class=\"alignnone size-full wp-image-198368\" src=\"https:\/\/mspontocom.com.br\/site\/wp-content\/uploads\/2025\/03\/site-ana-hickmann-vem-a-campo-grande-para-o-delas-day-ana1.png\" alt=\"\" width=\"673\" height=\"505\" srcset=\"https:\/\/mspontocom.com.br\/site\/wp-content\/uploads\/2025\/03\/site-ana-hickmann-vem-a-campo-grande-para-o-delas-day-ana1.png 673w, https:\/\/mspontocom.com.br\/site\/wp-content\/uploads\/2025\/03\/site-ana-hickmann-vem-a-campo-grande-para-o-delas-day-ana1-260x195.png 260w\" sizes=\"(max-width: 673px) 100vw, 673px\" \/>Ana Hickmann<\/strong> est\u00e1 de malas prontas para Campo Grande, onde ser\u00e1 uma das grandes atra\u00e7\u00f5es do Delas Day, no Bosque Expo.<\/p>\n<p style=\"text-align: justify;\">Com uma trajet\u00f3ria marcada por supera\u00e7\u00e3o e reinven\u00e7\u00e3o, a apresentadora e empres\u00e1ria vai compartilhar sua hist\u00f3ria na palestra \u201cJuntas Somos Mais Fortes\u201d, <strong>no dia 27 de mar\u00e7o, \u00e0s 19h30, com entrada gratuita.<\/strong><\/p>\n<p style=\"text-align: justify;\">Hoje, ela dedica parte do seu tempo a falar sobre viol\u00eancia dom\u00e9stica, refor\u00e7ando a import\u00e2ncia de denunciar abusos e seguir em frente com dignidade e for\u00e7a.<\/p>\n<p style=\"text-align: justify;\">No Delas Day, Ana promete emocionar e inspirar o p\u00fablico com sua hist\u00f3ria de supera\u00e7\u00e3o, mostrando que \u00e9 poss\u00edvel recome\u00e7ar e construir uma vida plena.<\/p>\n<p style=\"text-align: justify;\"><strong>Sobre o Delas Day<\/strong><\/p>\n<p style=\"text-align: justify;\">A programa\u00e7\u00e3o inclui palestras, pain\u00e9is e workshops que abordam temas como lideran\u00e7a, diversidade, gest\u00e3o empresarial e oportunidades de expans\u00e3o e internacionaliza\u00e7\u00e3o, al\u00e9m de rodadas de neg\u00f3cios, atra\u00e7\u00f5es culturais e muito mais.<\/p>\n<p style=\"text-align: justify;\"><strong>Garanta sua vaga!<\/strong><\/p>\n<p style=\"text-align: justify;\">As inscri\u00e7\u00f5es s\u00e3o feitas em:\u00a0<a href=\"https:\/\/click.divulga.sebrae.ms\/?qs=fbb6addc5d03a37fe77792b665b4a56af81422e792b6ec0515f3b430357780972f6756eed7e1c5cab86233c4c46c2b63ad8b4ae97a04686d\" target=\"_blank\" rel=\"noopener\" data-saferedirecturl=\"https:\/\/www.google.com\/url?q=https:\/\/click.divulga.sebrae.ms\/?qs%3Dfbb6addc5d03a37fe77792b665b4a56af81422e792b6ec0515f3b430357780972f6756eed7e1c5cab86233c4c46c2b63ad8b4ae97a04686d&amp;source=gmail&amp;ust=1742038936896000&amp;usg=AOvVaw1F5EH7KNIWeOVG0vRiDZSw\">delasday.com.br<\/a>.<\/p>\n<p style=\"text-align: justify;\" align=\"justify\"><span style=\"font-family: Times New Roman, serif;\"><span style=\"font-size: medium;\"><span style=\"color: #ff0000;\">Continue em nossa companhia . Veja mais not\u00edcias em:<\/span> <span style=\"color: #0000ff;\"><u><a href=\"http:\/\/www.mspontocom.com.br\/\">www.mspontocom.com.br<\/a><\/u><\/span><\/span><\/span><\/p>\n<p style=\"text-align: justify;\" align=\"justify\"><span style=\"font-family: Times New Roman, serif;\"><span style=\"font-size: medium;\">Instagram e X:\u00a0 @mspontocom<\/span><\/span><\/p>\n","protected":false},"excerpt":{"rendered":"<p>Ana Hickmann est\u00e1 de malas prontas para Campo Grande, onde ser\u00e1 uma das grandes atra\u00e7\u00f5es do Delas Day, no Bosque Expo. Com uma trajet\u00f3ria marcada por supera\u00e7\u00e3o e reinven\u00e7\u00e3o, a apresentadora e empres\u00e1ria vai compartilhar sua hist\u00f3ria na palestra \u201cJuntas Somos Mais Fortes\u201d, no dia 27 de mar\u00e7o, \u00e0s 19h30, com entrada gratuita. Hoje, ela [&hellip;]<\/p>\n","protected":false},"author":2,"featured_media":198368,"comment_status":"open","ping_status":"open","sticky":false,"template":"","format":"standard","meta":{"_monsterinsights_skip_tracking":false,"_monsterinsights_sitenote_active":false,"_monsterinsights_sitenote_note":"","_monsterinsights_sitenote_category":0},"categories":[4328],"tags":[5438,123,42735],"aioseo_notices":[],"_links":{"self":[{"href":"https:\/\/mspontocom.com.br\/site\/wp-json\/wp\/v2\/posts\/198358"}],"collection":[{"href":"https:\/\/mspontocom.com.br\/site\/wp-json\/wp\/v2\/posts"}],"about":[{"href":"https:\/\/mspontocom.com.br\/site\/wp-json\/wp\/v2\/types\/post"}],"author":[{"embeddable":true,"href":"https:\/\/mspontocom.com.br\/site\/wp-json\/wp\/v2\/users\/2"}],"replies":[{"embeddable":true,"href":"https:\/\/mspontocom.com.br\/site\/wp-json\/wp\/v2\/comments?post=198358"}],"version-history":[{"count":2,"href":"https:\/\/mspontocom.com.br\/site\/wp-json\/wp\/v2\/posts\/198358\/revisions"}],"predecessor-version":[{"id":198369,"href":"https:\/\/mspontocom.com.br\/site\/wp-json\/wp\/v2\/posts\/198358\/revisions\/198369"}],"wp:featuredmedia":[{"embeddable":true,"href":"https:\/\/mspontocom.com.br\/site\/wp-json\/wp\/v2\/media\/198368"}],"wp:attachment":[{"href":"https:\/\/mspontocom.com.br\/site\/wp-json\/wp\/v2\/media?parent=198358"}],"wp:term":[{"taxonomy":"category","embeddable":true,"href":"https:\/\/mspontocom.com.br\/site\/wp-json\/wp\/v2\/categories?post=198358"},{"taxonomy":"post_tag","embeddable":true,"href":"https:\/\/mspontocom.com.br\/site\/wp-json\/wp\/v2\/tags?post=198358"}],"curies":[{"name":"wp","href":"https:\/\/api.w.org\/{rel}","templated":true}]}}